{"id":568135,"date":"2025-11-30T05:10:18","date_gmt":"2025-11-30T05:10:18","guid":{"rendered":"https:\/\/www.europesays.com\/fr\/568135\/"},"modified":"2025-11-30T05:10:18","modified_gmt":"2025-11-30T05:10:18","slug":"vienne-oubliee-a-linfirmerie-une-collegienne-de-11-ans-se-reveille-seule-et-enfermee-dans-letablissement-plonge-dans-le-noir","status":"publish","type":"post","link":"https:\/\/www.europesays.com\/fr\/568135\/","title":{"rendered":"Vienne\u00a0: oubli\u00e9e \u00e0 l\u2019infirmerie, une coll\u00e9gienne de 11\u00a0ans se r\u00e9veille seule et enferm\u00e9e dans l\u2019\u00e9tablissement plong\u00e9 dans le noir"},"content":{"rendered":"<p class=\"paragraph text_align_left lp-f-body-02\">V\u00e9ritable cauchemar pour une jeune coll\u00e9gienne de 11 ans. Ce vendredi soir \u00e0 19 heures, cette jeune \u00e9l\u00e8ve scolaris\u00e9e \u00e0 Saint-Jean-de-Sauves, dans la <a href=\"https:\/\/www.leparisien.fr\/vienne-86\/\" target=\"_self\" rel=\"noopener\">Vienne<\/a>, s\u2019est r\u00e9veill\u00e9e dans un lit de l\u2019infirmerie de son coll\u00e8ge, alors que l\u2019\u00e9tablissement avait ferm\u00e9 pour le week-end, relatent nos confr\u00e8res de <a href=\"https:\/\/www.lanouvellerepublique.fr\/loudun\/pres-de-loudun-une-collegienne-de-11-ans-oubliee-et-coincee-au-college-jusqu-a-19-heures-vendredi-soir-1764429968\" target=\"_self\" rel=\"noopener\">La Nouvelle R\u00e9publique<\/a>.<\/p>\n<p class=\"paragraph text_align_left lp-f-body-02\">Plus t\u00f4t dans la journ\u00e9e, vers 11 heures, l\u2019adolescente s\u2019\u00e9tait plainte de maux de t\u00eate et de c\u0153ur. Elle est alors envoy\u00e9e \u00e0 l\u2019infirmerie par la <a href=\"https:\/\/www.leparisien.fr\/val-de-marne-94\/choisy-le-roi-avec-son-academie-ce-cpe-fait-grandir-vos-ados-07-10-2025-5GT4NXW4XFCAXH72HBTV3ATT2E.php\" target=\"_self\" rel=\"noopener\">conseill\u00e8re principale d\u2019\u00e9ducation<\/a> (CPE). Sauf que ce jour-l\u00e0, l\u2019infirmi\u00e8re n\u2019est pas en poste. La jeune fille part d\u00e9jeuner \u00e0 midi mais, encore souffrante, elle retourne \u00e0 l\u2019infirmerie l\u2019apr\u00e8s-midi et s\u2019endort.<\/p>\n<p>Panique totale<\/p>\n<p class=\"paragraph text_align_left lp-f-body-02\">Elle se r\u00e9veille brutalement \u00e0 19 heures. L\u2019\u00e9tablissement, qui a ferm\u00e9 ses portes, est d\u00e9sert et plong\u00e9 dans le noir. Prise de panique, elle se rend jusqu\u2019aux casiers en suivant les veilleuses du couloir, pour y r\u00e9cup\u00e9rer son t\u00e9l\u00e9phone. En pleurs, elle appelle sa m\u00e8re, qui ne s\u2019\u00e9tait pas inqui\u00e9t\u00e9e plus que \u00e7a car sa fille \u00e9tait cens\u00e9e aller chez une amie apr\u00e8s les cours.<\/p>\n<p class=\"paragraph text_align_left lp-f-body-02\">Imm\u00e9diatement, sa m\u00e8re se rend au coll\u00e8ge et appelle la gendarmerie. Ces derniers parviennent \u00e0 joindre le principal mais ce sera finalement le gestionnaire de l\u2019\u00e9tablissement, vivant \u00e0 proximit\u00e9, qui d\u00e9livrera l\u2019adolescente. \u00ab Je ne comprends m\u00eame pas que personne ne m\u2019ait pr\u00e9venue que ma fille \u00e9tait malade \u00bb, s\u2019offusque la maman aupr\u00e8s de nos confr\u00e8res.<\/p>\n<p class=\"lp-card-podcast-highlighting__title  lp-f-subtitle-05\">[1\/2] Mamadou Traor\u00e9, l\u2019enfant du diable<\/p>\n<p><a class=\"lp-card-podcast-highlighting__call-to-action\" data-page-type=\"HP\" data-block-name=\"podcast-highlight\">\u00c9couter<\/a><\/p>\n<p class=\"paragraph text_align_left lp-f-body-02\">Le chef d\u2019\u00e9tablissement, confus, a contact\u00e9 la famille pour s\u2019enqu\u00e9rir de l\u2019\u00e9tat de la jeune fille et proposer aux parents un rendez-vous le lundi matin.<\/p>\n","protected":false},"excerpt":{"rendered":"V\u00e9ritable cauchemar pour une jeune coll\u00e9gienne de 11 ans. Ce vendredi soir \u00e0 19 heures, cette jeune \u00e9l\u00e8ve&hellip;\n","protected":false},"author":2,"featured_media":568136,"comment_status":"","ping_status":"","sticky":false,"template":"","format":"standard","meta":{"footnotes":""},"categories":[1888],"tags":[1111,1928,11,1927,459,1777,674,118,1011,27,12,1926,626,1925,25],"class_list":{"0":"post-568135","1":"post","2":"type-post","3":"status-publish","4":"format-standard","5":"has-post-thumbnail","7":"category-paris","8":"tag-actu","9":"tag-actu-paris","10":"tag-actualites","11":"tag-actualites-paris","12":"tag-departements-horsidfo","13":"tag-eu","14":"tag-europe","15":"tag-faits-divers","16":"tag-fr","17":"tag-france","18":"tag-news","19":"tag-news-paris","20":"tag-paris","21":"tag-paris-news","22":"tag-republique-francaise"},"share_on_mastodon":{"url":"https:\/\/pubeurope.com\/@fr\/115636930180666557","error":""},"_links":{"self":[{"href":"https:\/\/www.europesays.com\/fr\/wp-json\/wp\/v2\/posts\/568135","targetHints":{"allow":["GET"]}}],"collection":[{"href":"https:\/\/www.europesays.com\/fr\/wp-json\/wp\/v2\/posts"}],"about":[{"href":"https:\/\/www.europesays.com\/fr\/wp-json\/wp\/v2\/types\/post"}],"author":[{"embeddable":true,"href":"https:\/\/www.europesays.com\/fr\/wp-json\/wp\/v2\/users\/2"}],"replies":[{"embeddable":true,"href":"https:\/\/www.europesays.com\/fr\/wp-json\/wp\/v2\/comments?post=568135"}],"version-history":[{"count":0,"href":"https:\/\/www.europesays.com\/fr\/wp-json\/wp\/v2\/posts\/568135\/revisions"}],"wp:featuredmedia":[{"embeddable":true,"href":"https:\/\/www.europesays.com\/fr\/wp-json\/wp\/v2\/media\/568136"}],"wp:attachment":[{"href":"https:\/\/www.europesays.com\/fr\/wp-json\/wp\/v2\/media?parent=568135"}],"wp:term":[{"taxonomy":"category","embeddable":true,"href":"https:\/\/www.europesays.com\/fr\/wp-json\/wp\/v2\/categories?post=568135"},{"taxonomy":"post_tag","embeddable":true,"href":"https:\/\/www.europesays.com\/fr\/wp-json\/wp\/v2\/tags?post=568135"}],"curies":[{"name":"wp","href":"https:\/\/api.w.org\/{rel}","templated":true}]}}