{"id":568137,"date":"2025-11-30T05:11:23","date_gmt":"2025-11-30T05:11:23","guid":{"rendered":"https:\/\/www.europesays.com\/fr\/568137\/"},"modified":"2025-11-30T05:11:23","modified_gmt":"2025-11-30T05:11:23","slug":"des-policiers-posent-derriere-une-banderole-feministe-retournee-a-paris-une-enquete-administrative-ouverte-2","status":"publish","type":"post","link":"https:\/\/www.europesays.com\/fr\/568137\/","title":{"rendered":"Des policiers posent derri\u00e8re une banderole f\u00e9ministe retourn\u00e9e \u00e0 Paris, une enqu\u00eate administrative ouverte"},"content":{"rendered":"<p class=\"mb-4 text-lg md:leading-8 break-words\">Une enqu\u00eate administrative a \u00e9t\u00e9 ouverte apr\u00e8s la publication par <a href=\"https:\/\/www.blast-info.fr\/articles\/2025\/policiers-posant-comme-des-hooligans-aucune-tolerance-nest-possible-sV52conJSJ2OCBZAxVgOSQ\" rel=\"nofollow noopener\" target=\"_blank\" data-ylk=\"slk:le m\u00e9dia en ligne Blast;elm:context_link;itc:0;sec:content-canvas\" class=\"link \">le m\u00e9dia en ligne Blast<\/a> d&rsquo;une photographie montrant des policiers cagoul\u00e9s posant derri\u00e8re une banderole f\u00e9ministe et antifasciste, tenue \u00e0 l&rsquo;envers, a indiqu\u00e9 ce samedi 29 novembre la pr\u00e9fecture de police de Paris.<\/p>\n<p class=\"mb-4 text-lg md:leading-8 break-words\">Selon Blast, \u00ab\u00a0s&rsquo;afficher encagoul\u00e9s avec le mat\u00e9riel ennemi retourn\u00e9\u00a0\u00bb est \u00ab\u00a0une pratique tr\u00e8s connue des milieux hooligans\u00a0\u00bb.<\/p>\n<p class=\"mb-4 text-lg md:leading-8 break-words\">\u00ab\u00a0En reprenant ouvertement les codes hooligans, ces policiers affichent clairement &#8211; et fi\u00e8rement, en uniforme &#8211; leur posture d&rsquo;ennemis des mouvements f\u00e9ministes et antiracistes\u00a0\u00bb, poursuit Blast, selon qui le clich\u00e9 a \u00e9t\u00e9 pris dans un commissariat.<\/p>\n<p class=\"mb-4 text-lg md:leading-8 break-words\">La banderole noire sur laquelle il est \u00e9crit en rouge et blanc \u00ab\u00a0Antifa F\u00e9ministes contre la transphobie &amp; le racisme\u00a0\u00bb a \u00e9t\u00e9 r\u00e9cup\u00e9r\u00e9e par des policiers lors de <a href=\"https:\/\/www.bfmtv.com\/societe\/manifestations\/video-violences-sexistes-et-sexuelles-des-manifestations-organisees-partout-en-france-ce-samedi_VN-202511220266.html\" rel=\"nofollow noopener\" target=\"_blank\" data-ylk=\"slk:la manifestation contre les violences sexuelles et sexistes le 22 novembre \u00e0 Paris,;elm:context_link;itc:0;sec:content-canvas\" class=\"link \">la manifestation contre les violences sexuelles et sexistes le 22 novembre \u00e0 Paris,<\/a> ajoute le m\u00e9dia.<\/p>\n<p>Des policiers qui \u00ab\u00a0d\u00e9shonorent leur uniforme\u00a0\u00bb<\/p>\n<p class=\"mb-4 text-lg md:leading-8 break-words\">\u00ab\u00a0Alert\u00e9s (vendredi) de la publication d&rsquo;une photo repr\u00e9sentant une de ses unit\u00e9s tenant une banderole \u00e0 l&rsquo;envers, les services de la pr\u00e9fecture de police ont imm\u00e9diatement ouvert une enqu\u00eate administrative\u00a0\u00bb, a r\u00e9agi aupr\u00e8s de l&rsquo;AFP la pr\u00e9fecture de police.<\/p>\n<p class=\"mb-4 text-lg md:leading-8 break-words\">\u00ab\u00a0Qu&rsquo;il y ait des gens qui d\u00e9shonorent leur uniforme comme ceux-l\u00e0, c&rsquo;est une chose. Que la hi\u00e9rarchie reste muette et qu&rsquo;il n&rsquo;y ait plus un policier qui ose dire son d\u00e9saccord nous en dit long sur le danger que courent les femmes face \u00e0 de tels individus\u00a0\u00bb, a d\u00e9nonc\u00e9 sur X le leader de la France insoumise, Jean-Luc M\u00e9lenchon.<\/p>\n<p class=\"mb-4 text-lg md:leading-8 break-words\">\u00ab\u00a0Non contents de se comporter comme de vulgaires hooligans, ces policiers adoptent les codes de miliciens. C&rsquo;est une prise de position, une volont\u00e9 d&rsquo;intimidation, une provocation\u00a0\u00bb, s&rsquo;est insurg\u00e9 dans un communiqu\u00e9 le d\u00e9put\u00e9 \u00e9cologiste de Paris Pouria Amirshahi.<\/p>\n<p class=\"mb-4 text-lg md:leading-8 break-words\">Il \u00ab\u00a0demande au ministre de l&rsquo;Int\u00e9rieur de rappeler que la police r\u00e9publicaine est garante des libert\u00e9s publiques, pas des id\u00e9ologies ni de l&rsquo;esth\u00e9tique de nervis violents et ennemis des id\u00e9es humanistes\u00a0\u00bb.<\/p>\n<p class=\"mb-4 text-lg md:leading-8 break-words\"><a href=\"https:\/\/www.bfmtv.com\/police-justice\/des-policiers-posent-derriere-une-banderole-feministe-retournee-a-paris-une-enquete-administrative-ouverte_AD-202511290399.html#xtor=AL-68\" rel=\"nofollow noopener\" target=\"_blank\" data-ylk=\"slk:Article original publi\u00e9 sur BFMTV.com;elm:context_link;itc:0;sec:content-canvas\" class=\"link \">Article original publi\u00e9 sur BFMTV.com<\/a><\/p>\n","protected":false},"excerpt":{"rendered":"Une enqu\u00eate administrative a \u00e9t\u00e9 ouverte apr\u00e8s la publication par le m\u00e9dia en ligne Blast d&rsquo;une photographie montrant&hellip;\n","protected":false},"author":2,"featured_media":421208,"comment_status":"","ping_status":"","sticky":false,"template":"","format":"standard","meta":{"footnotes":""},"categories":[1888],"tags":[1111,1928,11,1927,28926,24185,1777,674,1011,27,39901,12,1926,626,1925,6890,4524,25],"class_list":{"0":"post-568137","1":"post","2":"type-post","3":"status-publish","4":"format-standard","5":"has-post-thumbnail","7":"category-paris","8":"tag-actu","9":"tag-actu-paris","10":"tag-actualites","11":"tag-actualites-paris","12":"tag-banderole","13":"tag-enquete-administrative","14":"tag-eu","15":"tag-europe","16":"tag-fr","17":"tag-france","18":"tag-ministre-de-linterieur-2","19":"tag-news","20":"tag-news-paris","21":"tag-paris","22":"tag-paris-news","23":"tag-policiers","24":"tag-prefecture-de-police","25":"tag-republique-francaise"},"share_on_mastodon":{"url":"https:\/\/pubeurope.com\/@fr\/115636933970261751","error":""},"_links":{"self":[{"href":"https:\/\/www.europesays.com\/fr\/wp-json\/wp\/v2\/posts\/568137","targetHints":{"allow":["GET"]}}],"collection":[{"href":"https:\/\/www.europesays.com\/fr\/wp-json\/wp\/v2\/posts"}],"about":[{"href":"https:\/\/www.europesays.com\/fr\/wp-json\/wp\/v2\/types\/post"}],"author":[{"embeddable":true,"href":"https:\/\/www.europesays.com\/fr\/wp-json\/wp\/v2\/users\/2"}],"replies":[{"embeddable":true,"href":"https:\/\/www.europesays.com\/fr\/wp-json\/wp\/v2\/comments?post=568137"}],"version-history":[{"count":0,"href":"https:\/\/www.europesays.com\/fr\/wp-json\/wp\/v2\/posts\/568137\/revisions"}],"wp:featuredmedia":[{"embeddable":true,"href":"https:\/\/www.europesays.com\/fr\/wp-json\/wp\/v2\/media\/421208"}],"wp:attachment":[{"href":"https:\/\/www.europesays.com\/fr\/wp-json\/wp\/v2\/media?parent=568137"}],"wp:term":[{"taxonomy":"category","embeddable":true,"href":"https:\/\/www.europesays.com\/fr\/wp-json\/wp\/v2\/categories?post=568137"},{"taxonomy":"post_tag","embeddable":true,"href":"https:\/\/www.europesays.com\/fr\/wp-json\/wp\/v2\/tags?post=568137"}],"curies":[{"name":"wp","href":"https:\/\/api.w.org\/{rel}","templated":true}]}}