{"id":568138,"date":"2025-11-30T05:12:16","date_gmt":"2025-11-30T05:12:16","guid":{"rendered":"https:\/\/www.europesays.com\/fr\/568138\/"},"modified":"2025-11-30T05:12:16","modified_gmt":"2025-11-30T05:12:16","slug":"derriere-cet-immeuble-en-plein-coeur-de-paris-se-cache-un-petit-paradis-vert-a-labri-de-lagitation","status":"publish","type":"post","link":"https:\/\/www.europesays.com\/fr\/568138\/","title":{"rendered":"Derri\u00e8re cet immeuble en plein coeur de Paris se cache un petit paradis vert \u00e0 l&rsquo;abri de l&rsquo;agitation"},"content":{"rendered":"<p>                    Par<br \/>\n        <strong><br \/>\n            <a href=\"https:\/\/actu.fr\/auteur\/thomas-martin\" title=\"Consulter tous les articles de Thomas Martin\" target=\"_blank\" rel=\"noopener\">Thomas Martin<\/a><br \/>\n                    <\/strong><\/p>\n<p>        Publi\u00e9 le<\/p>\n<p>            29 nov. 2025 \u00e0 18h06        <\/p>\n<p>C\u2019est un de ces lieux dont Paris a le secret. Au 159, rue de Charonne, dans le 11\u1d49 arrondissement, se cache un lieu \u00e0 la fois discret et accueillant : <strong>le square Colbert<\/strong>. Ce jardin public s\u2019\u00e9tend sur environ 6 337 m\u00b2. Un petit paradis vert \u00e0 l\u2019abri de l\u2019agitation et du bruit de la capitale que peu connaissent \u00e0 d\u00e9couvrir lors d\u2019une <a href=\"https:\/\/actu.fr\/tag\/balade\" target=\"_blank\" rel=\"noopener\">balade<\/a>.\u00a0<\/p>\n<p>De larges pelouses propices aux pique-niques<\/p>\n<p class=\" wall-content\">Si ce square est singulier, c\u2019est d\u2019abord par son acc\u00e8s. Avant d\u2019y p\u00e9n\u00e9trer, il faut en effet franchir la grille donnant sur la rue de Charonne puis traverser un hall d\u2019immeuble. Une particularit\u00e9 qui rend ce lieu invisible aux yeux de beaucoup de passants. Mais c\u2019est aussi ce qui en fait son attrait. Gr\u00e2ce \u00e0 cette configuration \u2014 compl\u00e8tement entour\u00e9e d\u2019immeubles \u2014, le Square Colbert offre un silence inhabituel et un calme rare en plein Paris.\u00a0<\/p>\n<p class=\" wall-content\">Le terrain occup\u00e9 aujourd\u2019hui par le square est l\u2019ancien domaine de la Pension Belhomme, une maison de sant\u00e9 fond\u00e9e au XVIII\u1d49 si\u00e8cle pour accueillir des personnes souffrant de troubles mentaux.<\/p>\n<p class=\" wall-content\">Pendant la R\u00e9volution, cette pension prit un r\u00f4le particulier : elle servit de refuge pour des aristocrates ou des bourgeois fortun\u00e9s intern\u00e9s comme \u00ab ali\u00e9n\u00e9s \u00bb, afin d\u2019\u00e9chapper \u2014 pour quelque temps \u2014 \u00e0 la guillotine.\u00a0 Apr\u00e8s la Seconde Guerre mondiale, le domaine a \u00e9t\u00e9 d\u00e9mantel\u00e9, puis transform\u00e9 en jardin public en 1975.<\/p>\n<p class=\" wall-content\">Subsiste aujourd\u2019hui dans le square un \u00e9l\u00e9gant pavillon n\u00e9oclassique \u2014 vestige de la Pension Belhomme \u2014 qui rappelle le pass\u00e9 des lieux, tout en abritant aujourd\u2019hui un centre communal d\u2019action sociale.<\/p>\n<p class=\" wall-content\">Les chanceux qui s\u2019y rendent peuvent aux beaux jours profiter des larges pelouses propices aux pique-nique, d\u2019all\u00e9es ombrag\u00e9es et d\u2019un paysage v\u00e9g\u00e9tal soign\u00e9, peupl\u00e9 d\u2019arbres vari\u00e9s \u2014 \u00e9rables, marronniers d\u2019Inde, savonniers de Chine, m\u00fbriers, arbres \u00e0 soie\u2026\u00a0<\/p>\n<p class=\" wall-content\">Personnalisez votre actualit\u00e9 en ajoutant vos villes et m\u00e9dias en favori avec <a href=\"https:\/\/moncompte.actu.fr\" title=\"D\u00e9couvez Mon Actu\" rel=\"nofollow noopener\" data-trk=\"{&quot;cta&quot;:{&quot;action&quot;:&quot;https:\\\/\\\/moncompte.actu.fr&quot;,&quot;category&quot;:&quot;mon compte&quot;,&quot;from&quot;:&quot;article footer&quot;,&quot;name&quot;:&quot;Mon actu&quot;,&quot;type&quot;:&quot;cta&quot;}}\" target=\"_blank\">Mon Actu<\/a>.<\/p>\n","protected":false},"excerpt":{"rendered":"Par Thomas Martin Publi\u00e9 le 29 nov. 2025 \u00e0 18h06 C\u2019est un de ces lieux dont Paris a&hellip;\n","protected":false},"author":2,"featured_media":568139,"comment_status":"","ping_status":"","sticky":false,"template":"","format":"standard","meta":{"footnotes":""},"categories":[1888],"tags":[11,7552,1777,674,1011,27,58904,12,626,2551,25],"class_list":{"0":"post-568138","1":"post","2":"type-post","3":"status-publish","4":"format-standard","5":"has-post-thumbnail","7":"category-paris","8":"tag-actualites","9":"tag-balade","10":"tag-eu","11":"tag-europe","12":"tag-fr","13":"tag-france","14":"tag-histoire-patrimoine","15":"tag-news","16":"tag-paris","17":"tag-patrimoine","18":"tag-republique-francaise"},"share_on_mastodon":{"url":"https:\/\/pubeurope.com\/@fr\/115636938229482719","error":""},"_links":{"self":[{"href":"https:\/\/www.europesays.com\/fr\/wp-json\/wp\/v2\/posts\/568138","targetHints":{"allow":["GET"]}}],"collection":[{"href":"https:\/\/www.europesays.com\/fr\/wp-json\/wp\/v2\/posts"}],"about":[{"href":"https:\/\/www.europesays.com\/fr\/wp-json\/wp\/v2\/types\/post"}],"author":[{"embeddable":true,"href":"https:\/\/www.europesays.com\/fr\/wp-json\/wp\/v2\/users\/2"}],"replies":[{"embeddable":true,"href":"https:\/\/www.europesays.com\/fr\/wp-json\/wp\/v2\/comments?post=568138"}],"version-history":[{"count":0,"href":"https:\/\/www.europesays.com\/fr\/wp-json\/wp\/v2\/posts\/568138\/revisions"}],"wp:featuredmedia":[{"embeddable":true,"href":"https:\/\/www.europesays.com\/fr\/wp-json\/wp\/v2\/media\/568139"}],"wp:attachment":[{"href":"https:\/\/www.europesays.com\/fr\/wp-json\/wp\/v2\/media?parent=568138"}],"wp:term":[{"taxonomy":"category","embeddable":true,"href":"https:\/\/www.europesays.com\/fr\/wp-json\/wp\/v2\/categories?post=568138"},{"taxonomy":"post_tag","embeddable":true,"href":"https:\/\/www.europesays.com\/fr\/wp-json\/wp\/v2\/tags?post=568138"}],"curies":[{"name":"wp","href":"https:\/\/api.w.org\/{rel}","templated":true}]}}