{"id":56814,"date":"2025-04-27T12:34:12","date_gmt":"2025-04-27T12:34:12","guid":{"rendered":"https:\/\/www.europesays.com\/fr\/56814\/"},"modified":"2025-04-27T12:34:12","modified_gmt":"2025-04-27T12:34:12","slug":"ulisses-garcia-cela-va-se-jouer-au-mental-sur-lenvie-toutes-les-equipes-veulent-se-qualifier","status":"publish","type":"post","link":"https:\/\/www.europesays.com\/fr\/56814\/","title":{"rendered":"Ulisses Garcia \u00ab\u00a0cela va se jouer au mental, sur l&rsquo;envie. Toutes les \u00e9quipes veulent se qualifier\u00a0\u00bb"},"content":{"rendered":"<p>Alors que l&rsquo;OM accueille le Stade Brestois ce soir \u00e0 20h45 au stade V\u00e9lodrome avec la volont\u00e9 de conforter la deuxi\u00e8me place de Ligue 1, Revivez la conf\u00e9rence de presse d&rsquo;Ulisses Garcia, le d\u00e9fenseur suisse de l&rsquo;Olympique de Marseille.<\/p>\n<p>Le sprint final de la Ligue 1 est bien lanc\u00e9.<\/p>\n<p>En cl\u00f4ture de la 31e journ\u00e9e du championnat, l&rsquo;OM accueille le stade Brestois ce soir \u00e0 20h45 dans un Velodrome encore une fois \u00e0 guichets ferm\u00e9s.<\/p>\n<p>Apr\u00e8s le match nul conc\u00e9d\u00e9 par Monaco au Havre (1-1), les Marseillais ont une belle possibilit\u00e9 de faire une bonne op\u00e9ration dans la course \u00e0 la Ligue des champions et de conforter leur deuxi\u00e8me place.<\/p>\n<p>Pour cela il faudra battre Brest, une \u00e9quipe qui se rendra au Velodrome sans avoir l&rsquo;envie de fermer le jeu.<\/p>\n<p><strong>Retrouvez les mots d&rsquo;Ulisses Garcia, le d\u00e9fenseur international suisse de l&rsquo;Olympique de Marseille. Il \u00e9tait en conf\u00e9rence de presse hier apr\u00e8s-midi \u00e0 la commanderie. <\/strong><\/p>\n<p><strong>(Images et interview. Karim Attab, Maritima M\u00e9dias)<\/strong><\/p>\n","protected":false},"excerpt":{"rendered":"Alors que l&rsquo;OM accueille le Stade Brestois ce soir \u00e0 20h45 au stade V\u00e9lodrome avec la volont\u00e9 de&hellip;\n","protected":false},"author":2,"featured_media":56815,"comment_status":"","ping_status":"","sticky":false,"template":"","format":"standard","meta":{"footnotes":""},"categories":[2814],"tags":[12023,1111,11,1777,674,1011,27,12027,884,12,1176,149,882,25,12026],"class_list":{"0":"post-56814","1":"post","2":"type-post","3":"status-publish","4":"format-standard","5":"has-post-thumbnail","7":"category-marseille","8":"tag-teamom","9":"tag-actu","10":"tag-actualites","11":"tag-eu","12":"tag-europe","13":"tag-fr","14":"tag-france","15":"tag-ligue-1-mc-donalds","16":"tag-marseille","17":"tag-news","18":"tag-olympique-de-marseille","19":"tag-om","20":"tag-provence-alpes-cote-dazur","21":"tag-republique-francaise","22":"tag-ulisses-garcia"},"share_on_mastodon":{"url":"https:\/\/pubeurope.com\/@fr\/114409954761329626","error":""},"_links":{"self":[{"href":"https:\/\/www.europesays.com\/fr\/wp-json\/wp\/v2\/posts\/56814","targetHints":{"allow":["GET"]}}],"collection":[{"href":"https:\/\/www.europesays.com\/fr\/wp-json\/wp\/v2\/posts"}],"about":[{"href":"https:\/\/www.europesays.com\/fr\/wp-json\/wp\/v2\/types\/post"}],"author":[{"embeddable":true,"href":"https:\/\/www.europesays.com\/fr\/wp-json\/wp\/v2\/users\/2"}],"replies":[{"embeddable":true,"href":"https:\/\/www.europesays.com\/fr\/wp-json\/wp\/v2\/comments?post=56814"}],"version-history":[{"count":0,"href":"https:\/\/www.europesays.com\/fr\/wp-json\/wp\/v2\/posts\/56814\/revisions"}],"wp:featuredmedia":[{"embeddable":true,"href":"https:\/\/www.europesays.com\/fr\/wp-json\/wp\/v2\/media\/56815"}],"wp:attachment":[{"href":"https:\/\/www.europesays.com\/fr\/wp-json\/wp\/v2\/media?parent=56814"}],"wp:term":[{"taxonomy":"category","embeddable":true,"href":"https:\/\/www.europesays.com\/fr\/wp-json\/wp\/v2\/categories?post=56814"},{"taxonomy":"post_tag","embeddable":true,"href":"https:\/\/www.europesays.com\/fr\/wp-json\/wp\/v2\/tags?post=56814"}],"curies":[{"name":"wp","href":"https:\/\/api.w.org\/{rel}","templated":true}]}}