{"id":568144,"date":"2025-11-30T05:15:27","date_gmt":"2025-11-30T05:15:27","guid":{"rendered":"https:\/\/www.europesays.com\/fr\/568144\/"},"modified":"2025-11-30T05:15:27","modified_gmt":"2025-11-30T05:15:27","slug":"plan-de-paix-pour-lukraine-un-maire-pour-new-york-angouleme-dans-la-tourmente","status":"publish","type":"post","link":"https:\/\/www.europesays.com\/fr\/568144\/","title":{"rendered":"\u00ab\u00a0plan de paix\u00a0\u00bb pour l\u2019Ukraine, un maire pour New York, Angoul\u00eame dans la tourmente\u2026"},"content":{"rendered":"<p>                     <img loading=\"lazy\" decoding=\"async\" src=\"https:\/\/www.europesays.com\/fr\/wp-content\/uploads\/2025\/11\/ebcc764_upload-1-nhedxybnaxs6-13a214f-upload-1-2hxd0rm52wbk-amorim-bre-sil.jpg\" alt=\"Le dessin paru en\u00a0une\u00a0du \u00ab\u00a0Monde\u00a0\u00bb dat\u00e9 du 25\u00a0novembre, sign\u00e9 par le dessinateur br\u00e9silien Amorim. \"   width=\"664\" height=\"443\"\/>    Le dessin paru en\u00a0une\u00a0du \u00ab\u00a0Monde\u00a0\u00bb dat\u00e9 du 25\u00a0novembre, sign\u00e9 par le dessinateur br\u00e9silien Amorim.  AMORIM                 <\/p>\n<p class=\"article__paragraph  \">Ce mois-ci, l\u2019actualit\u00e9 a notamment \u00e9t\u00e9 mouvement\u00e9e sur le front diplomatique avec le \u00ab\u00a0plan de paix\u00a0\u00bb am\u00e9ricain pour l\u2019Ukraine, tr\u00e8s favorable \u00e0 la Russie, et aussit\u00f4t r\u00e9vis\u00e9 par Kiev et l\u2019Europe. Tandis qu\u2019un accord a \u00e9t\u00e9 p\u00e9niblement arrach\u00e9 \u00e0 l\u2019issue de la COP30, aucun ne semble encore acquis pour la continuit\u00e9 du Festival d\u2019Angoul\u00eame. La Matinale du Monde revient sur ces temps forts en dix dessins.<\/p>\n<p>                Ukraine\u00a0: le plan Trump d\u00e9min\u00e9 par Kiev et l\u2019Europe                     <img loading=\"lazy\" decoding=\"async\" src=\"https:\/\/www.europesays.com\/fr\/wp-content\/uploads\/2025\/11\/54b994a_upload-1-ia1xdy1paiqk-dbedc21-upload-1-vsiypx7csjvj-ramse-s-cuba-1.jpg\" alt=\"Le dessin paru en une du \u00ab\u00a0Monde\u00a0\u00bb dat\u00e9 du 26\u00a0novembre, sign\u00e9 par le dessinateur cubain Rams\u00e8s. \"   width=\"664\" height=\"443\"\/>    Le dessin paru en une du \u00ab\u00a0Monde\u00a0\u00bb dat\u00e9 du 26\u00a0novembre, sign\u00e9 par le dessinateur cubain Rams\u00e8s.  RAMSES                 <\/p>\n<p class=\"article__paragraph  \">A l\u2019issue de n\u00e9gociations d\u2019urgence \u00e0 Gen\u00e8ve, les Etats-Unis et l\u2019Ukraine, avec la participation de pays europ\u00e9ens, ont consid\u00e9rablement amend\u00e9 les propositions am\u00e9ricaines initiales pour mettre fin \u00e0 la guerre en Ukraine, les rendant plus favorables pour Kiev.<\/p>\n<p class=\"reading-mode-only \"><strong>Il vous reste 89.43% de cet article \u00e0 lire. La suite est r\u00e9serv\u00e9e aux abonn\u00e9s.<\/strong><\/p>\n","protected":false},"excerpt":{"rendered":"Le dessin paru en\u00a0une\u00a0du \u00ab\u00a0Monde\u00a0\u00bb dat\u00e9 du 25\u00a0novembre, sign\u00e9 par le dessinateur br\u00e9silien Amorim. AMORIM Ce mois-ci, l\u2019actualit\u00e9&hellip;\n","protected":false},"author":2,"featured_media":568145,"comment_status":"","ping_status":"","sticky":false,"template":"","format":"standard","meta":{"footnotes":""},"categories":[1590],"tags":[11,1777,674,12,220],"class_list":{"0":"post-568144","1":"post","2":"type-post","3":"status-publish","4":"format-standard","5":"has-post-thumbnail","7":"category-ukraine","8":"tag-actualites","9":"tag-eu","10":"tag-europe","11":"tag-news","12":"tag-ukraine"},"share_on_mastodon":{"url":"https:\/\/pubeurope.com\/@fr\/115636950650250683","error":""},"_links":{"self":[{"href":"https:\/\/www.europesays.com\/fr\/wp-json\/wp\/v2\/posts\/568144","targetHints":{"allow":["GET"]}}],"collection":[{"href":"https:\/\/www.europesays.com\/fr\/wp-json\/wp\/v2\/posts"}],"about":[{"href":"https:\/\/www.europesays.com\/fr\/wp-json\/wp\/v2\/types\/post"}],"author":[{"embeddable":true,"href":"https:\/\/www.europesays.com\/fr\/wp-json\/wp\/v2\/users\/2"}],"replies":[{"embeddable":true,"href":"https:\/\/www.europesays.com\/fr\/wp-json\/wp\/v2\/comments?post=568144"}],"version-history":[{"count":0,"href":"https:\/\/www.europesays.com\/fr\/wp-json\/wp\/v2\/posts\/568144\/revisions"}],"wp:featuredmedia":[{"embeddable":true,"href":"https:\/\/www.europesays.com\/fr\/wp-json\/wp\/v2\/media\/568145"}],"wp:attachment":[{"href":"https:\/\/www.europesays.com\/fr\/wp-json\/wp\/v2\/media?parent=568144"}],"wp:term":[{"taxonomy":"category","embeddable":true,"href":"https:\/\/www.europesays.com\/fr\/wp-json\/wp\/v2\/categories?post=568144"},{"taxonomy":"post_tag","embeddable":true,"href":"https:\/\/www.europesays.com\/fr\/wp-json\/wp\/v2\/tags?post=568144"}],"curies":[{"name":"wp","href":"https:\/\/api.w.org\/{rel}","templated":true}]}}