{"id":568146,"date":"2025-11-30T05:16:12","date_gmt":"2025-11-30T05:16:12","guid":{"rendered":"https:\/\/www.europesays.com\/fr\/568146\/"},"modified":"2025-11-30T05:16:12","modified_gmt":"2025-11-30T05:16:12","slug":"une-delegation-ukrainienne-aux-etats-unis-pour-de-nouvelles-negociations-de-paix-avec-marco-rubio-et-steve-witkoff","status":"publish","type":"post","link":"https:\/\/www.europesays.com\/fr\/568146\/","title":{"rendered":"Une d\u00e9l\u00e9gation ukrainienne aux \u00c9tats-Unis pour de nouvelles n\u00e9gociations de paix avec Marco Rubio et Steve Witkoff"},"content":{"rendered":"\n<p>L\u2019Ukraine a envoy\u00e9 samedi 29\u00a0novembre vers les \u00c9tats-Unis une d\u00e9l\u00e9gation \u201cde haut niveau\u201d, pour poursuivre les discussions sur le nouveau plan de paix de l\u2019administration Trump, <a class=\"ithalc\" data-ithal=\"lien_externe\" data-ithalc=\"[nav_article]\" target=\"_blank\" href=\"https:\/\/abcnews.go.com\/International\/ukraine-delegation-us-peace-talks\/story?id=127960327\" rel=\"noopener\">rapporte <strong>ABC News<\/strong>.<\/a><\/p>\n<p>Celle-ci doit \u00eatre re\u00e7ue dimanche en Floride par le secr\u00e9taire d\u2019\u00c9tat am\u00e9ricain, Marco Rubio, par l\u2019envoy\u00e9 de la Maison-Blanche, Steve Witkoff, et le gendre du pr\u00e9sident Donald Trump, Jared Kushner, selon un haut responsable am\u00e9ricain.<\/p>\n<p>Cette visite survient avant celle de Steve Witkoff \u00e0 Moscou en d\u00e9but de semaine prochaine, rel\u00e8ve la cha\u00eene am\u00e9ricaine. Mais aussi au moment o\u00f9 l\u2019administration de Volodymyr Zelensky est secou\u00e9e par un grave scandale de corruption qui a pouss\u00e9 le pr\u00e9sident ukrainien \u00e0 limoger vendredi son tr\u00e8s influent chef de cabinet, Andriy Yermak.<\/p>\n<p>Les \u00c9tats-Unis et l\u2019Ukraine ont tenu leurs derni\u00e8res discussions visant \u00e0 trouver une issue \u00e0 la guerre il y a environ une semaine \u00e0 Gen\u00e8ve, \u201co\u00f9 ils ont r\u00e9vis\u00e9 le plan de paix afin de le rendre plus acceptable pour (Kiev) \u201d, rappelle ABC News. Le plan de paix propos\u00e9 par l\u2019administration Trump pour l\u2019Ukraine et la Russie comporte d\u00e9sormais 19 points.<\/p>\n<p>Samedi soir, le pr\u00e9sident ukrainien, Volodymyr Zelensky a indiqu\u00e9 que le dialogue se poursuivrait avec Washington sur la base d\u2019amendements du plan am\u00e9ricain n\u00e9goci\u00e9s il y a une semaine \u00e0 Gen\u00e8ve lors de pourparlers ukraino-am\u00e9ricains. Les discussions en Floride ont pour objectif de garantir que les r\u00e9sultats des pourparlers de Gen\u00e8ve de la semaine derni\u00e8re soient \u201cfinalis\u00e9s\u201d et de \u201cd\u00e9finir rapidement et de mani\u00e8re concr\u00e8te les mesures n\u00e9cessaires pour mettre fin \u00e0 la guerre\u201d, a-t-il affirm\u00e9 lors de son allocution quotidienne.<\/p>\n<p>\u201cL\u2019Ukraine continue de travailler avec les \u00c9tats-Unis de la mani\u00e8re la plus constructive possible, et nous esp\u00e9rons que les r\u00e9sultats des r\u00e9unions de Gen\u00e8ve seront d\u00e9sormais finalis\u00e9s aux \u00c9tats-Unis\u201d, a poursuivi Volodymyr\u00a0Zelensky. \u201cJ\u2019attends avec impatience le rapport de notre d\u00e9l\u00e9gation \u00e0 l\u2019issue de ses travaux ce dimanche. L\u2019Ukraine \u0153uvre pour une paix digne.\u201d<\/p>\n<p>                        L\u2019Ukraine frappe des p\u00e9troliers en mer Noire       <\/p>\n<p>Cette rencontre entre les responsables am\u00e9ricains et ukrainiens survient au lendemain de frappes de drones ukrainiens sur deux p\u00e9troliers russes alors qu\u2019ils traversaient la mer Noire, <a class=\"ithalc\" data-ithal=\"lien_externe\" data-ithalc=\"[nav_article]\" target=\"_blank\" href=\"https:\/\/www.bbc.com\/news\/articles\/cp9ky5z2gx0o\" rel=\"noopener\">rapporte la <strong>BBC<\/strong>.<\/a> \u201cLes deux navires feraient partie de la \u201cflotte fant\u00f4me\u201d russe, un terme qui d\u00e9signe les centaines de p\u00e9troliers utilis\u00e9s par la Russie pour contourner les sanctions occidentales impos\u00e9es apr\u00e8s son invasion \u00e0 grande \u00e9chelle de l\u2019Ukraine en 2022\u201d, d\u00e9taille la cha\u00eene britannique.<\/p>\n<p>Les p\u00e9troliers vis\u00e9s ont \u00e9t\u00e9 identifi\u00e9s par les autorit\u00e9s turques comme \u00e9tant le Kairos et le Virat, battant pavillon gambien. Ils ont tous deux \u00e9t\u00e9 touch\u00e9s vendredi au large des c\u00f4tes turques, et le Virat l\u2019a apparemment de nouveau samedi. Aucune victime n\u2019a \u00e9t\u00e9 signal\u00e9e.<\/p>\n<p>La BBC voit dans ces frappes \u201cune escalade de la part de Kiev, qui tente de porter atteinte aux revenus p\u00e9troliers de la Russie, essentiels au financement de sa guerre en Ukraine\u201d.<\/p>\n<p>Dans la nuit de vendredi \u00e0 samedi, Kiev a pour sa part \u00e9t\u00e9 la cible d\u2019une attaque qualifi\u00e9e de \u201cmajeure\u201d par ABC. Les services d\u2019urgence ukrainiens ont annonc\u00e9 que l\u2019attaque avait fait deux morts et 38 bless\u00e9s, <a class=\"ithalc\" data-ithal=\"lien_externe\" data-ithalc=\"[nav_article]\" target=\"_blank\" href=\"https:\/\/www.theguardian.com\/world\/2025\/nov\/29\/deadly-russian-attack-on-kyiv-cuts-power-to-half-of-city\" rel=\"noopener\">pr\u00e9cise <strong>The Guardian<\/strong><\/a>. Elle a plong\u00e9 dans le noir la moiti\u00e9 ouest de la ville, privant d\u2019\u00e9lectricit\u00e9 au moins 500\u00a0000 habitants.<\/p>\n","protected":false},"excerpt":{"rendered":"L\u2019Ukraine a envoy\u00e9 samedi 29\u00a0novembre vers les \u00c9tats-Unis une d\u00e9l\u00e9gation \u201cde haut niveau\u201d, pour poursuivre les discussions sur&hellip;\n","protected":false},"author":2,"featured_media":568147,"comment_status":"","ping_status":"","sticky":false,"template":"","format":"standard","meta":{"footnotes":""},"categories":[1589],"tags":[11,3822,75,73,1866,674,1892,131,12,4409,770,220,1864,1865,1863,308,134],"class_list":{"0":"post-568146","1":"post","2":"type-post","3":"status-publish","4":"format-standard","5":"has-post-thumbnail","7":"category-etats-unis","8":"tag-actualites","9":"tag-amu00e9riques","10":"tag-donald-trump","11":"tag-etats-unis","12":"tag-etats-unis-damerique","13":"tag-europe","14":"tag-gu00e9opolitique","15":"tag-guerre-en-ukraine","16":"tag-news","17":"tag-ru00e9veil","18":"tag-u00e9tats-unis","19":"tag-ukraine","20":"tag-united-states","21":"tag-united-states-of-america","22":"tag-us","23":"tag-usa","24":"tag-volodymyr-zelensky"},"share_on_mastodon":{"url":"https:\/\/pubeurope.com\/@fr\/115636953769116142","error":""},"_links":{"self":[{"href":"https:\/\/www.europesays.com\/fr\/wp-json\/wp\/v2\/posts\/568146","targetHints":{"allow":["GET"]}}],"collection":[{"href":"https:\/\/www.europesays.com\/fr\/wp-json\/wp\/v2\/posts"}],"about":[{"href":"https:\/\/www.europesays.com\/fr\/wp-json\/wp\/v2\/types\/post"}],"author":[{"embeddable":true,"href":"https:\/\/www.europesays.com\/fr\/wp-json\/wp\/v2\/users\/2"}],"replies":[{"embeddable":true,"href":"https:\/\/www.europesays.com\/fr\/wp-json\/wp\/v2\/comments?post=568146"}],"version-history":[{"count":0,"href":"https:\/\/www.europesays.com\/fr\/wp-json\/wp\/v2\/posts\/568146\/revisions"}],"wp:featuredmedia":[{"embeddable":true,"href":"https:\/\/www.europesays.com\/fr\/wp-json\/wp\/v2\/media\/568147"}],"wp:attachment":[{"href":"https:\/\/www.europesays.com\/fr\/wp-json\/wp\/v2\/media?parent=568146"}],"wp:term":[{"taxonomy":"category","embeddable":true,"href":"https:\/\/www.europesays.com\/fr\/wp-json\/wp\/v2\/categories?post=568146"},{"taxonomy":"post_tag","embeddable":true,"href":"https:\/\/www.europesays.com\/fr\/wp-json\/wp\/v2\/tags?post=568146"}],"curies":[{"name":"wp","href":"https:\/\/api.w.org\/{rel}","templated":true}]}}