{"id":568148,"date":"2025-11-30T05:17:18","date_gmt":"2025-11-30T05:17:18","guid":{"rendered":"https:\/\/www.europesays.com\/fr\/568148\/"},"modified":"2025-11-30T05:17:18","modified_gmt":"2025-11-30T05:17:18","slug":"royaume-uni-jeremy-corbyn-veut-se-relancer-avec-son-nouveau-parti-socialiste","status":"publish","type":"post","link":"https:\/\/www.europesays.com\/fr\/568148\/","title":{"rendered":"Royaume-Uni : Jeremy Corbyn veut se relancer avec son nouveau parti \u00ab\u00a0socialiste\u00a0\u00bb"},"content":{"rendered":"<ul class=\"jsx-862013697 ArticleChapo__List\">\n<li class=\"jsx-862013697 ArticleChapo__List_Item flex\">Jeremy Corbyn s&rsquo;est exprim\u00e9 samedi pour le congr\u00e8s inaugural de la formation qu&rsquo;il a cofond\u00e9e pour attirer les d\u00e9\u00e7us du gouvernement travailliste.<\/li>\n<li class=\"jsx-862013697 ArticleChapo__List_Item flex\">L&rsquo;ancien leader du Labour a affich\u00e9 son ambition de b\u00e2tir un \u00ab\u00a0nouveau parti socialiste d\u00e9mocratique\u00a0\u00bb au Royaume-Uni.<\/li>\n<\/ul>\n<p data-module=\"article-paragraph\" class=\"jsx-3046738180 Paragraph\">Jeremy Corbyn tente de relancer sa carri\u00e8re en politique<a href=\"https:\/\/www.tf1info.fr\/politique\/accusations-d-antisemitisme-le-travailliste-britannique-jeremy-corbyn-de-nouveau-sous-le-feu-des-projecteurs-2095820.html\" target=\"_blank\" rel=\"noopener\">. L&rsquo;ancien chef du Labour et figure de proue de l&rsquo;aile gauche <\/a>de ce parti a organis\u00e9 ce samedi le congr\u00e8s inaugural de sa nouvelle formation politique. Un v\u00e9ritable pari pour celui qui avait \u00e9t\u00e9 suspendu en 2020 apr\u00e8s un rapport interne pointant son inaction face \u00e0 l&rsquo;antis\u00e9mitisme.<\/p>\n<p data-module=\"article-paragraph\" class=\"jsx-3046738180 Paragraph Paragraph__End\">\u00ab\u00a0Notre mouvement est un mouvement pour la justice, l&rsquo;\u00e9galit\u00e9 et la durabilit\u00e9 environnementale\u00a0\u00bb, a lanc\u00e9, devant plusieurs milliers de militants r\u00e9unis \u00e0 Liverpool dans le nord de l&rsquo;Angleterre, l&rsquo;ex-dirigeant du Labour et v\u00e9t\u00e9ran de la gauche britannique. Ce nouveau parti cr\u00e9\u00e9 avec Zarah Sultana, ex-d\u00e9put\u00e9e Labour de 32 ans, s&rsquo;appelle pour l&rsquo;instant \u00ab\u00a0Your Party\u00a0\u00bb. Lors du week-end, les militants devront choisir le nom d\u00e9finitif du parti et d\u00e9cider de porter \u00e0 sa t\u00eate un leader unique ou une direction collective. \u00ab\u00a0Les gens ont d\u00e9sesp\u00e9r\u00e9ment besoin d&rsquo;une vraie alternative \u00e0 la mont\u00e9e de l&rsquo;extr\u00eame droite\u00a0\u00bb, a jug\u00e9 le d\u00e9put\u00e9 ind\u00e9pendant, alli\u00e9 de Corbyn, Shockat Adam, au moment o\u00f9 Reform UK, dirig\u00e9 par <a href=\"https:\/\/www.tf1info.fr\/international\/video-royaume-uni-legislatives-britanniques-nigel-farage-elu-au-8-essai-l-extreme-droite-entre-au-parlement-2307195.html\" target=\"_blank\" rel=\"noopener\">l&rsquo;ex-promoteur du Brexit Nigel Farage,<\/a> s&rsquo;affiche en t\u00eate des sondages sur les intentions de vote.<\/p>\n<p>Des d\u00e9buts chaotiques<\/p>\n<p data-module=\"article-paragraph\" class=\"jsx-3046738180 Paragraph\">Les d\u00e9buts s&rsquo;av\u00e8rent d\u00e9j\u00e0 chaotiques, avec des tensions internes qui s&rsquo;\u00e9talent sur la place publique. Samedi, Jeremy Corbyn, d\u00e9sormais d\u00e9put\u00e9 ind\u00e9pendant dans sa circonscription londonienne, a appel\u00e9 \u00e0 l&rsquo;unit\u00e9 les 50.000 membres de \u00ab\u00a0Your Party\u00a0\u00bb, \u00ab\u00a0parce que la division ne servira pas les int\u00e9r\u00eats des gens que nous voulons repr\u00e9senter\u00a0\u00bb. Peu apr\u00e8s, un porte-parole de Zarah Sultana a d\u00e9nonc\u00e9 une \u00ab\u00a0chasse aux sorci\u00e8res\u00a0\u00bb, apr\u00e8s que certains de ses partisans ont annonc\u00e9 avoir \u00e9t\u00e9 exclus du congr\u00e8s. Et a annonc\u00e9 que la d\u00e9put\u00e9e n&rsquo;entrerait pas dans la salle du congr\u00e8s samedi.<\/p>\n<p data-module=\"article-paragraph\" class=\"jsx-3046738180 Paragraph Paragraph__End\">Corbyn a d\u00e9missionn\u00e9 de son poste de chef du Parti travailliste apr\u00e8s avoir obtenu les pires r\u00e9sultats depuis des d\u00e9cennies lors des \u00e9lections g\u00e9n\u00e9rales de 2019. Le Parti travailliste, sous la direction de Starmer, l&rsquo;avait ensuite suspendu en 2020 apr\u00e8s qu&rsquo;il a refus\u00e9 d&rsquo;accepter pleinement les conclusions d&rsquo;une enqu\u00eate sur des all\u00e9gations d&rsquo;antis\u00e9mitisme au sein du parti. Il a toujours ni\u00e9 en bloc ces accusations.<\/p>\n<p><a href=\"https:\/\/www.tf1info.fr\/international\/keir-starmer-nouveau-premier-ministre-britannique-quel-est-son-rapport-avec-l-europe-et-avec-la-france-2307252.html\" rel=\"noopener\" class=\"jsx-3308031228 Link flex\" target=\"_blank\"><img decoding=\"async\" src=\"https:\/\/www.europesays.com\/fr\/wp-content\/uploads\/2025\/11\/starmer-portrait-515b52-0@1x.jpeg\" alt=\"AFP\" loading=\"lazy\" importance=\"low\" fetchpriority=\"low\" class=\"\" aria-hidden=\"true\"\/><\/p>\n<p class=\"jsx-3657663356 ReadMoreArticle__Title\">Lire aussi<\/p>\n<p class=\"jsx-3657663356\">Keir Starmer, nouveau Premier ministre britannique : quel rapport entretient-il avec l\u2019Europe et la France ? <\/p>\n<p><\/a><\/p>\n<p data-module=\"article-paragraph\" class=\"jsx-3046738180 Paragraph Paragraph__End\">La cr\u00e9ation de ce nouveau parti pourrait \u00eatre une mauvaise nouvelle pour le chef du gouvernement, qui a r\u00e9cemment \u00e9t\u00e9 confront\u00e9 \u00e0 une r\u00e9bellion de d\u00e9put\u00e9s de son propre camp. Malgr\u00e9 les d\u00e9boires du gouvernement travailliste et les voix dissonantes croissantes au sein de son aile gauche, seuls 12% des \u00e9lecteurs affirment cependant qu&rsquo;ils pourraient \u00ab\u00a0envisager de voter\u00a0\u00bb pour \u00ab\u00a0Your Party\u00a0\u00bb, contre 29% pour le Green Party, selon un sondage YouGov publi\u00e9 cette semaine.\u00a0<\/p>\n<p>T.G.<\/p>\n","protected":false},"excerpt":{"rendered":"Jeremy Corbyn s&rsquo;est exprim\u00e9 samedi pour le congr\u00e8s inaugural de la formation qu&rsquo;il a cofond\u00e9e pour attirer les&hellip;\n","protected":false},"author":2,"featured_media":568149,"comment_status":"","ping_status":"","sticky":false,"template":"","format":"standard","meta":{"footnotes":""},"categories":[1588],"tags":[1111,11,1921,1777,674,1922,2581,12,473,1853,1851,1850,1852,133,1920],"class_list":{"0":"post-568148","1":"post","2":"type-post","3":"status-publish","4":"format-standard","5":"has-post-thumbnail","7":"category-royaume-uni","8":"tag-actu","9":"tag-actualites","10":"tag-article-video","11":"tag-eu","12":"tag-europe","13":"tag-info","14":"tag-keir-starmer","15":"tag-news","16":"tag-royaume-uni","17":"tag-royaume-uni-de-grande-bretagne-et-dirlande-du-nord","18":"tag-uk","19":"tag-united-kingdom","20":"tag-united-kingdom-of-great-britain-and-northern-ireland","21":"tag-video","22":"tag-video-international"},"share_on_mastodon":{"url":"https:\/\/pubeurope.com\/@fr\/115636958551747603","error":""},"_links":{"self":[{"href":"https:\/\/www.europesays.com\/fr\/wp-json\/wp\/v2\/posts\/568148","targetHints":{"allow":["GET"]}}],"collection":[{"href":"https:\/\/www.europesays.com\/fr\/wp-json\/wp\/v2\/posts"}],"about":[{"href":"https:\/\/www.europesays.com\/fr\/wp-json\/wp\/v2\/types\/post"}],"author":[{"embeddable":true,"href":"https:\/\/www.europesays.com\/fr\/wp-json\/wp\/v2\/users\/2"}],"replies":[{"embeddable":true,"href":"https:\/\/www.europesays.com\/fr\/wp-json\/wp\/v2\/comments?post=568148"}],"version-history":[{"count":0,"href":"https:\/\/www.europesays.com\/fr\/wp-json\/wp\/v2\/posts\/568148\/revisions"}],"wp:featuredmedia":[{"embeddable":true,"href":"https:\/\/www.europesays.com\/fr\/wp-json\/wp\/v2\/media\/568149"}],"wp:attachment":[{"href":"https:\/\/www.europesays.com\/fr\/wp-json\/wp\/v2\/media?parent=568148"}],"wp:term":[{"taxonomy":"category","embeddable":true,"href":"https:\/\/www.europesays.com\/fr\/wp-json\/wp\/v2\/categories?post=568148"},{"taxonomy":"post_tag","embeddable":true,"href":"https:\/\/www.europesays.com\/fr\/wp-json\/wp\/v2\/tags?post=568148"}],"curies":[{"name":"wp","href":"https:\/\/api.w.org\/{rel}","templated":true}]}}