{"id":568150,"date":"2025-11-30T05:18:19","date_gmt":"2025-11-30T05:18:19","guid":{"rendered":"https:\/\/www.europesays.com\/fr\/568150\/"},"modified":"2025-11-30T05:18:19","modified_gmt":"2025-11-30T05:18:19","slug":"le-parti-dextreme-droite-alternative-pour-lallemagne-inaugure-sa-branche-jeunesse","status":"publish","type":"post","link":"https:\/\/www.europesays.com\/fr\/568150\/","title":{"rendered":"Le parti d&rsquo;extr\u00eame droite Alternative pour l&rsquo;Allemagne inaugure sa branche jeunesse"},"content":{"rendered":"<p class=\"mb-4 text-lg md:leading-8 break-words\">Confiant, le parti d&rsquo;extr\u00eame droite Alternative pour l&rsquo;Allemagne (AfD) a inaugur\u00e9 samedi sa nouvelle organisation jeunesse, alors m\u00eame que des milliers de manifestants convergeaient vers Giessen, o\u00f9 se tenait son congr\u00e8s. Des affrontements ont \u00e9clat\u00e9 entre certains manifestants et les forces de l&rsquo;ordre.<\/p>\n<p class=\"mb-4 text-lg md:leading-8 break-words\">Le congr\u00e8s du parti anti-immigration AfD a d\u00e9but\u00e9 avec plus de deux heures de retard. Des groupes de manifestants ont bloqu\u00e9 ou tent\u00e9 de bloquer des routes dans et autour de cette ville d&rsquo;environ 93 000 habitants, retardant ainsi l&rsquo;arriv\u00e9e de nombreux d\u00e9l\u00e9gu\u00e9s.<\/p>\n<p class=\"mb-4 text-lg md:leading-8 break-words\">Selon la police, les forces de l&rsquo;ordre ont utilis\u00e9 du gaz poivr\u00e9 apr\u00e8s avoir \u00e9t\u00e9 la cible de jets de pierres. Elles ont \u00e9galement eu recours \u00e0 des canons \u00e0 eau pour disperser un barrage d&rsquo;environ 2000 manifestants qui ignoraient les appels \u00e0 quitter les lieux. Les policiers ont r\u00e9it\u00e9r\u00e9 cette intervention samedi apr\u00e8s-midi, lorsqu&rsquo;un groupe a tent\u00e9 de forcer les barricades pour se rendre au centre des congr\u00e8s.<\/p>\n<p class=\"mb-4 text-lg md:leading-8 break-words\">La police a annonc\u00e9 le d\u00e9ploiement de pr\u00e8s de 5000 agents. Elle estime le nombre total de manifestants \u00e0 plus de 25 000 et pr\u00e9cise qu&rsquo;une grande partie des manifestations se sont d\u00e9roul\u00e9es pacifiquement. Les forces de l&rsquo;ordre ont dit avoir connaissance de dix policiers l\u00e9g\u00e8rement bless\u00e9s.<\/p>\n<p class=\"mb-4 text-lg md:leading-8 break-words\">Les dirigeants de l&rsquo;AfD ont fustig\u00e9 les manifestations d\u00e8s l&rsquo;ouverture de leur congr\u00e8s. \u00abCe qui se passe dehors \u2013 chers militants de gauche, chers extr\u00e9mistes, vous devriez vous remettre en question \u2013 est profond\u00e9ment antid\u00e9mocratique\u00bb, a soutenu Alice Weidel, copr\u00e9sidente du parti.<\/p>\n<p class=\"mb-4 text-lg md:leading-8 break-words\">Elle a affirm\u00e9 qu&rsquo;un d\u00e9put\u00e9 de l&rsquo;AfD a \u00e9t\u00e9 agress\u00e9. La police a rapport\u00e9 qu&rsquo;un d\u00e9put\u00e9 avait \u00e9t\u00e9 bless\u00e9 pr\u00e8s de Giessen, sans donner plus de pr\u00e9cisions.<\/p>\n<p class=\"mb-4 text-lg md:leading-8 break-words\"><b>G\u00e9n\u00e9ration Allemagne<\/b><\/p>\n<p class=\"mb-4 text-lg md:leading-8 break-words\">Le pr\u00e9d\u00e9cesseur de la nouvelle organisation jeunesse, Jeune alternative pour l&rsquo;Allemagne, un groupe largement autonome ayant des liens relativement faibles avec le parti, a \u00e9t\u00e9 dissous \u00e0 la fin mars apr\u00e8s que l&rsquo;AfD ait d\u00e9cid\u00e9 de rompre officiellement ses liens avec elle.<\/p>\n<p class=\"mb-4 text-lg md:leading-8 break-words\">L&rsquo;AfD souhaite exercer un contr\u00f4le beaucoup plus \u00e9troit sur le nouveau groupe, baptis\u00e9 G\u00e9n\u00e9ration Allemagne et ouvert \u00e0 tous les membres du parti de moins de 36 ans, dont les statuts ont \u00e9t\u00e9 approuv\u00e9s samedi.<\/p>\n<p class=\"mb-4 text-lg md:leading-8 break-words\">L&rsquo;AfD est arriv\u00e9e deuxi\u00e8me aux \u00e9lections l\u00e9gislatives allemandes de f\u00e9vrier avec plus de 20 % des voix et est d\u00e9sormais le principal parti d&rsquo;opposition. Le parti, avec lequel les partis traditionnels refusent de collaborer, a continu\u00e9 de progresser dans les sondages, tandis que le gouvernement de coalition du chancelier Friedrich Merz peine \u00e0 convaincre les \u00e9lecteurs.<\/p>\n<p class=\"mb-4 text-lg md:leading-8 break-words\">Les services de renseignement int\u00e9rieur allemands avaient conclu que la Jeune alternative \u00e9tait un groupe d&rsquo;extr\u00eame droite av\u00e9r\u00e9. Ils ont par la suite class\u00e9 l&rsquo;AfD comme tel, avant de suspendre cette d\u00e9signation \u00e0 la suite d&rsquo;un recours juridique du parti.<\/p>\n<p class=\"mb-4 text-lg md:leading-8 break-words\">Dans une d\u00e9cision rendue l&rsquo;ann\u00e9e derni\u00e8re rejetant une demande d&rsquo;injonction contre la d\u00e9signation de la Jeune Alternative, un tribunal de Cologne a fait valoir que la pr\u00e9servation d&rsquo;un peuple allemand d\u00e9fini sur le plan ethnique et l&rsquo;exclusion, si possible, des \u00ab\u00e9trangers ethniques\u00bb constituaient des id\u00e9es politiques centrales du groupe.<\/p>\n<p class=\"mb-4 text-lg md:leading-8 break-words\">Le tribunal a \u00e9galement point\u00e9 du doigt l&rsquo;agitation contre les immigrants et les demandeurs d&rsquo;asile, ainsi que les liens avec des groupes extr\u00e9mistes tels que la Mouvance identitaire. En juin, une juridiction sup\u00e9rieure a mis fin \u00e0 la proc\u00e9dure d&rsquo;appel, constatant la dissolution de la Jeune Alternative.<\/p>\n<p class=\"mb-4 text-lg md:leading-8 break-words\">L&rsquo;autre copr\u00e9sident de l&rsquo;AfD, Tino Chrupalla, a dit que le parti devait tirer des le\u00e7ons de ses erreurs pass\u00e9es.<\/p>\n<p class=\"mb-4 text-lg md:leading-8 break-words\">\u00abCertains ont profit\u00e9 de la jeunesse, de sa capacit\u00e9 \u00e0 se mobiliser, mais sans se soucier suffisamment de son bien-\u00eatre et de son avenir, a-t-il soutenu. Nous aurions d\u00fb davantage prendre soin des jeunes espoirs de notre parti; il en sera autrement \u00e0 l&rsquo;avenir.\u00bb<\/p>\n<p class=\"mb-4 text-lg md:leading-8 break-words\">Il a ajout\u00e9 que les jeunes militants doivent \u00abse mettre au service du parti\u00bb.<\/p>\n<p class=\"mb-4 text-lg md:leading-8 break-words\">Il est courant que les partis allemands poss\u00e8dent des sections jeunesse, g\u00e9n\u00e9ralement plus radicales politiquement que les partis d&rsquo;origine. Reste \u00e0 voir si la nouvelle organisation jeunesse de l&rsquo;AfD sera plus mod\u00e9r\u00e9e que la pr\u00e9c\u00e9dente, une continuit\u00e9 significative \u00e9tant attendue.<\/p>\n<p class=\"mb-4 text-lg md:leading-8 break-words\">Daniel Niemann et Geir Moulson, The Associated Press<\/p>\n","protected":false},"excerpt":{"rendered":"Confiant, le parti d&rsquo;extr\u00eame droite Alternative pour l&rsquo;Allemagne (AfD) a inaugur\u00e9 samedi sa nouvelle organisation jeunesse, alors m\u00eame&hellip;\n","protected":false},"author":2,"featured_media":568151,"comment_status":"","ping_status":"","sticky":false,"template":"","format":"standard","meta":{"footnotes":""},"categories":[1587],"tags":[11,672,1804,68346,1805,1803,1777,674,3160,1801,12,68345,13695,1802],"class_list":{"0":"post-568150","1":"post","2":"type-post","3":"status-publish","4":"format-standard","5":"has-post-thumbnail","7":"category-allemagne","8":"tag-actualites","9":"tag-allemagne","10":"tag-bundesrepublik-deutschland","11":"tag-centre-des-congres","12":"tag-de","13":"tag-deutschland","14":"tag-eu","15":"tag-europe","16":"tag-forces-de-lordre","17":"tag-germany","18":"tag-news","19":"tag-organisation-jeunesse","20":"tag-parti","21":"tag-republique-federale-dallemagne"},"share_on_mastodon":{"url":"https:\/\/pubeurope.com\/@fr\/115636961547898761","error":""},"_links":{"self":[{"href":"https:\/\/www.europesays.com\/fr\/wp-json\/wp\/v2\/posts\/568150","targetHints":{"allow":["GET"]}}],"collection":[{"href":"https:\/\/www.europesays.com\/fr\/wp-json\/wp\/v2\/posts"}],"about":[{"href":"https:\/\/www.europesays.com\/fr\/wp-json\/wp\/v2\/types\/post"}],"author":[{"embeddable":true,"href":"https:\/\/www.europesays.com\/fr\/wp-json\/wp\/v2\/users\/2"}],"replies":[{"embeddable":true,"href":"https:\/\/www.europesays.com\/fr\/wp-json\/wp\/v2\/comments?post=568150"}],"version-history":[{"count":0,"href":"https:\/\/www.europesays.com\/fr\/wp-json\/wp\/v2\/posts\/568150\/revisions"}],"wp:featuredmedia":[{"embeddable":true,"href":"https:\/\/www.europesays.com\/fr\/wp-json\/wp\/v2\/media\/568151"}],"wp:attachment":[{"href":"https:\/\/www.europesays.com\/fr\/wp-json\/wp\/v2\/media?parent=568150"}],"wp:term":[{"taxonomy":"category","embeddable":true,"href":"https:\/\/www.europesays.com\/fr\/wp-json\/wp\/v2\/categories?post=568150"},{"taxonomy":"post_tag","embeddable":true,"href":"https:\/\/www.europesays.com\/fr\/wp-json\/wp\/v2\/tags?post=568150"}],"curies":[{"name":"wp","href":"https:\/\/api.w.org\/{rel}","templated":true}]}}