{"id":568154,"date":"2025-11-30T05:21:05","date_gmt":"2025-11-30T05:21:05","guid":{"rendered":"https:\/\/www.europesays.com\/fr\/568154\/"},"modified":"2025-11-30T05:21:05","modified_gmt":"2025-11-30T05:21:05","slug":"union-europeenne-patrick-molinoz-prone-le-renforcement-dun-cadre-institutionnel-decentralise-en-vue-de-la-reconstruction-de-lukraine","status":"publish","type":"post","link":"https:\/\/www.europesays.com\/fr\/568154\/","title":{"rendered":"UNION EUROP\u00c9ENNE : Patrick Molinoz pr\u00f4ne \u00able renforcement d\u2019un cadre institutionnel d\u00e9centralis\u00e9\u00bb en vue de la reconstruction de l&rsquo;Ukraine"},"content":{"rendered":"<p><img decoding=\"async\" class=\"newsFullImg  type:primaryImage\" src=\"https:\/\/www.europesays.com\/fr\/wp-content\/uploads\/2025\/11\/101568_1_full.jpg\"\/><\/p>\n<p>Ces 27 et 28 novembre, \u00e0\u00a0Pre\u0161ov, en Slovaquie, le Comit\u00e9 des R\u00e9gions de&#13;<br \/>\n l&rsquo;Union europ\u00e9enne a organis\u00e9 une r\u00e9union sur le th\u00e8me \u00abLa voie de &#13;<br \/>\nl&rsquo;Ukraine vers l&rsquo;int\u00e9gration europ\u00e9enne et la reprise : le r\u00f4le de la &#13;<br \/>\ncoop\u00e9ration transfrontali\u00e8re r\u00e9gionale\u00bb.<\/p>\n<p><img decoding=\"async\" class=\"newsFullImg\" src=\"https:\/\/www.europesays.com\/fr\/wp-content\/uploads\/2025\/11\/101568_2_full.jpg\"\/><\/p>\n<p>La France \u00e9tait repr\u00e9sent\u00e9e par Patrick Molinoz, vice-pr\u00e9sident du &#13;<br \/>\nconseil r\u00e9gional de Bourgogne-Franche-Comt\u00e9, et Thibaut Guignard, maire &#13;<br \/>\nde Ploeuc-l&rsquo;Hermitage.<\/p>\n<p>Communiqu\u00e9 du Comit\u00e9 des R\u00e9gions de l&rsquo;Union europ\u00e9enne du 28 novembre 2025 :<\/p>\n<p>La paix, la poursuite des r\u00e9formes de d\u00e9centralisation et la lutte contre la corruption seront des facteurs essentiels au succ\u00e8s de la reconstruction de l&rsquo;Ukraine, ont d\u00e9clar\u00e9 les membres du Comit\u00e9 europ\u00e9en des r\u00e9gions (CdR) le 28 novembre lors d&rsquo;une r\u00e9union avec des repr\u00e9sentants des niveaux national, r\u00e9gional et local en Ukraine.<\/p>\n<p>Lors des discussions \u00e0 Pre\u0161ov, dans l\u2019est de la Slovaquie, les membres du groupe de travail du CdR sur l\u2019Ukraine ont soulign\u00e9 que les pouvoirs extraordinaires conf\u00e9r\u00e9s par la loi martiale ne doivent pas compromettre les progr\u00e8s \u00e0 long terme en mati\u00e8re de d\u00e9centralisation et de r\u00e9forme de l\u2019administration publique, et ont soulign\u00e9 l\u2019importance de la participation transparente et inclusive des collectivit\u00e9s locales et r\u00e9gionales aux r\u00e9formes li\u00e9es \u00e0 l\u2019adh\u00e9sion \u00e0 l\u2019UE.<\/p>\n<p>Se r\u00e9f\u00e9rant aux efforts actuellement d\u00e9ploy\u00e9s pour instaurer la paix en Ukraine, les membres ont d\u00e9clar\u00e9 que tout accord devait garantir la souverainet\u00e9 et l&rsquo;int\u00e9grit\u00e9 de l&rsquo;Ukraine ainsi que ses aspirations europ\u00e9ennes.\n\t\t\t\t\t\t\t<\/p>\n<p>\nLa r\u00e9union du groupe de travail sur l\u2019Ukraine, qui a \u00e9galement mis \u00e0 jour le plan de soutien en 10 points du CdR \u00e0 l\u2019Ukraine, a \u00e9t\u00e9 pr\u00e9c\u00e9d\u00e9e, le 27 novembre, d\u2019un s\u00e9minaire avec des membres de la commission de la citoyennet\u00e9, de la gouvernance, des affaires institutionnelles et ext\u00e9rieures (CIVEX) du CdR, ax\u00e9 sur la coop\u00e9ration transfrontali\u00e8re avec les villes et les r\u00e9gions ukrainiennes. Le s\u00e9minaire a port\u00e9 en particulier sur les initiatives dans la r\u00e9gion des Carpates, une r\u00e9gion qui comprend des parties de l&rsquo;Ukraine, de la Slovaquie, de la Pologne, de la Hongrie et de la Roumanie.<\/p>\n<p>L\u2019h\u00f4te des r\u00e9unions et l\u2019organisateur du s\u00e9minaire \u2013 Milan Majersk\u00fd (SK\/PPE), pr\u00e9sident de la r\u00e9gion autonome de Pre\u0161ov \u2013 a soulign\u00e9 la n\u00e9cessit\u00e9 d\u2019une \u00abstrat\u00e9gie des Carpates\u00bb de l\u2019UE, d\u2019investissements accrus dans les infrastructures routi\u00e8res dans la r\u00e9gion et de nouveaux cadres plus souples pour la coop\u00e9ration transfrontali\u00e8re.\u00a0<\/p>\n<p>Les membres du CdR ont pu entrer en Ukraine, visiter Uzhhorod pour discuter avec le maire de la ville et voir des exemples de premi\u00e8re main de coop\u00e9ration transfrontali\u00e8re, y compris pour la r\u00e9habilitation des anciens combattants.<\/p>\n<p>Citations :<br \/>\n<br \/>\nPatrick Molinoz (FR\/PSE), vice-pr\u00e9sident de la r\u00e9gion Bourgogne-Franche-Comt\u00e9, membre du groupe de travail sur l\u2019Ukraine et rapporteur du CdR sur le \u00abPaquet \u00e9largissement 2025 \u2013 Ukraine, Moldavie et G\u00e9orgie\u00bb : \u00ab La voie de l\u2019adh\u00e9sion de l\u2019Ukraine \u00e0 l\u2019UE ne doit pas n\u00e9gliger les conditions d\u2019une reconstruction durable ni le renforcement d\u2019un cadre institutionnel d\u00e9centralis\u00e9 qui donne pleinement aux autorit\u00e9s locales les moyens d\u2019agir. L&rsquo;\u00e9largissement de l&rsquo;UE gagnera \u00e0 \u00eatre construit en fonction des besoins et des attentes des citoyens, et donc avec la participation active des villes et des r\u00e9gions. Dans l\u2019ensemble de l\u2019UE, ce sont les autorit\u00e9s locales qui con\u00e7oivent et mettent en \u0153uvre les politiques quotidiennes qui r\u00e9pondent le plus directement aux besoins des citoyens. Leur participation facilitera non seulement la voie de l&rsquo;adh\u00e9sion, mais, plus important encore, garantira son succ\u00e8s concret et durable pour les citoyens des 27 \u00c9tats membres et pour les Ukrainiens. Aujourd\u2019hui plus que jamais, les voix et les actions des villes et des r\u00e9gions sont essentielles \u00e0 la r\u00e9alisation de l\u2019id\u00e9al europ\u00e9en. \u00bb\u00a0<br \/>Thibaut Guignard (FR\/EPP), Maire de Ploeuc L&rsquo;Hermitage et membre du groupe de travail sur l&rsquo;Ukraine \u00e9tait \u00e9galement sur place : \u00ab Le Comit\u00e9 europ\u00e9en des R\u00e9gions souhaite transformer les \u00e9lans de solidarit\u00e9 des collectivit\u00e9s locales, n\u00e9s de la guerre, en partenariats durables. Nous voulons \u00e9galement faire des autorit\u00e9s locales et r\u00e9gionales une force motrice de la reconstruction de l\u2019Ukraine et de son chemin vers l\u2019int\u00e9gration \u00e0 l\u2019Union europ\u00e9enne.<br \/>\nNous pouvons aider nos homologues ukrainiens \u00e0 aligner leurs structures et leurs pratiques sur les standards europ\u00e9ens, notamment gr\u00e2ce \u00e0 la formation des \u00e9lus et des fonctionnaires, ainsi que par un accompagnement renforc\u00e9 des administrations territoriales. \u00bb\u00a0<\/p>\n<p>Oleksii Riabykin, vice-ministre du d\u00e9veloppement des communaut\u00e9s et des territoires d\u2019Ukraine : \u00ab En raison de la guerre, les disproportions en mati\u00e8re de d\u00e9veloppement r\u00e9gional ont consid\u00e9rablement augment\u00e9. Notre \u00c9tat est v\u00e9ritablement en \u00e9quilibre, et il est tr\u00e8s difficile de d\u00e9velopper nos r\u00e9gions face \u00e0 de tels d\u00e9fis. Mais nous le faisons. Malgr\u00e9 la guerre, l&rsquo;\u00e9conomie conna\u00eet un d\u00e9veloppement positif. \u00c0 l\u2019heure actuelle, notre pays et nos administrations r\u00e9gionales et locales sont confront\u00e9s \u00e0 un d\u00e9fi majeur : survivre cet hiver sans perdre de personnes, tout en poursuivant les r\u00e9formes et en maintenant un environnement dynamique \u00e0 tous les niveaux. \u00bb\u00a0<\/p>\n<p>Oleksandr Syenkevych, maire de Mykolaiv, repr\u00e9sentant l\u2019Association des villes ukrainiennes (AUC) : \u00ab Trois messages cl\u00e9s \u00e9manent des communaut\u00e9s ukrainiennes. D&rsquo;abord, l&rsquo;implication. Les d\u00e9cisions touchant les communaut\u00e9s doivent \u00eatre prises avec leur participation. Deuxi\u00e8mement, concentrez-vous sur les r\u00e9sultats. Les institutions doivent r\u00e9soudre des probl\u00e8mes r\u00e9els mais n&rsquo;existent pasformellement. Troisi\u00e8mement, la responsabilit\u00e9 partag\u00e9e. Tous les niveaux de gouvernement et les partenaires europ\u00e9ens devraient travailler ensemble pour mettre en \u0153uvre les d\u00e9cisions. Ces principes refl\u00e8tent la vision de l&rsquo;Ukraine en tant qu&rsquo;\u00c9tat europ\u00e9en moderne, d\u00e9mocratique et d\u00e9centralis\u00e9. \u00bb<\/p>\n<p>Plus d&rsquo;informations :\u00a0<br \/>\n<br \/>\nParticipants ukrainiens : parmi les Ukrainiens pr\u00e9sents \u00e0 Pre\u0161ov figuraient les dirigeants de quatre r\u00e9gions des Carpates \u2013 Zakarpattie, Lviv, Ivano-Frankivsk et Tchernivtsi \u2013 ainsi que le maire de Mykolaiv, le chef du conseil r\u00e9gional de Kharkiv, un repr\u00e9sentant de la r\u00e9gion d\u2019Odessa et des repr\u00e9sentants d\u2019associations repr\u00e9sentant les administrations infranationales ukrainiennes : Association des villes ukrainiennes, Association ukrainienne des conseils de district et r\u00e9gionaux (UAROR), Association des communaut\u00e9s territoriales fusionn\u00e9es, Association panukrainienne des communaut\u00e9s. Oleksii Riabykin, vice-ministre du d\u00e9veloppement des communaut\u00e9s et territoires d\u2019Ukraine, et le maire de Kharkiv, repr\u00e9sentant l\u2019Association des villes et communaut\u00e9s de premi\u00e8re ligne, ont contribu\u00e9 en ligne.<br \/>\n\u00a0<br \/>\nGroupe de travail sur l&rsquo;Ukraine : La mission principale du groupe de travail du CdR sur l\u2019Ukraine est de maintenir un dialogue continu entre les repr\u00e9sentants locaux et r\u00e9gionaux europ\u00e9ens et ukrainiens et d\u2019approfondir la compr\u00e9hension de la situation sur le terrain afin de pouvoir apporter le meilleur soutien possible. Tant l\u2019Ukraine que le Comit\u00e9 europ\u00e9en des r\u00e9gions ont demand\u00e9 que les contacts soient encore renforc\u00e9s, par la mise en place d\u2019un comit\u00e9 consultatif paritaire \u00e0 composition d\u00e9termin\u00e9e du c\u00f4t\u00e9 ukrainien ; une d\u00e9cision formelle \u00e0 cet effet est attendue prochainement.\u00a0<\/p>\n<p>Paquet de soutien \u00e0 l\u2019Ukraine : \u00e0 la suite de l\u2019invasion \u00e0 grande \u00e9chelle de l\u2019Ukraine par la Russie en f\u00e9vrier 2022, le CdR a adopt\u00e9 un train de mesures de soutien en 10 points visant \u00e0 renforcer la r\u00e9silience de l\u2019Ukraine et \u00e0 favoriser son int\u00e9gration dans l\u2019UE. Le plan actualis\u00e9 sera disponible sur le site internet du CdR.<\/p>\n<p>Conf\u00e9rence sur le redressement de l\u2019Ukraine : Le groupe de travail du CdR sur l\u2019Ukraine a d\u00e9battu de la contribution potentielle du CdR \u00e0 la conf\u00e9rence sur le redressement de l\u2019Ukraine, la plus grande manifestation annuelle de la communaut\u00e9 internationale consacr\u00e9e \u00e0 la coop\u00e9ration pour aider \u00e0 la reconstruction de l\u2019Ukraine. Au sein de l\u2019URC, le CdR repr\u00e9sente l\u2019Alliance europ\u00e9enne des villes et des r\u00e9gions pour la reconstruction de l\u2019Ukraine, qu\u2019il a cofond\u00e9e en 2022. En 2026, l&rsquo;URC se tiendra en Pologne.<\/p>\n<p><img decoding=\"async\" src=\"https:\/\/www.europesays.com\/fr\/wp-content\/uploads\/2025\/11\/union-europeenne-patrick-molinoz-prone-le-renforcement-d-un-cadre-institutionnel-decentralise-en-vue.jpeg\"\/><img decoding=\"async\" src=\"https:\/\/www.europesays.com\/fr\/wp-content\/uploads\/2025\/11\/1764480044_106_union-europeenne-patrick-molinoz-prone-le-renforcement-d-un-cadre-institutionnel-decentralise-en-vue.jpeg\"\/><img decoding=\"async\" src=\"https:\/\/www.europesays.com\/fr\/wp-content\/uploads\/2025\/11\/1764480046_515_union-europeenne-patrick-molinoz-prone-le-renforcement-d-un-cadre-institutionnel-decentralise-en-vue.jpeg\"\/><img decoding=\"async\" src=\"https:\/\/www.europesays.com\/fr\/wp-content\/uploads\/2025\/11\/1764480048_892_union-europeenne-patrick-molinoz-prone-le-renforcement-d-un-cadre-institutionnel-decentralise-en-vue.jpeg\"\/><\/p>\n<p><img decoding=\"async\" src=\"https:\/\/www.europesays.com\/fr\/wp-content\/uploads\/2025\/11\/1764480050_150_union-europeenne-patrick-molinoz-prone-le-renforcement-d-un-cadre-institutionnel-decentralise-en-vue.jpeg\"\/><img decoding=\"async\" src=\"https:\/\/www.europesays.com\/fr\/wp-content\/uploads\/2025\/11\/1764480051_55_union-europeenne-patrick-molinoz-prone-le-renforcement-d-un-cadre-institutionnel-decentralise-en-vue.jpeg\"\/><\/p>\n<p>\tLe jeudi 27 novembre 2025, \u00e0 Oujhorod, en Ukraine, le groupe de travail Ukraine du Comit\u00e9 des R\u00e9gions visite un centre social accueillant des v\u00e9t\u00e9rans bless\u00e9s\u00a0 et des soldats en permission Vladyslav Musiienko \/ Union europ\u00e9enne)<\/p>\n<p><img decoding=\"async\" src=\"https:\/\/www.europesays.com\/fr\/wp-content\/uploads\/2025\/11\/1764480053_321_union-europeenne-patrick-molinoz-prone-le-renforcement-d-un-cadre-institutionnel-decentralise-en-vue.jpeg\"\/><img decoding=\"async\" src=\"https:\/\/www.europesays.com\/fr\/wp-content\/uploads\/2025\/11\/1764480056_753_union-europeenne-patrick-molinoz-prone-le-renforcement-d-un-cadre-institutionnel-decentralise-en-vue.jpeg\"\/><br \/>\n<img decoding=\"async\" src=\"https:\/\/www.europesays.com\/fr\/wp-content\/uploads\/2025\/11\/1764480057_704_union-europeenne-patrick-molinoz-prone-le-renforcement-d-un-cadre-institutionnel-decentralise-en-vue.jpeg\"\/><br \/>\n<img decoding=\"async\" src=\"https:\/\/www.europesays.com\/fr\/wp-content\/uploads\/2025\/11\/1764480059_467_union-europeenne-patrick-molinoz-prone-le-renforcement-d-un-cadre-institutionnel-decentralise-en-vue.jpeg\"\/><img decoding=\"async\" src=\"https:\/\/www.europesays.com\/fr\/wp-content\/uploads\/2025\/11\/1764480061_208_union-europeenne-patrick-molinoz-prone-le-renforcement-d-un-cadre-institutionnel-decentralise-en-vue.jpeg\"\/><\/p>\n<p>&#13;<br \/>\n\tLe jeudi 27 novembre 2025, \u00e0 Oujhorod, en Ukraine, le groupe de travail &#13;<br \/>\nUkraine du Comit\u00e9 des R\u00e9gions rencontre le maire de la ville (photographies Vladyslav Musiienko \/ Union europ\u00e9enne)&#13;\n<\/p>\n<p>\n<img decoding=\"async\" src=\"https:\/\/www.europesays.com\/fr\/wp-content\/uploads\/2025\/11\/1764480063_957_union-europeenne-patrick-molinoz-prone-le-renforcement-d-un-cadre-institutionnel-decentralise-en-vue.jpeg\"\/><br \/>\n<img decoding=\"async\" src=\"https:\/\/www.europesays.com\/fr\/wp-content\/uploads\/2025\/11\/1764480065_248_union-europeenne-patrick-molinoz-prone-le-renforcement-d-un-cadre-institutionnel-decentralise-en-vue.jpeg\"\/><\/p>\n<p>&#13;<br \/>\n\tLe vendredi 28 novembre 2025, \u00e0 Presov, en Slovaquie, dixi\u00e8me groupe de travail sur l\u2019Ukraine du Comit\u00e9 des R\u00e9gions (captures d&rsquo;\u00e9cran \/ r\u00e9alisation Union europ\u00e9enne)&#13;<\/p>\n","protected":false},"excerpt":{"rendered":"Ces 27 et 28 novembre, \u00e0\u00a0Pre\u0161ov, en Slovaquie, le Comit\u00e9 des R\u00e9gions de&#13; l&rsquo;Union europ\u00e9enne a organis\u00e9 une&hellip;\n","protected":false},"author":2,"featured_media":568155,"comment_status":"","ping_status":"","sticky":false,"template":"","format":"standard","meta":{"footnotes":""},"categories":[1586],"tags":[11,1777,674,1779,1011,27,12,25,1778,364],"class_list":{"0":"post-568154","1":"post","2":"type-post","3":"status-publish","4":"format-standard","5":"has-post-thumbnail","7":"category-europe","8":"tag-actualites","9":"tag-eu","10":"tag-europe","11":"tag-european-union","12":"tag-fr","13":"tag-france","14":"tag-news","15":"tag-republique-francaise","16":"tag-ue","17":"tag-union-europeenne"},"share_on_mastodon":{"url":"https:\/\/pubeurope.com\/@fr\/115636974748464872","error":""},"_links":{"self":[{"href":"https:\/\/www.europesays.com\/fr\/wp-json\/wp\/v2\/posts\/568154","targetHints":{"allow":["GET"]}}],"collection":[{"href":"https:\/\/www.europesays.com\/fr\/wp-json\/wp\/v2\/posts"}],"about":[{"href":"https:\/\/www.europesays.com\/fr\/wp-json\/wp\/v2\/types\/post"}],"author":[{"embeddable":true,"href":"https:\/\/www.europesays.com\/fr\/wp-json\/wp\/v2\/users\/2"}],"replies":[{"embeddable":true,"href":"https:\/\/www.europesays.com\/fr\/wp-json\/wp\/v2\/comments?post=568154"}],"version-history":[{"count":0,"href":"https:\/\/www.europesays.com\/fr\/wp-json\/wp\/v2\/posts\/568154\/revisions"}],"wp:featuredmedia":[{"embeddable":true,"href":"https:\/\/www.europesays.com\/fr\/wp-json\/wp\/v2\/media\/568155"}],"wp:attachment":[{"href":"https:\/\/www.europesays.com\/fr\/wp-json\/wp\/v2\/media?parent=568154"}],"wp:term":[{"taxonomy":"category","embeddable":true,"href":"https:\/\/www.europesays.com\/fr\/wp-json\/wp\/v2\/categories?post=568154"},{"taxonomy":"post_tag","embeddable":true,"href":"https:\/\/www.europesays.com\/fr\/wp-json\/wp\/v2\/tags?post=568154"}],"curies":[{"name":"wp","href":"https:\/\/api.w.org\/{rel}","templated":true}]}}