{"id":568168,"date":"2025-11-30T05:34:11","date_gmt":"2025-11-30T05:34:11","guid":{"rendered":"https:\/\/www.europesays.com\/fr\/568168\/"},"modified":"2025-11-30T05:34:11","modified_gmt":"2025-11-30T05:34:11","slug":"lea-salame-maman-une-montagne-son-aveu-lourd-de-sens","status":"publish","type":"post","link":"https:\/\/www.europesays.com\/fr\/568168\/","title":{"rendered":"L\u00e9a Salam\u00e9 maman : \u00ab\u00a0Une montagne&#8230;\u00a0\u00bb, son aveu lourd de sens"},"content":{"rendered":"<p>R\u00e9v\u00e9l\u00e9e au grand public lorsqu&rsquo;elle travaillait sur la cha\u00eene<br \/>\nd&rsquo;information i-T\u00e9l\u00e9, rebaptis\u00e9e depuis CNews. <strong>L\u00e9a Salam\u00e9<br \/>\navait vu sa carri\u00e8re sur le petit \u00e9cran d\u00e9coller gr\u00e2ce \u00e0 Laurent<br \/>\nRuquier<\/strong> en 2014. Cette ann\u00e9e-l\u00e0, la journaliste est<br \/>\ndevenue l&rsquo;une des pol\u00e9mistes de l&rsquo;animateur au sein de l&rsquo;\u00e9mission<br \/>\nculte de France 2 baptis\u00e9e On n&rsquo;est pas couch\u00e9. En parall\u00e8le, elle<br \/>\navait \u00e9galement rejoint les rangs de la station de radio publique<br \/>\nFrance Inter.<\/p>\n<p>Par la suite, L\u00e9a Salam\u00e9 a incarn\u00e9 ses propres programmes sur<br \/>\nFrance 2. Tout en prenant la t\u00eate de la matinale de France Inter<br \/>\navec Nicolas Demorand. Depuis 2022, <strong>l&rsquo;animatrice pr\u00e9sente<br \/>\nnotamment le talk-show intitul\u00e9 Quelle \u00e9poque !<\/strong>. Programm\u00e9<br \/>\nchaque samedi en deuxi\u00e8me partie de soir\u00e9e sur France 2. En<br \/>\nrevanche, la journaliste a r\u00e9cemment \u00e9t\u00e9 <a href=\"https:\/\/www.telestar.fr\/people\/avant-lea-salame-un-autre-depart-de-la-matinale-de-france-inter-et-cest-une-figure-tres-connue-1729238\" target=\"_blank\" rel=\"noopener\"><br \/>\ncontrainte de quitter la matinale de France Inter.<\/a><\/p>\n<p>France 2 : L\u00e9a Salam\u00e9 cumule la pr\u00e9sentation du JT de 20h et de<br \/>\nQuelle \u00e9poque ! cette saison<\/p>\n<p>En fait, L\u00e9a Salam\u00e9 a \u00e9t\u00e9 choisie par la direction de France<br \/>\nT\u00e9l\u00e9visions pour <strong>prendre la succession d&rsquo;Anne-Sophie Lapix<br \/>\naux commandes du JT de 20h<\/strong> de France 2 du lundi au jeudi.<br \/>\nSuite au refus de <a href=\"https:\/\/www.closermag.fr\/tv_tele_realite\/lea-salame-au-20h-de-france-2-ce-message-lourd-de-sens-que-caroline-roux-lui-a-envoye-3576503\" target=\"_blank\" rel=\"noopener\"><br \/>\nCaroline Roux<\/a>. Une nouvelle fonction incompatible avec la<br \/>\npr\u00e9sentation d&rsquo;une matinale radio. En revanche, la journaliste a pu<br \/>\nconserver l&rsquo;animation de Quelle \u00e9poque !.<\/p>\n<p>C\u00f4t\u00e9 vie priv\u00e9e, L\u00e9a Salam\u00e9 <a href=\"https:\/\/www.closermag.fr\/people\/entre-lea-salame-et-raphael-glucksmann-ca-fait-chambre-a-part-3576194\" target=\"_blank\" rel=\"noopener\"><br \/>\npartage la vie du d\u00e9put\u00e9 europ\u00e9en Rapha\u00ebl Glucksmann<\/a> depuis une<br \/>\nd\u00e9cennie. Pour rappel, la journaliste avait rencontr\u00e9 l&rsquo;homme<br \/>\npolitique sur le plateau de l&rsquo;\u00e9mission On n&rsquo;est pas couch\u00e9.<br \/>\nEnsemble, le couple a fond\u00e9 une famille en mettant au monde un<br \/>\npetit gar\u00e7on pr\u00e9nomm\u00e9 Gabriel. <strong>Qui est aujourd&rsquo;hui \u00e2g\u00e9 de<br \/>\nhuit ans<\/strong>. Dans une r\u00e9cente interview accord\u00e9e \u00e0 Paris<br \/>\nMatch. L\u00e9a Salam\u00e9 s&rsquo;est confi\u00e9e sur son r\u00f4le de m\u00e8re.<\/p>\n<p>La journaliste avait \u00ab\u00a0peur de ne pas<br \/>\nsavoir \u00eatre maternelle\u00a0\u00bb avec son enfant<\/p>\n<p>\u00ab\u00a0<strong>La maternit\u00e9 n\u2019a pas \u00e9t\u00e9 une \u00e9vidence pour<br \/>\nmoi.<\/strong> J\u2019avais peur de ne pas savoir \u00eatre maternelle et de<br \/>\nne pas pouvoir aller au bout de mes envies professionnelles. Je<br \/>\nm\u2019en faisais une montagne\u00a0\u00bb, a-t-elle premi\u00e8rement indiqu\u00e9. En<br \/>\nentamant une relation avec Rapha\u00ebl Glucksmann. La journaliste est<br \/>\nnon seulement devenue la m\u00e8re de Gabriel. Mais aussi la belle-m\u00e8re<br \/>\ndu premier enfant de son compagnon (Alexandre, ndlr).<\/p>\n<p>\u00ab\u00a0Quand j\u2019ai rencontr\u00e9 Rapha\u00ebl, rien n\u2019\u00e9tait pr\u00e9vu, mais tout<br \/>\nest devenu simple. Je lui dois la maternit\u00e9. (&#8230;) On a r\u00e9ussi tous<br \/>\nles quatre \u00e0 former une famille recompos\u00e9e. Il ne faut pas \u00eatre<br \/>\njaloux du pass\u00e9 de l\u2019autre et avoir conscience de sa juste place.<br \/>\n<strong>Je ne suis pas la m\u00e8re d\u2019Alexandre<\/strong>, je suis sa<br \/>\nbelle-m\u00e8re. Un r\u00f4le magnifique\u00a0\u00bb, a finalement conclu L\u00e9a<br \/>\nSalam\u00e9.<\/p>\n","protected":false},"excerpt":{"rendered":"R\u00e9v\u00e9l\u00e9e au grand public lorsqu&rsquo;elle travaillait sur la cha\u00eene d&rsquo;information i-T\u00e9l\u00e9, rebaptis\u00e9e depuis CNews. L\u00e9a Salam\u00e9 avait vu&hellip;\n","protected":false},"author":2,"featured_media":568169,"comment_status":"","ping_status":"","sticky":false,"template":"","format":"standard","meta":{"footnotes":""},"categories":[1359],"tags":[58,59,1011,27,3806,973],"class_list":{"0":"post-568168","1":"post","2":"type-post","3":"status-publish","4":"format-standard","5":"has-post-thumbnail","7":"category-people","8":"tag-divertissement","9":"tag-entertainment","10":"tag-fr","11":"tag-france","12":"tag-lea-salame","13":"tag-people"},"share_on_mastodon":{"url":"https:\/\/pubeurope.com\/@fr\/115637024635431098","error":""},"_links":{"self":[{"href":"https:\/\/www.europesays.com\/fr\/wp-json\/wp\/v2\/posts\/568168","targetHints":{"allow":["GET"]}}],"collection":[{"href":"https:\/\/www.europesays.com\/fr\/wp-json\/wp\/v2\/posts"}],"about":[{"href":"https:\/\/www.europesays.com\/fr\/wp-json\/wp\/v2\/types\/post"}],"author":[{"embeddable":true,"href":"https:\/\/www.europesays.com\/fr\/wp-json\/wp\/v2\/users\/2"}],"replies":[{"embeddable":true,"href":"https:\/\/www.europesays.com\/fr\/wp-json\/wp\/v2\/comments?post=568168"}],"version-history":[{"count":0,"href":"https:\/\/www.europesays.com\/fr\/wp-json\/wp\/v2\/posts\/568168\/revisions"}],"wp:featuredmedia":[{"embeddable":true,"href":"https:\/\/www.europesays.com\/fr\/wp-json\/wp\/v2\/media\/568169"}],"wp:attachment":[{"href":"https:\/\/www.europesays.com\/fr\/wp-json\/wp\/v2\/media?parent=568168"}],"wp:term":[{"taxonomy":"category","embeddable":true,"href":"https:\/\/www.europesays.com\/fr\/wp-json\/wp\/v2\/categories?post=568168"},{"taxonomy":"post_tag","embeddable":true,"href":"https:\/\/www.europesays.com\/fr\/wp-json\/wp\/v2\/tags?post=568168"}],"curies":[{"name":"wp","href":"https:\/\/api.w.org\/{rel}","templated":true}]}}