{"id":568172,"date":"2025-11-30T05:37:16","date_gmt":"2025-11-30T05:37:16","guid":{"rendered":"https:\/\/www.europesays.com\/fr\/568172\/"},"modified":"2025-11-30T05:37:16","modified_gmt":"2025-11-30T05:37:16","slug":"apres-le-carton-surprise-de-panique-au-31-tf1-annonce-la-date-de-diffusion-de-panique-au-grand-magasin-avec-arnaud-ducret-et-tom-villa-puremedias","status":"publish","type":"post","link":"https:\/\/www.europesays.com\/fr\/568172\/","title":{"rendered":"Apr\u00e8s le carton surprise de &quot;Panique au 31\u201d, TF1 annonce la date de diffusion de \u201cPanique au grand magasin\u201d avec Arnaud Ducret et Tom Villa &#8211; puremedias"},"content":{"rendered":"<ol>\n<li><a href=\"https:\/\/news.google.com\/rss\/articles\/CBMi-wFBVV95cUxNTF9jUEJuRkFCcE1EY1RwNGprLWhyTEwwOFJrOURyRG1yVmxIUDZ4a3ZwcGdPR2xVVzZwRnl1Sjd0YzlObVJhaHhiYk84ZENEYjhZdHlJQk9GVzIwWWN1UnFOZVhRdGVTdGdFSU5RQk40LWFNZklGVzNJVDJZTFdrT0xkQnN3RFA1ejB6aFRDYkZlNlFjQWVVOUhQbFM0MGdBUlA5SnpST3VLc3BZYmpNMjBxZ2Rtd3JtOEVnakhCdW4xV09XdzdOLTVWTHpKNlE1elNGTnZjZ2lVM1VOaWtibkFlYjhrRWFDNW01Uk1tSVB3dGZjSGFiMkFjVQ?oc=5\" target=\"_blank\" rel=\"noopener\">Apr\u00e8s le carton surprise de \u00ab\u00a0Panique au 31\u201d, TF1 annonce la date de diffusion de \u201cPanique au grand magasin\u201d avec Arnaud Ducret et Tom Villa<\/a>&nbsp;&nbsp;puremedias<\/li>\n<li><a href=\"https:\/\/news.google.com\/rss\/articles\/CBMimgFBVV95cUxNaUF4aWVvblB1V1cwLXo4TGJFQTJhRnVFcF9xaXFDODR0WHN4SnZtckdpVkJvUFgta0NBUTJRS2Ixb04tRGhXay1PN0pxZHFScEhzT2ZXMjgzNnNWVF9XSUZXbVFqZ3lLc1NxVjVRTk9fbHFzd2ZNNFZjR1hqa2lxdDBvQ1dDYWZFNEdlTkxpMmhCeTBnVmtCNHpR?oc=5\" target=\"_blank\" rel=\"noopener\">Panique au grand magasin : com\u00e9die TV avec Arnaud Ducret et Tom Villa sur TF1<\/a>&nbsp;&nbsp;Sortir \u00e0 Paris<\/li>\n<li><a href=\"https:\/\/news.google.com\/rss\/articles\/CBMiwAFBVV95cUxOUjRZSXduWV9CZU56TFhJZzdJY0wxSi1pRjJSZnRnN3ZhQ2ZKMzlzZ3Noa1lESmhJS2ZSZ2hEczhXUzZKSTR4V1BRY1NFbjlQWVh3aVBlaHp0azJjQXVnUHBUMzJxV3ZpVDY2NDN4dWxGRnRPNzdCVWtiNjVDLU01VE1sMDViaUFmWlotQnFCZnljVHZWYmVXZmY4RWg1Z0FPT2tFVlVPN1d4eUZMNmJPUE5jVzJOeTdEc28zRzhxd3M?oc=5\" target=\"_blank\" rel=\"noopener\">La liste des nombreux interpr\u00e8tes de la com\u00e9die in\u00e9dite Panique au grand magasin diffus\u00e9e le 15 d\u00e9cembre sur TF1.<\/a>&nbsp;&nbsp;LeBlogTVNews<\/li>\n<\/ol>\n","protected":false},"excerpt":{"rendered":"Apr\u00e8s le carton surprise de \u00ab\u00a0Panique au 31\u201d, TF1 annonce la date de diffusion de \u201cPanique au grand&hellip;\n","protected":false},"author":2,"featured_media":395849,"comment_status":"","ping_status":"","sticky":false,"template":"","format":"standard","meta":{"footnotes":""},"categories":[1356],"tags":[58,59,1011,27,252,1364],"class_list":{"0":"post-568172","1":"post","2":"type-post","3":"status-publish","4":"format-standard","5":"has-post-thumbnail","7":"category-television","8":"tag-divertissement","9":"tag-entertainment","10":"tag-fr","11":"tag-france","12":"tag-television","13":"tag-tv"},"share_on_mastodon":{"url":"https:\/\/pubeurope.com\/@fr\/115637036270629313","error":""},"_links":{"self":[{"href":"https:\/\/www.europesays.com\/fr\/wp-json\/wp\/v2\/posts\/568172","targetHints":{"allow":["GET"]}}],"collection":[{"href":"https:\/\/www.europesays.com\/fr\/wp-json\/wp\/v2\/posts"}],"about":[{"href":"https:\/\/www.europesays.com\/fr\/wp-json\/wp\/v2\/types\/post"}],"author":[{"embeddable":true,"href":"https:\/\/www.europesays.com\/fr\/wp-json\/wp\/v2\/users\/2"}],"replies":[{"embeddable":true,"href":"https:\/\/www.europesays.com\/fr\/wp-json\/wp\/v2\/comments?post=568172"}],"version-history":[{"count":0,"href":"https:\/\/www.europesays.com\/fr\/wp-json\/wp\/v2\/posts\/568172\/revisions"}],"wp:featuredmedia":[{"embeddable":true,"href":"https:\/\/www.europesays.com\/fr\/wp-json\/wp\/v2\/media\/395849"}],"wp:attachment":[{"href":"https:\/\/www.europesays.com\/fr\/wp-json\/wp\/v2\/media?parent=568172"}],"wp:term":[{"taxonomy":"category","embeddable":true,"href":"https:\/\/www.europesays.com\/fr\/wp-json\/wp\/v2\/categories?post=568172"},{"taxonomy":"post_tag","embeddable":true,"href":"https:\/\/www.europesays.com\/fr\/wp-json\/wp\/v2\/tags?post=568172"}],"curies":[{"name":"wp","href":"https:\/\/api.w.org\/{rel}","templated":true}]}}