{"id":568173,"date":"2025-11-30T05:38:12","date_gmt":"2025-11-30T05:38:12","guid":{"rendered":"https:\/\/www.europesays.com\/fr\/568173\/"},"modified":"2025-11-30T05:38:12","modified_gmt":"2025-11-30T05:38:12","slug":"grosses-tensions-entre-helene-segara-et-julie-zenatti-elle-ne-me-supportait-plus","status":"publish","type":"post","link":"https:\/\/www.europesays.com\/fr\/568173\/","title":{"rendered":"Grosses tensions entre H\u00e9l\u00e8ne S\u00e9gara et Julie Zenatti, \u00ab\u00a0Elle ne me supportait plus\u00a0\u00bb"},"content":{"rendered":"<p>Elle n\u2019a plus rien \u00e0 prouver. Avec une carri\u00e8re aussi<br \/>\nremarquable que la sienne, H\u00e9l\u00e8ne S\u00e9gara s\u2019est naturellement fait<br \/>\nune place parmi les figures embl\u00e9matiques de la chanson fran\u00e7aise.<br \/>\nD\u00e8s le d\u00e9but des ann\u00e9es 1990, elle a marqu\u00e9 les esprits avec son<br \/>\nsingle Je vous aime adieu, extrait de son album C\u0153ur<br \/>\nde verre. Par la suite, elle gagne la reconnaissance<br \/>\ninternationale gr\u00e2ce \u00e0 Vivo per lei, son titre en duo avec<br \/>\nAndrea Bocelli. Mais la prestation qui a vraiment lanc\u00e9 sa carri\u00e8re<br \/>\nest notamment son r\u00f4le d\u2019Esm\u00e9ralda dans la com\u00e9die musicale<br \/>\nNotre-Dame de Paris.<\/p>\n<p>Des retrouvailles apr\u00e8s de nombreuses ann\u00e9es<\/p>\n<p>Dans les ann\u00e9es 90, <strong>la com\u00e9die musicale Notre-Dame de<br \/>\nParis a r\u00e9volutionn\u00e9 le paysage artistique<\/strong>. Il n\u2019a pas<br \/>\nfallu longtemps pour que le spectacle devienne un ph\u00e9nom\u00e8ne<br \/>\nplan\u00e9taire. Port\u00e9 par des artistes comme Garou, Patrick Fiori,<br \/>\nH\u00e9l\u00e8ne S\u00e9gara, Daniel Lavoie et Julie Zenatti, la com\u00e9die a conquis<br \/>\ndes c\u0153urs avec des tubes comme Belle et Le temps des<br \/>\ncath\u00e9drales.<\/p>\n<p>Le succ\u00e8s de ce spectacle est tel qu\u2019il est <strong>adapt\u00e9 en<br \/>\nneuf langues dans plus de vingt pays<\/strong>. De quoi en dire long<br \/>\nsur son succ\u00e8s. Une r\u00e9ussite que m\u00eame le temps ne risque pas<br \/>\nd\u2019effacer. D\u2019ailleurs, ce samedi 29 novembre 2025, M6 a d\u00e9cid\u00e9 de<br \/>\nc\u00e9l\u00e9brer le quart de si\u00e8cle du spectacle. Pour le coup, la cha\u00eene<br \/>\npropose Notre-Dame de Paris, les grandes retrouvailles : 25 ans<br \/>\napr\u00e8s.<\/p>\n<p>Relation tendue entre H\u00e9l\u00e8ne S\u00e9gara et Julie Zenatti<\/p>\n<p>Le documentaire pr\u00e9sent\u00e9 sur M6 permettra de retracer le<br \/>\nparcours des artistes et les coulisses de cette com\u00e9die musicale<br \/>\nqui a marqu\u00e9 les esprits. D\u2019ailleurs, c\u2019\u00e9tait un v\u00e9ritable plaisir<br \/>\npour ces derniers de se retrouver pour cet \u00e9v\u00e9nement sp\u00e9cial. Mais<br \/>\nsi ces derniers sont heureux de se revoir, \u00e7a n\u2019a pas toujours \u00e9t\u00e9<br \/>\nle cas. Surtout entre Julie Zenatti et H\u00e9l\u00e8ne S\u00e9gara. <strong>Entre<br \/>\nles deux femmes, l\u2019ambiance \u00e9tait loin d\u2019\u00eatre au beau<br \/>\nfixe<\/strong>.<\/p>\n<p>Une relation compliqu\u00e9e sur laquelle <a href=\"https:\/\/www.melty.fr\/people\/julie-zenatti-agressee-a-lage-de-neuf-ans-elle-se-confie-avec-emotions-je-netais-pas-la-seule-petite-fille-2240956.html\" target=\"_blank\" rel=\"noopener\"><br \/>\nla chanteuse qui a \u00e9t\u00e9 agress\u00e9e \u00e0 l\u00a0\u00bb\u00e2ge de 9 ans<\/a> \u00e9tait revenue<br \/>\nlors d\u2019un entretien avec Dominique Lagrou-Semp\u00e8re dans l\u2019\u00e9mission<br \/>\nEntre vous et moi. \u201c<strong>H\u00e9l\u00e8ne et moi, on s&rsquo;entend mais\u2026 on<br \/>\nne s\u2019entend pas vraiment<\/strong>. Elle est tr\u00e8s protectrice avec<br \/>\nmoi, comme une maman \u2013 elle avait un petit gar\u00e7on \u00e0 l&rsquo;\u00e9poque, qui<br \/>\n\u00e9tait beaucoup l\u00e0. <strong>Je ne veux pas qu\u2019on me consid\u00e8re comme<br \/>\nune gamine<\/strong>, je l\u2019envoie bouler, tout le temps\u201d,<br \/>\nconfiait-elle.<\/p>\n<p>\u201cJ\u2019avais l\u2019impression de ne pas<br \/>\nexister\u201d<\/p>\n<p>\u00c0 cette \u00e9poque, Julie Zenatti avait du caract\u00e8re. En effet,<br \/>\ncette derni\u00e8re ne rendait pas les choses faciles. \u201cComme<br \/>\nj\u2019avais pas forc\u00e9ment les mots et pas assez de confiance en moi<br \/>\ns\u00fbrement, comme <strong>j\u2019avais l\u2019impression de ne pas exister,<br \/>\nfallait que je parle tr\u00e8s fort, que je crie<\/strong>. Mais j\u2019avais<br \/>\n17 ans, et l\u00e0 j\u2019\u00e9tais capricieuse !\u201d, r\u00e9v\u00e9lait-elle. Un<br \/>\ncaract\u00e8re qui m\u2019\u00e9tait certain \u00e0 bout, \u00e0 l\u2019image d\u2019H\u00e9l\u00e8ne S\u00e9gara.<br \/>\nD\u2019ailleurs, <a href=\"https:\/\/www.melty.fr\/people\/jetais-tres-diminuee-helene-segara-brise-le-silence-sur-les-effets-de-sa-maladie-2277557.html\" target=\"_blank\" rel=\"noopener\"><br \/>\ncelle qui s&rsquo;est livr\u00e9e sur les effets de sa maladie<\/a> avait fini<br \/>\npar s\u2019en prendre \u00e0 la chanteuse en pleine r\u00e9p\u00e9tition.<\/p>\n<p>\u201cElle ne me supportait plus, c\u2019est normal, j\u2019\u00e9tais imbuvable<br \/>\n! <strong>Un c\u00f4t\u00e9 diva mais dans le bon sens du terme !<\/strong> \u00c0<br \/>\ncette \u00e9poque-l\u00e0, j\u2019\u00e9tais encore une ado, et une ado en pleine crise<br \/>\nqui faisait sa crise en plein milieu du Palais des Congr\u00e8s !\u201d,<br \/>\nconfiait-elle dans les colonnes d\u2019Ici Paris. Heureusement,<br \/>\n<strong>le comportement de Julie Zenatti a chang\u00e9 avec le<br \/>\ntemps<\/strong>. Lors de son passage dans T\u00e9l\u00e9matin en 2022, H\u00e9l\u00e8ne<br \/>\nS\u00e9gara n\u2019avait pas manqu\u00e9 d\u2019agresser un tendre message \u00e0 la<br \/>\nchanteuse. \u201c\u00c7a fait plus de vingt ans que l\u2019on se conna\u00eet, tu<br \/>\nes devenue, malgr\u00e9 toutes les choses que nous avons v\u00e9cues, une<br \/>\ncomplice.\u201d De quoi en dire long sur leur relation<br \/>\nactuelle.<\/p>\n","protected":false},"excerpt":{"rendered":"Elle n\u2019a plus rien \u00e0 prouver. Avec une carri\u00e8re aussi remarquable que la sienne, H\u00e9l\u00e8ne S\u00e9gara s\u2019est naturellement&hellip;\n","protected":false},"author":2,"featured_media":568174,"comment_status":"","ping_status":"","sticky":false,"template":"","format":"standard","meta":{"footnotes":""},"categories":[1355],"tags":[58,59,1011,27,38075,1361,873],"class_list":{"0":"post-568173","1":"post","2":"type-post","3":"status-publish","4":"format-standard","5":"has-post-thumbnail","7":"category-musique","8":"tag-divertissement","9":"tag-entertainment","10":"tag-fr","11":"tag-france","12":"tag-helene-segara","13":"tag-music","14":"tag-musique"},"share_on_mastodon":{"url":"https:\/\/pubeurope.com\/@fr\/115637040171250647","error":""},"_links":{"self":[{"href":"https:\/\/www.europesays.com\/fr\/wp-json\/wp\/v2\/posts\/568173","targetHints":{"allow":["GET"]}}],"collection":[{"href":"https:\/\/www.europesays.com\/fr\/wp-json\/wp\/v2\/posts"}],"about":[{"href":"https:\/\/www.europesays.com\/fr\/wp-json\/wp\/v2\/types\/post"}],"author":[{"embeddable":true,"href":"https:\/\/www.europesays.com\/fr\/wp-json\/wp\/v2\/users\/2"}],"replies":[{"embeddable":true,"href":"https:\/\/www.europesays.com\/fr\/wp-json\/wp\/v2\/comments?post=568173"}],"version-history":[{"count":0,"href":"https:\/\/www.europesays.com\/fr\/wp-json\/wp\/v2\/posts\/568173\/revisions"}],"wp:featuredmedia":[{"embeddable":true,"href":"https:\/\/www.europesays.com\/fr\/wp-json\/wp\/v2\/media\/568174"}],"wp:attachment":[{"href":"https:\/\/www.europesays.com\/fr\/wp-json\/wp\/v2\/media?parent=568173"}],"wp:term":[{"taxonomy":"category","embeddable":true,"href":"https:\/\/www.europesays.com\/fr\/wp-json\/wp\/v2\/categories?post=568173"},{"taxonomy":"post_tag","embeddable":true,"href":"https:\/\/www.europesays.com\/fr\/wp-json\/wp\/v2\/tags?post=568173"}],"curies":[{"name":"wp","href":"https:\/\/api.w.org\/{rel}","templated":true}]}}