{"id":568186,"date":"2025-11-30T05:45:23","date_gmt":"2025-11-30T05:45:23","guid":{"rendered":"https:\/\/www.europesays.com\/fr\/568186\/"},"modified":"2025-11-30T05:45:23","modified_gmt":"2025-11-30T05:45:23","slug":"a-istanbul-la-diplomatie-religieuse-millimetree-de-leon-xiv","status":"publish","type":"post","link":"https:\/\/www.europesays.com\/fr\/568186\/","title":{"rendered":"\u00c0 Istanbul, la diplomatie religieuse millim\u00e9tr\u00e9e de L\u00e9on\u00a0XIV"},"content":{"rendered":"<p>Ce samedi 29\u00a0novembre, en fin de journ\u00e9e, L\u00e9on\u00a0XIV avance \u00e0 pas lents, en procession liturgique, dans les trav\u00e9es tamis\u00e9es de la Volkswagen Arena d\u2019Istanbul, o\u00f9 il c\u00e9l\u00e8bre la messe finale de son \u00e9tape turque. Quelques heures plus t\u00f4t, au lever du jour, il marchait en chaussettes blanches dans la mosqu\u00e9e de Sultanahmet, la Mosqu\u00e9e bleue, franchissant pour la premi\u00e8re fois depuis son \u00e9lection le seuil d\u2019un lieu de culte musulman\u00a0: pas de geste visible de pri\u00e8re, seulement une visite de courtoisie sous les c\u00e9ramiques d\u2019\u0130znik. Entre ces deux images, une halte chez les syriaques orthodoxes, \u00e0 Mor Ephrem \u2013 la seule \u00e9glise construite en Turquie depuis la fondation de la R\u00e9publique \u2013 puis la signature, avec le patriarche Bartholom\u00e9e, d\u2019une d\u00e9claration commune sans annonce nouvelle, mais marqu\u00e9e par l\u2019appel \u00e0 l\u2019unit\u00e9 et \u00e0 la paix.<\/p>\n<p>Cet article est r\u00e9serv\u00e9 aux abonn\u00e9s<\/p>\n<p>\n                    Vous souhaitez lire la suite\u00a0? Abonnez-vous sans engagement \u00e0 notre offre num\u00e9rique\n                <\/p>\n<p>                <a href=\"https:\/\/www.la-croix.com\/abonnement\" class=\"default-paywall__subscribe-button\" data-tracking=\"cta_click\" data-tracking-action=\"voir la page abonnement\" data-tracking-category=\"abonnement\" target=\"_blank\" rel=\"noopener\">Je m&rsquo;abonne<\/a><\/p>\n","protected":false},"excerpt":{"rendered":"Ce samedi 29\u00a0novembre, en fin de journ\u00e9e, L\u00e9on\u00a0XIV avance \u00e0 pas lents, en procession liturgique, dans les trav\u00e9es&hellip;\n","protected":false},"author":2,"featured_media":568187,"comment_status":"","ping_status":"","sticky":false,"template":"","format":"standard","meta":{"footnotes":""},"categories":[5],"tags":[11,1011,27,14,12,28],"class_list":{"0":"post-568186","1":"post","2":"type-post","3":"status-publish","4":"format-standard","5":"has-post-thumbnail","7":"category-international","8":"tag-actualites","9":"tag-fr","10":"tag-france","11":"tag-international","12":"tag-news","13":"tag-world"},"share_on_mastodon":{"url":"https:\/\/pubeurope.com\/@fr\/115637067735260429","error":""},"_links":{"self":[{"href":"https:\/\/www.europesays.com\/fr\/wp-json\/wp\/v2\/posts\/568186","targetHints":{"allow":["GET"]}}],"collection":[{"href":"https:\/\/www.europesays.com\/fr\/wp-json\/wp\/v2\/posts"}],"about":[{"href":"https:\/\/www.europesays.com\/fr\/wp-json\/wp\/v2\/types\/post"}],"author":[{"embeddable":true,"href":"https:\/\/www.europesays.com\/fr\/wp-json\/wp\/v2\/users\/2"}],"replies":[{"embeddable":true,"href":"https:\/\/www.europesays.com\/fr\/wp-json\/wp\/v2\/comments?post=568186"}],"version-history":[{"count":0,"href":"https:\/\/www.europesays.com\/fr\/wp-json\/wp\/v2\/posts\/568186\/revisions"}],"wp:featuredmedia":[{"embeddable":true,"href":"https:\/\/www.europesays.com\/fr\/wp-json\/wp\/v2\/media\/568187"}],"wp:attachment":[{"href":"https:\/\/www.europesays.com\/fr\/wp-json\/wp\/v2\/media?parent=568186"}],"wp:term":[{"taxonomy":"category","embeddable":true,"href":"https:\/\/www.europesays.com\/fr\/wp-json\/wp\/v2\/categories?post=568186"},{"taxonomy":"post_tag","embeddable":true,"href":"https:\/\/www.europesays.com\/fr\/wp-json\/wp\/v2\/tags?post=568186"}],"curies":[{"name":"wp","href":"https:\/\/api.w.org\/{rel}","templated":true}]}}