{"id":568191,"date":"2025-11-30T05:50:40","date_gmt":"2025-11-30T05:50:40","guid":{"rendered":"https:\/\/www.europesays.com\/fr\/568191\/"},"modified":"2025-11-30T05:50:40","modified_gmt":"2025-11-30T05:50:40","slug":"saint-etienne-sans-pitie-avec-le-petit-poucet-de-la-coupe-de-france-coupe-de-france-8e-tour","status":"publish","type":"post","link":"https:\/\/www.europesays.com\/fr\/568191\/","title":{"rendered":"Saint-\u00c9tienne sans piti\u00e9 avec le petit poucet de la Coupe de France &#8211; Coupe de France &#8211; 8e tour"},"content":{"rendered":"<p>Un score \u00e0 deux chiffres, c\u2019est pas tous les jours.<\/p>\n<p>Dans un derby largement d\u00e9s\u00e9quilibr\u00e9, <strong>l\u2019AS Saint-\u00c9tienne n\u2019a fait qu\u2019une bouch\u00e9e de l\u2019US Ecotay Moingt, petit Poucet de ce huiti\u00e8me tour de la Coupe de France (11-1)<\/strong>. Dans un stade Geoffroy-Guichard largement garni par plus de 26 000 spectateurs pour cette affiche locale, Ben Old s\u2019est notamment offert un quadrupl\u00e9 pour ne laisser aucune place au suspense.<\/p>\n<p>Un doubl\u00e9 pour Nadir El Jamali, un but pour Igor Miladinovic, Augustine Boakye, Jo\u00e3o Ferreira et Paul Eymard (en plus d\u2019un contre leur camp des amateurs), et une f\u00eate pour tout le monde. M\u00eame pour les visiteurs, pensionnaires de R\u00e9gional 3 et qui auront au moins sauv\u00e9 l\u2019honneur gr\u00e2ce \u00e0 <strong>un superbe coup franc de Jules Vial, c\u00e9l\u00e9br\u00e9 comme il se doit fa\u00e7on Baf\u00e9timbi Gomis, sous les vivats de la foule<\/strong>. Et dire que l\u2019int\u00e9ress\u00e9 n\u2019aurait pas d\u00fb jouer ce match, suspendu jusqu\u2019\u00e0 la programmation d\u2019un match de championnat dans la semaine lui permettant de purger sa peine.<\/p>\n<p>Apr\u00e8s avoir vu \u00e7a, c\u2019est le PSG qui esp\u00e8re tirer l\u2019ASSE au prochain tour pour le kif d\u2019affronter un cador.<\/p>\n<p>\t\t\t\t\t\t\t\t\t\t<a class=\"lien-connexe\" href=\"https:\/\/www.sofoot.com\/articles\/saint-etienne-sympa-vrai-derby-et-changement-de-gardien-les-10-curiosites-du-8e-tour-de-coupe-de-france\" target=\"_blank\" rel=\"noopener\">Les 10 curiosit\u00e9s du 8e tour de Coupe de France<\/a>\t\t\t\t\t<\/p>\n","protected":false},"excerpt":{"rendered":"Un score \u00e0 deux chiffres, c\u2019est pas tous les jours. Dans un derby largement d\u00e9s\u00e9quilibr\u00e9, l\u2019AS Saint-\u00c9tienne n\u2019a&hellip;\n","protected":false},"author":2,"featured_media":568192,"comment_status":"","ping_status":"","sticky":false,"template":"","format":"standard","meta":{"footnotes":""},"categories":[9653],"tags":[1111,47,11,61,2430,69,65,64,1777,674,63,1011,27,68,66,12,62,70,25,4001,67],"class_list":{"0":"post-568191","1":"post","2":"type-post","3":"status-publish","4":"format-standard","5":"has-post-thumbnail","7":"category-saint-etienne","8":"tag-actu","9":"tag-actualite","10":"tag-actualites","11":"tag-actus-football","12":"tag-auvergne-rhone-alpes","13":"tag-bundesliga","14":"tag-championnats-europeens","15":"tag-equipe-de-france","16":"tag-eu","17":"tag-europe","18":"tag-football","19":"tag-fr","20":"tag-france","21":"tag-ligua","22":"tag-ligue-1","23":"tag-news","24":"tag-news-foot","25":"tag-premier-league","26":"tag-republique-francaise","27":"tag-saint-etienne","28":"tag-serie-a"},"share_on_mastodon":{"url":"https:\/\/pubeurope.com\/@fr\/115637087284692050","error":""},"_links":{"self":[{"href":"https:\/\/www.europesays.com\/fr\/wp-json\/wp\/v2\/posts\/568191","targetHints":{"allow":["GET"]}}],"collection":[{"href":"https:\/\/www.europesays.com\/fr\/wp-json\/wp\/v2\/posts"}],"about":[{"href":"https:\/\/www.europesays.com\/fr\/wp-json\/wp\/v2\/types\/post"}],"author":[{"embeddable":true,"href":"https:\/\/www.europesays.com\/fr\/wp-json\/wp\/v2\/users\/2"}],"replies":[{"embeddable":true,"href":"https:\/\/www.europesays.com\/fr\/wp-json\/wp\/v2\/comments?post=568191"}],"version-history":[{"count":0,"href":"https:\/\/www.europesays.com\/fr\/wp-json\/wp\/v2\/posts\/568191\/revisions"}],"wp:featuredmedia":[{"embeddable":true,"href":"https:\/\/www.europesays.com\/fr\/wp-json\/wp\/v2\/media\/568192"}],"wp:attachment":[{"href":"https:\/\/www.europesays.com\/fr\/wp-json\/wp\/v2\/media?parent=568191"}],"wp:term":[{"taxonomy":"category","embeddable":true,"href":"https:\/\/www.europesays.com\/fr\/wp-json\/wp\/v2\/categories?post=568191"},{"taxonomy":"post_tag","embeddable":true,"href":"https:\/\/www.europesays.com\/fr\/wp-json\/wp\/v2\/tags?post=568191"}],"curies":[{"name":"wp","href":"https:\/\/api.w.org\/{rel}","templated":true}]}}