{"id":568193,"date":"2025-11-30T05:52:12","date_gmt":"2025-11-30T05:52:12","guid":{"rendered":"https:\/\/www.europesays.com\/fr\/568193\/"},"modified":"2025-11-30T05:52:12","modified_gmt":"2025-11-30T05:52:12","slug":"le-bistrot-du-coin-au-ptit-fleville-mere-et-fille-redonnent-vie-a-un-bar-restaurant-emblematique-des-annees-50","status":"publish","type":"post","link":"https:\/\/www.europesays.com\/fr\/568193\/","title":{"rendered":"Le bistrot du coin. Au P\u2019tit Fl\u00e9ville, m\u00e8re et fille redonnent vie \u00e0 un bar-restaurant embl\u00e9matique des ann\u00e9es 50"},"content":{"rendered":"<p>\u00ab\u00a0L\u00e0, c\u2019est un peu speed. \u00bb Derri\u00e8re le zinc du P\u2019tit Fl\u00e9ville, M\u00e9lany Ruscade est d\u00e9sol\u00e9e. On avait pris rendez-vous ce jeudi en milieu de matin\u00e9e, mais vu le monde dans la salle, elle encha\u00eene les commandes, entre caf\u00e9s, bi\u00e8res et autres boissons. Pas trop le temps de se poser. \u00ab\u00a0Ma fille devrait bient\u00f4t arriver\u00a0\u00bb reprend-elle avant de repartir en salle\u2026<\/p>\n<p>Sa fille, Ylena Seyler, arrive&#8230;<\/p>\n","protected":false},"excerpt":{"rendered":"\u00ab\u00a0L\u00e0, c\u2019est un peu speed. \u00bb Derri\u00e8re le zinc du P\u2019tit Fl\u00e9ville, M\u00e9lany Ruscade est d\u00e9sol\u00e9e. On avait&hellip;\n","protected":false},"author":2,"featured_media":568194,"comment_status":"","ping_status":"","sticky":false,"template":"","format":"standard","meta":{"footnotes":""},"categories":[9635],"tags":[1111,11,4406,33,1704,1777,674,9650,1011,27,775,9649,1702,12,25],"class_list":{"0":"post-568193","1":"post","2":"type-post","3":"status-publish","4":"format-standard","5":"has-post-thumbnail","7":"category-nancy","8":"tag-actu","9":"tag-actualites","10":"tag-commerce-et-services","11":"tag-economie","12":"tag-edition-nancy-et-agglomeration","13":"tag-eu","14":"tag-europe","15":"tag-fleville-devant-nancy","16":"tag-fr","17":"tag-france","18":"tag-grand-est","19":"tag-metropole-du-grand-nancy-54b2","20":"tag-nancy","21":"tag-news","22":"tag-republique-francaise"},"share_on_mastodon":{"url":"https:\/\/pubeurope.com\/@fr\/115637095384222253","error":""},"_links":{"self":[{"href":"https:\/\/www.europesays.com\/fr\/wp-json\/wp\/v2\/posts\/568193","targetHints":{"allow":["GET"]}}],"collection":[{"href":"https:\/\/www.europesays.com\/fr\/wp-json\/wp\/v2\/posts"}],"about":[{"href":"https:\/\/www.europesays.com\/fr\/wp-json\/wp\/v2\/types\/post"}],"author":[{"embeddable":true,"href":"https:\/\/www.europesays.com\/fr\/wp-json\/wp\/v2\/users\/2"}],"replies":[{"embeddable":true,"href":"https:\/\/www.europesays.com\/fr\/wp-json\/wp\/v2\/comments?post=568193"}],"version-history":[{"count":0,"href":"https:\/\/www.europesays.com\/fr\/wp-json\/wp\/v2\/posts\/568193\/revisions"}],"wp:featuredmedia":[{"embeddable":true,"href":"https:\/\/www.europesays.com\/fr\/wp-json\/wp\/v2\/media\/568194"}],"wp:attachment":[{"href":"https:\/\/www.europesays.com\/fr\/wp-json\/wp\/v2\/media?parent=568193"}],"wp:term":[{"taxonomy":"category","embeddable":true,"href":"https:\/\/www.europesays.com\/fr\/wp-json\/wp\/v2\/categories?post=568193"},{"taxonomy":"post_tag","embeddable":true,"href":"https:\/\/www.europesays.com\/fr\/wp-json\/wp\/v2\/tags?post=568193"}],"curies":[{"name":"wp","href":"https:\/\/api.w.org\/{rel}","templated":true}]}}