{"id":56820,"date":"2025-04-27T12:37:14","date_gmt":"2025-04-27T12:37:14","guid":{"rendered":"https:\/\/www.europesays.com\/fr\/56820\/"},"modified":"2025-04-27T12:37:14","modified_gmt":"2025-04-27T12:37:14","slug":"quelles-perturbations-prevoir-avec-la-ratp-et-la-sncf-cette-semaine-5","status":"publish","type":"post","link":"https:\/\/www.europesays.com\/fr\/56820\/","title":{"rendered":"Quelles perturbations pr\u00e9voir avec la RATP et la SNCF cette semaine\u00a0?"},"content":{"rendered":"<p>Une nouvelle semaine d\u00e9marre et les voyageurs doivent s\u2019adapter \u00e0 de nouveaux changements sur les lignes de transports \u00e0 Paris et en \u00cele-de-France. Voici les perturbations \u00e0 prendre en compte du 17 au 26\u00a0mars, avec notamment le RER C, la ligne 10 ou la ligne P qui sont affect\u00e9s. <\/p>\n<p>M\u00e9tro<\/p>\n<ul>\n<li>Ligne 10\u00a0: du lundi\u00a017 au jeudi 20\u00a0mars, d\u00e8s 22h, le trafic est interrompu sur l\u2019ensemble de la ligne (travaux).<\/li>\n<li>Ligne 14\u00a0: lundi\u00a017 et mardi 18\u00a0mars, d\u00e8s 22h, le trafic sera interrompu entre Maison Blanche et Saint-Denis \u2013 Pleyel (travaux). Des bus de substitution seront disponibles entre Gare de Lyon et Olympiades. Mercredi 19\u00a0mars, d\u00e8s 22h, le trafic est interrompu sur l\u2019ensemble de la ligne (travaux). Des bus de substitution seront disponibles entre Gare de Lyon et Olympiades.<\/li>\n<\/ul>\n<p>RERRER B\u00a0:<\/p>\n<ul>\n<li>Du lundi\u00a017 au vendredi 21\u00a0mars, d\u00e8s 22h45, le trafic sera interrompu entre Gare du Nord et A\u00e9roport Charles de Gaulle 2 \u2013 TGV \u2022 Mitry \u2013 Claye (travaux).<\/li>\n<li>Samedi\u00a022 et dimanche 23\u00a0mars, le trafic est interrompu entre Denfert-Rochereau et La Croix de Berny \u2013 Robinson. Des bus de substitution seront disponibles.<\/li>\n<\/ul>\n<p>RER C\u00a0:<\/p>\n<ul>\n<li>Du lundi\u00a017 au vendredi 21\u00a0mars, d\u00e8s 23h, le trafic sera interrompu entre Av Henri Martin et Montigny Beauchamp\/Pontoise (travaux).<\/li>\n<li>Du lundi\u00a017 au vendredi 21\u00a0mars, d\u00e8s 23h, le trafic sera interrompu entre Paris Austerlitz et Juvisy via Choisy le Roi (travaux). Des bus de substitution seront disponibles.<\/li>\n<li>Du lundi\u00a017 au vendredi 21\u00a0mars, d\u00e8s 23h, le trafic sera interrompu entre Paris Austerlitz et Pont de Rungis (travaux).<\/li>\n<li>Du lundi\u00a017 au vendredi 21\u00a0mars, \u00e0 partir de 23h30, le trafic sera interrompu entre Paris Austerlitz et Dourdan\/Saint-Martin d\u2019\u00c9tampes (travaux). Des bus de substitution seront disponibles.<\/li>\n<li>Du lundi\u00a017 au vendredi 21\u00a0mars, \u00e0 partir de 23h30, le trafic sera interrompu de Javel vers Saint Quentin en <a href=\"https:\/\/www.20minutes.fr\/societe\/yvelines\/\" class=\"color-ultramarine c-link\" rel=\"nofollow noopener\" target=\"_blank\">Yvelines<\/a> (travaux).<\/li>\n<li>Du lundi\u00a017 au vendredi 21\u00a0mars, \u00e0 partir de 23h30, le trafic sera interrompu entre Versailles Ch\u00e2teau Rive Gauche et Javel (travaux).<\/li>\n<li>Samedi\u00a022 et dimanche 23\u00a0mars, le trafic sera interrompu entre <a href=\"https:\/\/www.20minutes.fr\/dossier\/invalides\" class=\"color-ultramarine c-link\" rel=\"nofollow noopener\" target=\"_blank\">Invalides<\/a> et Juvisy\/Massy Palaiseau (travaux). Des bus de substitution seront disponibles.<\/li>\n<li>Dimanche 23\u00a0mars, \u00e0 partir de 23h30, le trafic sera interrompu entre Paris Austerlitz et Dourdan\/Saint-Martin d\u2019\u00c9tampes (travaux). Des bus de substitution seront disponibles.<\/li>\n<li>Dimanche 23\u00a0mars, \u00e0 partir de 23h30, le trafic est interrompu entre Juvisy et Dourdan\/Saint-Martin d\u2019\u00c9tampes (travaux). Des bus de substitution seront disponibles.<\/li>\n<\/ul>\n<p>RER D\u00a0:<\/p>\n<ul>\n<li>Du lundi\u00a017 au vendredi 21\u00a0mars, \u00e0 partir de 23h20, le trafic sera interrompu entre Paris Gare du Nord et Creil \u00e0 partir de 23h35 (travaux). Des bus de substitution seront disponibles.<\/li>\n<li>Du lundi\u00a017 au vendredi 21\u00a0mars, \u00e0 partir de 23h15, le trafic sera interrompu entre Corbeil-Essonnes et Villeneuve-Saint-Georges via \u00c9vry \u2013 Courcouronnes (travaux). Des bus de remplacement seront mis en place. Des bus de substitution seront disponibles.<\/li>\n<li>Du lundi\u00a017 au vendredi 21\u00a0mars, \u00e0 partir de 23h15, le trafic sera interrompu entre Gare de Lyon et Corbeil-Essonnes (travaux). Des bus de substitution seront disponibles.<\/li>\n<li>Du lundi\u00a017 au vendredi 21\u00a0mars, \u00e0 partir de 23h15, le trafic sera interrompu entre Gare de Lyon et Gare du Nord (travaux).<\/li>\n<li>Du lundi\u00a017 au vendredi 21\u00a0mars, \u00e0 partir de 23h, les arr\u00eats ne sont pas desservis \u00e0 Maisons-Alfort. Le Vert de Maisons, <a href=\"https:\/\/www.20minutes.fr\/dossier\/creteil\" class=\"color-ultramarine c-link\" rel=\"nofollow noopener\" target=\"_blank\">Cr\u00e9teil<\/a> Pompadour, et Villeneuve Triage (travaux).<\/li>\n<\/ul>\n<p>RER E\u00a0:<\/p>\n<ul>\n<li>Samedi\u00a022 et dimanche 23\u00a0mars, \u00e0 partir de 22h45, le trafic sera interrompu entre Nanterre-La-Folie et Chelles \u2013 Gournay (travaux). Des bus de substitution seront disponibles.<\/li>\n<li>Du lundi\u00a017 au vendredi 21\u00a0mars, \u00e0 partir de 22h25, et samedi\u00a022 et dimanche 23\u00a0mars \u00e0 partir de 22h15, le trafic sera interrompu entre Nanterre-la-Folie et <a href=\"https:\/\/www.20minutes.fr\/dossier\/villiers_sur_marne\" class=\"color-ultramarine c-link\" rel=\"nofollow noopener\" target=\"_blank\">Villiers-sur-Marne<\/a> \u2013 Le Plessis-Tr\u00e9vise et entre Nanterre-la-Folie et Tournan (travaux). Des bus de substitution seront disponibles.<\/li>\n<li>Du lundi\u00a017 au vendredi 21\u00a0mars, \u00e0 partir de 22h45, le trafic sera interrompu entre Nanterre-La-Folie et <a href=\"https:\/\/www.20minutes.fr\/dossier\/chelles\" class=\"color-ultramarine c-link\" rel=\"nofollow noopener\" target=\"_blank\">Chelles<\/a> \u2013 Gournay (travaux). Des bus de substitution seront disponibles.<\/li>\n<\/ul>\n<p>TransilienLigne H\u00a0:<\/p>\n<ul>\n<li>Du lundi\u00a017 au vendredi 21\u00a0mars, \u00e0 partir de 22h, le trafic sera interrompu entre Gare du Nord et Persan \u2013 Beaumont via Montsoult \u2013 Maffliers, M\u00e9riel, et entre Gare du Nord et Luzarches (travaux).<\/li>\n<li>Du lundi\u00a017 au vendredi 21\u00a0mars, \u00e0 partir de 22h, le trafic sera interrompu entre Gare du Nord et Pontoise (travaux). Des bus de substitution seront disponibles.<\/li>\n<\/ul>\n<p>Ligne J\u00a0:<\/p>\n<ul>\n<li>Du lundi\u00a017 au vendredi 21\u00a0mars, \u00e0 partir de 21h40, le trafic sera interrompu entre Gare Saint-Lazare et Mantes Station via Poissy (travaux).<\/li>\n<li>Samedi\u00a022 et dimanche 23\u00a0mars, le trafic est interrompu entre Gare Saint-Lazare et Mantes-la-Jolie via Poissy (travaux). Des bus de substitution seront disponibles.<\/li>\n<\/ul>\n<p>Ligne K\u00a0:<\/p>\n<ul>\n<li>Du lundi\u00a017 au vendredi 21\u00a0mars, \u00e0 partir de 22h, le trafic sera interrompu sur l\u2019ensemble de la ligne (travaux).<\/li>\n<li>Samedi\u00a022 et dimanche 23\u00a0mars, le trafic est interrompu sur l\u2019ensemble de la ligne (travaux). Des bus de substitution seront disponibles.<\/li>\n<\/ul>\n<p>Ligne L\u00a0:<\/p>\n<p>Du lundi\u00a017 au vendredi 21\u00a0mars, \u00e0 partir de 21h10, le trafic est interrompu entre Saint-Nom-la-Bret\u00e8che For\u00eat de Marly et Saint-Cloud (travaux). Des bus de substitution seront disponibles.<\/p>\n<p>Ligne N\u00a0:<\/p>\n<ul>\n<li>Du lundi\u00a017 au vendredi 21\u00a0mars, \u00e0 partir de 21h, le trafic sera interrompu entre Gare Montparnasse -Mantes-la-Jolie\/Dreux (travaux).<\/li>\n<li>Du lundi\u00a017 au vendredi 21\u00a0mars, \u00e0 partir de 23h, le trafic sera interrompu entre Plaisir \u2013 Grignon et Gare Montparnasse (travaux).<\/li>\n<li>Du lundi\u00a017 au vendredi 21\u00a0mars, \u00e0 partir de 23h, le trafic est interrompu entre <a href=\"https:\/\/www.20minutes.fr\/dossier\/rambouillet\" class=\"color-ultramarine c-link\" rel=\"nofollow noopener\" target=\"_blank\">Rambouillet<\/a> et Gare Montparnasse (travaux).<\/li>\n<li>Samedi 22\u00a0mars, samedi \u00e0 partir de 21h50, le trafic sera interrompu entre Gare Montparnasse et Dreux, et entre <a href=\"https:\/\/www.20minutes.fr\/dossier\/gare-montparnasse\" class=\"color-ultramarine c-link\" rel=\"nofollow noopener\" target=\"_blank\">Gare Montparnasse<\/a> et Plaisir \u2013 Grignon (travaux). Des bus de substitution seront disponibles.<\/li>\n<\/ul>\n<p>Ligne P\u00a0:<\/p>\n<ul>\n<li>Du lundi\u00a017 au vendredi 21\u00a0mars, \u00e0 partir de 21h45, le trafic sera interrompu entre Gare de l\u2019Est et Provins (travaux).<\/li>\n<li>Du lundi\u00a017 au vendredi 21\u00a0mars, \u00e0 partir de 22h, le trafic sera interrompu entre Gare de l\u2019Est et Ch\u00e2teau-Thierry (travaux).<\/li>\n<li>Du lundi\u00a017 au vendredi 21\u00a0mars, \u00e0 partir de 22h15, le trafic sera interrompu entre Gare de l\u2019Est et Coulommiers (travaux).<\/li>\n<li>Samedi\u00a022 et dimanche 23\u00a0mars, \u00e0 partir de 22h50, et du lundi au vendredi \u00e0 partir de 22\u00a0: 20, le trafic sera interrompu entre Gare de l\u2019Est et Meaux (travaux).<\/li>\n<li>Samedi\u00a022 et dimanche 23\u00a0mars, \u00e0 partir de 22h30, le trafic sera interrompu entre Gare de l\u2019Est et Coulommiers (travaux).<\/li>\n<li>Samedi\u00a022 et dimanche 23\u00a0mars, \u00e0 partir de 23h, le trafic sera interrompu entre Gare de l\u2019Est et Ch\u00e2teau-Thierry en raison de travaux. Des bus de substitution seront disponibles.<\/li>\n<\/ul>\n<p>Tramway<\/p>\n<ul>\n<li>T1\u00a0: du lundi\u00a017 au dimanche 23\u00a0mars, le trafic sera interrompu entre Gare de Noisy-le-Sec et Escadrille Normandie-Ni\u00e9men en raison de travaux. Des bus de substitution seront disponibles.<\/li>\n<li>T2\u00a0: du lundi\u00a017 au dimanche 23\u00a0mars, le trafic sera interrompu entre Porte de Versailles et Suzanne Lenglen.<\/li>\n<li>T4\u00a0: du mardi\u00a018 au samedi 22\u00a0mars, jusqu\u2019\u00e0 5h, le trafic sera interrompu entre Aulnay-sous-Bois et Bondy (travaux). Des bus de substitution seront disponibles. Du lundi\u00a017 au vendredi 21\u00a0mars, du lundi au vendredi \u00e0 partir de 22h55, le trafic sera interrompu entre <a href=\"https:\/\/www.20minutes.fr\/dossier\/bondy\" class=\"color-ultramarine c-link\" rel=\"nofollow noopener\" target=\"_blank\">Bondy<\/a> et Aulnay-sous-Bois (travaux). Des bus de substitution seront disponibles.<\/li>\n<\/ul>\n<p><\/p>\n","protected":false},"excerpt":{"rendered":"Une nouvelle semaine d\u00e9marre et les voyageurs doivent s\u2019adapter \u00e0 de nouveaux changements sur les lignes de transports&hellip;\n","protected":false},"author":2,"featured_media":56821,"comment_status":"","ping_status":"","sticky":false,"template":"","format":"standard","meta":{"footnotes":""},"categories":[1592],"tags":[1111,47,11,1777,674,1011,27,662,12,626,25,12396,2215,104],"class_list":{"0":"post-56820","1":"post","2":"type-post","3":"status-publish","4":"format-standard","5":"has-post-thumbnail","7":"category-ile-de-france","8":"tag-actu","9":"tag-actualite","10":"tag-actualites","11":"tag-eu","12":"tag-europe","13":"tag-fr","14":"tag-france","15":"tag-ile-de-france","16":"tag-news","17":"tag-paris","18":"tag-republique-francaise","19":"tag-rer","20":"tag-sncf","21":"tag-societe"},"share_on_mastodon":{"url":"https:\/\/pubeurope.com\/@fr\/114409966318504834","error":""},"_links":{"self":[{"href":"https:\/\/www.europesays.com\/fr\/wp-json\/wp\/v2\/posts\/56820","targetHints":{"allow":["GET"]}}],"collection":[{"href":"https:\/\/www.europesays.com\/fr\/wp-json\/wp\/v2\/posts"}],"about":[{"href":"https:\/\/www.europesays.com\/fr\/wp-json\/wp\/v2\/types\/post"}],"author":[{"embeddable":true,"href":"https:\/\/www.europesays.com\/fr\/wp-json\/wp\/v2\/users\/2"}],"replies":[{"embeddable":true,"href":"https:\/\/www.europesays.com\/fr\/wp-json\/wp\/v2\/comments?post=56820"}],"version-history":[{"count":0,"href":"https:\/\/www.europesays.com\/fr\/wp-json\/wp\/v2\/posts\/56820\/revisions"}],"wp:featuredmedia":[{"embeddable":true,"href":"https:\/\/www.europesays.com\/fr\/wp-json\/wp\/v2\/media\/56821"}],"wp:attachment":[{"href":"https:\/\/www.europesays.com\/fr\/wp-json\/wp\/v2\/media?parent=56820"}],"wp:term":[{"taxonomy":"category","embeddable":true,"href":"https:\/\/www.europesays.com\/fr\/wp-json\/wp\/v2\/categories?post=56820"},{"taxonomy":"post_tag","embeddable":true,"href":"https:\/\/www.europesays.com\/fr\/wp-json\/wp\/v2\/tags?post=56820"}],"curies":[{"name":"wp","href":"https:\/\/api.w.org\/{rel}","templated":true}]}}