{"id":568209,"date":"2025-11-30T06:01:14","date_gmt":"2025-11-30T06:01:14","guid":{"rendered":"https:\/\/www.europesays.com\/fr\/568209\/"},"modified":"2025-11-30T06:01:14","modified_gmt":"2025-11-30T06:01:14","slug":"pres-de-grenoble-un-immense-temple-du-loisir-ouvre-dans-cette-commune-ce-qui-est-prevu","status":"publish","type":"post","link":"https:\/\/www.europesays.com\/fr\/568209\/","title":{"rendered":"Pr\u00e8s de Grenoble. Un immense \u00ab\u00a0temple du loisir\u00a0\u00bb ouvre dans cette commune : ce qui est pr\u00e9vu"},"content":{"rendered":"<p>                    Par<br \/>\n        <strong><br \/>\n            <a href=\"https:\/\/actu.fr\/auteur\/julien-sournies\" title=\"Consulter tous les articles de Julien Sournies\" target=\"_blank\" rel=\"noopener\">Julien Sournies<\/a><br \/>\n                    <\/strong><\/p>\n<p>        Publi\u00e9 le<\/p>\n<p>            30 nov. 2025 \u00e0 6h16        <\/p>\n<p>C\u2019est un projet de longue haleine qui s\u2019appr\u00eate \u00e0 toucher \u00e0 son terme aux portes de la capitale des Alpes. Le mercredi 3\u00a0d\u00e9cembre 2025, un <strong>immense \u00ab\u2009temple du loisir\u2009\u00bb indoor<\/strong>, baptis\u00e9 Karrousel, va ouvrir ses portes au sein de la commune du Versoud (<a href=\"https:\/\/actu.fr\/auvergne-rhone-alpes\/isere_38\" target=\"_blank\" rel=\"noopener\">Is\u00e8re<\/a>), \u00e0 l\u2019est de <a href=\"https:\/\/actu.fr\/grenoble\/\" target=\"_blank\" rel=\"noopener\">Grenoble<\/a>.<br \/>R\u00e9parti sur une surface de quelque <strong>10\u2009000 m\u00b2<\/strong>, ce vaste p\u00f4le de loisirs accueillera de nombreux espaces d\u00e9di\u00e9s essentiellement au divertissement. Activit\u00e9s, tarifs, horaires\u2009: voici tout ce qu\u2019il faut savoir.<\/p>\n<p>    <a href=\"https:\/\/www.google.com\/maps\/embed?pb=!1m18!1m12!1m3!1d2809.9970009052845!2d5.871641574779889!3d45.22762834919432!2m3!1f0!2f0!3f0!3m2!1i1024!2i768!4f13.1!3m3!1m2!1s0x478a594bee5f3f0d%3A0xf7e60d27b60f3939!2s430%20Rue%20Amable%20Matussi%C3%A8re%2C%2038420%20Le%20Versoud!5e0!3m2!1sfr!2sfr!4v1764068861320!5m2!1sfr!2sfr\" title=\"Ouvrie le lien\" target=\"_blank\" rel=\"noopener\">Cliquez ici pour visualiser le contenu<\/a><\/p>\n<p>Karting, bowling, laser game immersif, karaok\u00e9\u2026<\/p>\n<p class=\" wall-content\">Imagin\u00e9 par Florian Seigle, Fran\u00e7ois Matraglia et David Angulo, le site r\u00e9unit en un m\u00eame espace une \u00ab\u2009diversit\u00e9 rare d\u2019attractions\u2009\u00bb. Au sein du Karrousel, on retrouvera notamment <strong>2\u2009800 m\u00b2 de karting \u00e9lectrique<\/strong> sur 2 niveaux, <strong>14 pistes de bowling<\/strong>, un laser game immersif, le premier action game \u00ab\u2009Agent Factory\u2009\u00bb ou encore plusieurs box de karaok\u00e9 et quiz.<\/p>\n<p class=\" wall-content\">\u00c0 destination des plus petits, on retrouvera par ailleurs un espace enfants compos\u00e9 de trampolines interactifs, plaine de jeux et murs d\u2019escalade. C\u00f4t\u00e9 tarifs, le prix des activit\u00e9s va de <strong>2 \u00e0 25 euros<\/strong>. Pour rassasier la client\u00e8le, le site proposera aussi un <strong>espace bar et un restaurant<\/strong>. Un parking <strong>gratuit <\/strong>de 250 places sera \u00e9galement \u00e0 disposition des clients.<\/p>\n<blockquote class=\"ac-article-quote wall-content\">\n<p>Le lieu a \u00e9t\u00e9 pens\u00e9 comme une v\u00e9ritable mise en sc\u00e8ne.\u00a0Inspir\u00e9 de l\u2019ambiance des f\u00eates foraines, il plonge les visiteurs dans une atmosph\u00e8re immersive o\u00f9 chaque d\u00e9tail compte : d\u00e9cors soign\u00e9s, jeux de lumi\u00e8res, parcours fluides\u2026 et carrousel g\u00e9ant en guise de comptoir d\u2019accueil central. Tout concourt \u00e0 cr\u00e9er une parenth\u00e8se enchant\u00e9e pour les visiteurs.<\/p>\n<p>    <strong>Karrousel<\/strong>\n            <\/p><\/blockquote>\n<p>Des activit\u00e9s pour les entreprises<\/p>\n<p class=\" wall-content\">S\u2019il a surtout \u00e9t\u00e9 con\u00e7u pour accueillir les particuliers, le site pourra aussi servir aux entreprises via notamment la pr\u00e9sence de <strong>salles de s\u00e9minaires modulables<\/strong>. Des activit\u00e9s de coh\u00e9sion seront par ailleurs propos\u00e9es.<\/p>\n<p>Votre r\u00e9gion, votre actu !<\/p>\n<p>Recevez chaque jour les infos qui comptent pour vous.<\/p>\n<p>\t<a href=\"https:\/\/actu.fr\/newsletter\" class=\"ac-btn ac-btn--corner ac-btn--medium ac-btn--blue800\" target=\"_blank\" rel=\"noopener\">S&rsquo;incrire<\/a><\/p>\n<p class=\" wall-content\">\u00ab\u2009Notre emplacement entre Grenoble et Chamb\u00e9ry nous place au c\u0153ur d\u2019un bassin \u00e9conomique dense, avec une forte demande en solutions \u00e9v\u00e9nementielles et team building. Le besoin d\u2019espaces modulables, ludiques et f\u00e9d\u00e9rateurs est r\u00e9el, particuli\u00e8rement pour les PME, ETI ou agences. Karrousel offre une alternative locale aux s\u00e9minaires traditionnels, avec une exp\u00e9rience compl\u00e8te sur site\u2009\u00bb explique Fran\u00e7ois Matraglia, co-fondateur de Karrousel.<\/p>\n<p class=\" wall-content\">D\u2019apr\u00e8s les co-fondateurs du Karrousel, cette ouverture permettra de \u00ab\u2009dynamiser le territoire avec la cr\u00e9ation de <strong>50 emplois<\/strong>\u2009\u00bb.<\/p>\n<p class=\" wall-content\">Au global, ce projet a n\u00e9cessit\u00e9 un investissement de <strong>6\u00a0\u202fmillions d\u2019euros<\/strong>. En tout cas, l\u2019\u00e9quipe fondatrice ne manque pas d\u2019ambitions, visant un chiffre d\u2019affaires de 4,5\u00a0millions d\u2019euros la premi\u00e8re ann\u00e9e.<\/p>\n<p><strong>Horaires d\u2019ouverture\u2009:<\/strong><br \/>Pour le grand public\u2009: du mardi au dimanche de 9h \u00e0 minuit et jusqu\u2019\u00e0 1h du matin les vendredis et samedis.<br \/>Ouvert le lundi pour les entreprises.<\/p>\n<p class=\" wall-content\">Personnalisez votre actualit\u00e9 en ajoutant vos villes et m\u00e9dias en favori avec <a href=\"https:\/\/moncompte.actu.fr\" title=\"D\u00e9couvez Mon Actu\" rel=\"nofollow noopener\" data-trk=\"{&quot;cta&quot;:{&quot;action&quot;:&quot;https:\\\/\\\/moncompte.actu.fr&quot;,&quot;category&quot;:&quot;mon compte&quot;,&quot;from&quot;:&quot;article footer&quot;,&quot;name&quot;:&quot;Mon actu&quot;,&quot;type&quot;:&quot;cta&quot;}}\" target=\"_blank\">Mon Actu<\/a>.<\/p>\n","protected":false},"excerpt":{"rendered":"Par Julien Sournies Publi\u00e9 le 30 nov. 2025 \u00e0 6h16 C\u2019est un projet de longue haleine qui s\u2019appr\u00eate&hellip;\n","protected":false},"author":2,"featured_media":568210,"comment_status":"","ping_status":"","sticky":false,"template":"","format":"standard","meta":{"footnotes":""},"categories":[9566],"tags":[1111,11,2430,1777,674,1011,27,2731,1652,12,3147,25,1340],"class_list":{"0":"post-568209","1":"post","2":"type-post","3":"status-publish","4":"format-standard","5":"has-post-thumbnail","7":"category-grenoble","8":"tag-actu","9":"tag-actualites","10":"tag-auvergne-rhone-alpes","11":"tag-eu","12":"tag-europe","13":"tag-fr","14":"tag-france","15":"tag-grenoble","16":"tag-loisirs-culture","17":"tag-news","18":"tag-nouveaux-commerces","19":"tag-republique-francaise","20":"tag-restaurant"},"share_on_mastodon":{"url":"https:\/\/pubeurope.com\/@fr\/115637130743167989","error":""},"_links":{"self":[{"href":"https:\/\/www.europesays.com\/fr\/wp-json\/wp\/v2\/posts\/568209","targetHints":{"allow":["GET"]}}],"collection":[{"href":"https:\/\/www.europesays.com\/fr\/wp-json\/wp\/v2\/posts"}],"about":[{"href":"https:\/\/www.europesays.com\/fr\/wp-json\/wp\/v2\/types\/post"}],"author":[{"embeddable":true,"href":"https:\/\/www.europesays.com\/fr\/wp-json\/wp\/v2\/users\/2"}],"replies":[{"embeddable":true,"href":"https:\/\/www.europesays.com\/fr\/wp-json\/wp\/v2\/comments?post=568209"}],"version-history":[{"count":0,"href":"https:\/\/www.europesays.com\/fr\/wp-json\/wp\/v2\/posts\/568209\/revisions"}],"wp:featuredmedia":[{"embeddable":true,"href":"https:\/\/www.europesays.com\/fr\/wp-json\/wp\/v2\/media\/568210"}],"wp:attachment":[{"href":"https:\/\/www.europesays.com\/fr\/wp-json\/wp\/v2\/media?parent=568209"}],"wp:term":[{"taxonomy":"category","embeddable":true,"href":"https:\/\/www.europesays.com\/fr\/wp-json\/wp\/v2\/categories?post=568209"},{"taxonomy":"post_tag","embeddable":true,"href":"https:\/\/www.europesays.com\/fr\/wp-json\/wp\/v2\/tags?post=568209"}],"curies":[{"name":"wp","href":"https:\/\/api.w.org\/{rel}","templated":true}]}}