{"id":568211,"date":"2025-11-30T06:02:49","date_gmt":"2025-11-30T06:02:49","guid":{"rendered":"https:\/\/www.europesays.com\/fr\/568211\/"},"modified":"2025-11-30T06:02:49","modified_gmt":"2025-11-30T06:02:49","slug":"cest-lanti-black-friday-depuis-30-ans-artisans-du-monde-defend-le-commerce","status":"publish","type":"post","link":"https:\/\/www.europesays.com\/fr\/568211\/","title":{"rendered":"C\u2019est l\u2019anti \u00ab\u00a0Black friday\u00a0\u00bb\u00a0: depuis 30\u00a0ans, Artisans du monde d\u00e9fend le commerce"},"content":{"rendered":"<p>La boutique Artisans du monde de Rennes f\u00eate ses 30\u00a0ans, alors que se profile le Black friday, jour des grandes r\u00e9ductions qui appelle \u00e0 surconsommer. Entretien avec Lydie Dagonneau, membre du conseil d\u2019administration et b\u00e9n\u00e9vole engag\u00e9e.<\/p>\n<p><strong>Lire aussi\u00a0: <\/strong> <a href=\"https:\/\/www.ouest-france.fr\/medias\/novo19\/video-black-friday-des-entreprises-francaises-appellent-les-consommateurs-a-privilegier-le-made-in-france-ee4f87d4-e674-4df5-a4cc-b6ceb10dcd32\" target=\"_blank\" rel=\"noopener\">VID\u00c9O. Black Friday\u00a0: des entreprises fran\u00e7aises appellent les consommateurs \u00e0 privil\u00e9gier le made in France<\/a><\/p>\n<p>En quoi le mouvement Artisans du monde est-il pr\u00e9curseur\u00a0?<\/p>\n<p>Le mouvement Artisans du monde a \u00e9t\u00e9 initi\u00e9 en 1974 en soutien aux Bangladais victimes d\u2019un typhon. Pas de charit\u00e9, mais un juste prix propos\u00e9, en \u00e9change de produits alimentaires et artisanaux. Le Commerce \u00e9quitable France \u00e9tait n\u00e9. Le magasin de Rennes a ouvert en 1995.<\/p>\n<p>Quelles \u00e9volutions et difficult\u00e9s avez-vous constat\u00e9es depuis trois d\u00e9cennies\u00a0?<\/p>\n<p>Ces derni\u00e8res ann\u00e9es, la boutique a d\u00fb composer avec plusieurs tendances. L\u2019essor des grandes enseignes bio et \u00e9quitable, la vente en ligne, l\u2019\u00e9volution des comportements des consommateurs, mais aussi la crise climatique et la concurrence effr\u00e9n\u00e9e des grands groupes qui accaparent les terres. Pour une association locale, maintenir des marges tout en respectant des prix justes pour les producteurs est un exercice d\u2019\u00e9quilibriste.<\/p>\n<p><strong>Lire aussi\u00a0:<\/strong> <a href=\"https:\/\/rennes.maville.com\/actu\/actudet_-commerce.-dans-le-rouge-la-boutique-artisans-du-monde-de-rennes-appelle-a-l-aide_52674-3752748_actu.Htm\" target=\"_blank\" rel=\"noopener\">Commerce. Dans le rouge, la boutique Artisans du Monde, de Rennes, appelle \u00e0 l\u2019aide<\/a><\/p>\n<p>Y a-t-il encore une place pour le commerce \u00e9quitable\u00a0?<\/p>\n<p>Artisans du monde Rennes a diversifi\u00e9 son offre et a renforc\u00e9 son r\u00f4le p\u00e9dagogique\u00a0: ateliers, temps forts et partenariats locaux lui permettent de rester un acteur culturel et citoyen. La boutique joue aussi la carte du\u00a0sens\u00a0: acheter chez nous, c\u2019est soutenir des fili\u00e8res \u00e9quitables et des projets collectifs. Nous d\u00e9fendons aussi les droits humains, environnementaux, les valeurs d\u00e9mocratiques afin de soutenir les artisans et producteurs du monde entier. Nous devons r\u00e9affirmer qu\u2019un autre monde est possible et continuer \u00e0 relever le d\u00e9fi d\u2019un commerce associatif.<\/p>\n<p>Artisans du Monde\u00a016, rue Hoche, \u00e0 Rennes, le lundi, de 14\u00a0h \u00e0 18\u00a0h\u00a030, et du mardi au samedi, de 14\u00a0h\u00a030 \u00e0 19\u00a0h. T\u00e9l. 02\u00a099\u00a027\u00a005\u00a008\u00a0; admrennes@gmail.com<\/p>\n<p>\u00a0<\/p>\n","protected":false},"excerpt":{"rendered":"La boutique Artisans du monde de Rennes f\u00eate ses 30\u00a0ans, alors que se profile le Black friday, jour&hellip;\n","protected":false},"author":2,"featured_media":568212,"comment_status":"","ping_status":"","sticky":false,"template":"","format":"standard","meta":{"footnotes":""},"categories":[2821],"tags":[11045,1111,11,1764,12690,18004,3623,829,215,19234,68348,1777,674,1011,27,68005,74,12,584,25],"class_list":{"0":"post-568211","1":"post","2":"type-post","3":"status-publish","4":"format-standard","5":"has-post-thumbnail","7":"category-rennes","8":"tag-11045","9":"tag-actu","10":"tag-actualites","11":"tag-ans","12":"tag-anti","13":"tag-artisans","14":"tag-black","15":"tag-bretagne","16":"tag-commerce","17":"tag-defend","18":"tag-equitable","19":"tag-eu","20":"tag-europe","21":"tag-fr","22":"tag-france","23":"tag-friday","24":"tag-monde","25":"tag-news","26":"tag-rennes","27":"tag-republique-francaise"},"share_on_mastodon":{"url":"https:\/\/pubeurope.com\/@fr\/115637138444022802","error":""},"_links":{"self":[{"href":"https:\/\/www.europesays.com\/fr\/wp-json\/wp\/v2\/posts\/568211","targetHints":{"allow":["GET"]}}],"collection":[{"href":"https:\/\/www.europesays.com\/fr\/wp-json\/wp\/v2\/posts"}],"about":[{"href":"https:\/\/www.europesays.com\/fr\/wp-json\/wp\/v2\/types\/post"}],"author":[{"embeddable":true,"href":"https:\/\/www.europesays.com\/fr\/wp-json\/wp\/v2\/users\/2"}],"replies":[{"embeddable":true,"href":"https:\/\/www.europesays.com\/fr\/wp-json\/wp\/v2\/comments?post=568211"}],"version-history":[{"count":0,"href":"https:\/\/www.europesays.com\/fr\/wp-json\/wp\/v2\/posts\/568211\/revisions"}],"wp:featuredmedia":[{"embeddable":true,"href":"https:\/\/www.europesays.com\/fr\/wp-json\/wp\/v2\/media\/568212"}],"wp:attachment":[{"href":"https:\/\/www.europesays.com\/fr\/wp-json\/wp\/v2\/media?parent=568211"}],"wp:term":[{"taxonomy":"category","embeddable":true,"href":"https:\/\/www.europesays.com\/fr\/wp-json\/wp\/v2\/categories?post=568211"},{"taxonomy":"post_tag","embeddable":true,"href":"https:\/\/www.europesays.com\/fr\/wp-json\/wp\/v2\/tags?post=568211"}],"curies":[{"name":"wp","href":"https:\/\/api.w.org\/{rel}","templated":true}]}}