{"id":568213,"date":"2025-11-30T06:04:13","date_gmt":"2025-11-30T06:04:13","guid":{"rendered":"https:\/\/www.europesays.com\/fr\/568213\/"},"modified":"2025-11-30T06:04:13","modified_gmt":"2025-11-30T06:04:13","slug":"premiere-fois-candidate-aux-municipales-de-2026-a-rennes-qui-est-erell-duclos","status":"publish","type":"post","link":"https:\/\/www.europesays.com\/fr\/568213\/","title":{"rendered":"Premi\u00e8re fois candidate aux Municipales de 2026 \u00e0 Rennes, qui est Erell Duclos\u00a0?"},"content":{"rendered":"<p>                    Par<br \/>\n        <strong><br \/>\n            <a href=\"https:\/\/actu.fr\/auteur\/laurene-fertin\" title=\"Consulter tous les articles de Laur\u00e8ne Fertin\" target=\"_blank\" rel=\"noopener\">Laur\u00e8ne Fertin<\/a><br \/>\n                    <\/strong><\/p>\n<p>        Publi\u00e9 le<\/p>\n<p>            30 nov. 2025 \u00e0 6h32        <\/p>\n<p>Alors que <a href=\"https:\/\/actu.fr\/bretagne\/rennes_35238\/le-moment-venu-nathalie-appere-se-declarera-candidate-aux-elections-municipales-de-rennes-en-2026_63462165.html\" target=\"_blank\" rel=\"noopener\">Nathalie App\u00e9r\u00e9 a annonc\u00e9 briguer un troisi\u00e8me mandat<\/a>, accompagn\u00e9e d\u2019une large union de la gauche et des \u00e9cologistes et que la d\u00e9put\u00e9e LFI Marie Mesmeur est \u00e9galement candidate,<strong> une autre candidate\u00a0<\/strong>de la gauche compte bien tirer son \u00e9pingle du jeu.<\/p>\n<p class=\" wall-content\"><strong>Erell Duclos, 26\u00a0ans,<\/strong> se pr\u00e9sente en effet aux municipales dans la capitale bretonne et se positionne comme \u00ab\u2009la seule alternative de gauche, du moins, <strong>de gauche radicale\u2009\u00bb<\/strong>, sous la banni\u00e8re politique <strong>\u00ab\u2009R\u00e9volution Permanente\u2009\u00bb.<\/strong><\/p>\n<p>\u00ab\u2009Porter la voix des jeunes, des travailleurs\u2009\u00bb<\/p>\n<p class=\" wall-content\">\u00c9tudiante, Erell Duclos est en<strong> Master 2 de sociologie \u00e0 Rennes 2<\/strong>. En parall\u00e8le de ses \u00e9tudes, la jeune femme travaille en tant que <strong>surveillante \u00e0 l\u2019internat<\/strong> au lyc\u00e9e de Br\u00e9quigny. \u00ab\u2009On arrive \u00e0 17h, passe la nuit l\u00e0-bas et on repart le matin\u2009\u00bb, sourit la candidate.<\/p>\n<p class=\" wall-content\">Son engagement politique vient <strong>\u00ab\u2009d\u2019une envie\u2009\u00bb<\/strong>\u2009: celle de \u00ab\u2009porter la voix de tous ceux qui travaillent ici, qui \u00e9tudient ici, qui vivent ici, mais qui <strong>sont exclus des choix politiques<\/strong> de la Ville\u2009\u00bb.<\/p>\n<blockquote class=\"ac-article-quote wall-content\">\n<p>On a envie de porter la voix des jeunes, des travailleurs, des classes populaires qui n&rsquo;ont pas voix au chapitre alors qu&rsquo;en r\u00e9alit\u00e9, ce sont nous qui faisons fonctionner les services publics, tourner l&rsquo;\u00e9conomie. Nous avons le droit de savoir quelle sera la ville de demain.<\/p>\n<p>    <strong>Erell Duclos<\/strong><br \/>\n        Candidate aux municipales de 2026    <\/p><\/blockquote>\n<p class=\" wall-content\">La jeune femme s\u2019est tourn\u00e9e vers la politique au moment des manifestations lanc\u00e9es par le mouvement des Gilets jaunes. \u00ab\u2009Je me suis engag\u00e9e au sein du<strong> Nouveau parti anticapitaliste (NPA),<\/strong> puis j\u2019ai rejoint R\u00e9volution Permanente au sein du NPA\u2009\u00bb, pr\u00e9cise Erell Duclos. Le parti repr\u00e9sente, \u00e0 Rennes, <strong>une trentaine de militants.<\/strong><\/p>\n<p>Votre r\u00e9gion, votre actu !<\/p>\n<p>Recevez chaque jour les infos qui comptent pour vous.<\/p>\n<p>\t<a href=\"https:\/\/actu.fr\/newsletter\" class=\"ac-btn ac-btn--corner ac-btn--medium ac-btn--blue800\" target=\"_blank\" rel=\"noopener\">S&rsquo;incrire<\/a><br \/>\nLe logement<\/p>\n<p class=\" wall-content\">La campagne est officiellement lanc\u00e9e. \u00ab\u2009Depuis la semaine derni\u00e8re, on a des militants qui font du porte-\u00e0-porte, qui distribuent des tracts sur les march\u00e9s ou encore \u00e0 la sortie des m\u00e9tros\u2009\u00bb, indique Erell Duclos.<\/p>\n<p class=\" wall-content\">Que trouve-t-on parmi les mesures indiqu\u00e9es dans cette campagne\u2009? \u00ab\u2009Une des questions phares que l\u2019on veut mettre en avant est celle du logement, et<strong> la n\u00e9cessit\u00e9 d\u2019un plan d\u2019urgence,<\/strong> car la situation sur la Ville est devenue catastrophique en quelques ann\u00e9es.\u2009\u00bb Prix du loyer, peu de logements disponibles, des logements insalubres\u2026<\/p>\n<blockquote class=\"ac-article-quote wall-content\">\n<p>On souhaite la r\u00e9quisition des 28 000 passoires thermiques pour qu&rsquo;elles soient r\u00e9nov\u00e9es et en parall\u00e8le, r\u00e9quisitionner les logements vides pour les mettre \u00e0 disposition des femmes et des personnes LGBT victimes de violences, des \u00e9tudiants, travailleurs pr\u00e9caires, etc.<\/p>\n<p>    <strong>Erell Duclos<\/strong><br \/>\n        Candidate aux municipales de 2026    <\/p><\/blockquote>\n<p class=\" wall-content\">L\u2019\u00e9tudiante \u00e9voque \u00e9galement <strong>\u00ab\u2009une chasse des personnes sans papiers<\/strong> [\u2026] balad\u00e9es de gymnase en gymnase, sans qu\u2019aucune solution ne leur soit propos\u00e9e alors qu\u2019il existe des logements vacants qui pourraient \u00eatre mis \u00e0 disposition\u2009\u00bb.<\/p>\n<p class=\" wall-content\"><strong>Deux autres mesures phares<\/strong><\/p>\n<p class=\" wall-content\">R\u00e9volution Permanente critique par ailleurs la gentrification de la ville et \u00ab\u2009l\u2019embourgeoisement du centre-ville\u2009\u00bb, et par l\u00e0, \u00ab\u2009la cr\u00e9ation de nombreux quartiers comme celui de La Courrouze\u2009\u00bb men\u00e9e par la mairie de Rennes.<\/p>\n<blockquote class=\"ac-article-quote wall-content\">\n<p>On veut r\u00e9quisitionner le Mama Shelter pour en faire un centre social d&rsquo;urgence. Le centre-ville devrait \u00eatre au service de la population et de ses int\u00e9r\u00eats, et non pas au service des hommes d&rsquo;affaires et des riches qui ont envie de se payer une nuit cinq \u00e9toiles place Sainte-Anne.<\/p>\n<p>    <strong>Erell Duclos<\/strong><br \/>\n        Candidate aux \u00e9lections municipales de Rennes    <\/p><\/blockquote>\n<p class=\" wall-content\">Par ailleurs, Erell Duclos veut <strong>d\u00e9fendre la jeunesse.<\/strong> \u00ab\u2009La ville est compos\u00e9e de 73\u2009000 \u00e9tudiants\u2009\u00bb, qui rencontrent des difficult\u00e9s. R\u00e9volution Permanente s\u2019engage \u00e0 rendre\u2009:<\/p>\n<ul class=\" wall-content\">\n<li><strong>les transports gratuits<\/strong> pour tous\u2009;<\/li>\n<li>donner <strong>un repas gratuit et quotidien<\/strong> pour tous\u2009;<\/li>\n<li>mettre en place <strong>un revenu \u00e9tudiant<\/strong>, \u00e0 hauteur du Smic, financ\u00e9 par un imp\u00f4t sur les grandes fortunes.<\/li>\n<\/ul>\n<p class=\" wall-content\">D\u2019autres axes seront d\u00e9velopp\u00e9s au fur et \u00e0 mesure de la campagne tels que la culture et les questions touchant \u00ab\u2009au racisme et aux violences d\u2019\u00c9tat\u2009\u00bb.<\/p>\n<p>Quid de l&rsquo;ins\u00e9curit\u00e9 ?<\/p>\n<p>Si la s\u00e9curit\u00e9 &#8211; ou l&rsquo;ins\u00e9curit\u00e9 &#8211; fait partie, pour cette campagne 2026 d&rsquo;une question majeure pour certains candidats (Rassemblement national avec Julien Masson et et Luca Togni ou encore Charles Compagnon et Carole Gandon \u00e0 droite), Erell Duclos ne l&rsquo;envisage pas sous cet aspect. \u00ab\u00a0Ils surfent sur un climat d&rsquo;ins\u00e9curit\u00e9, promettant plus de r\u00e9pression et de violences dans les quartiers populaires. Or, la vraie ins\u00e9curit\u00e9 \u00e0 Rennes est sociale : violence de l&rsquo;aust\u00e9rit\u00e9, de l&rsquo;acc\u00e8s impossible aux logements, du ch\u00f4mage, de la pauvret\u00e9.\u00a0\u00bb Sans oublier \u00ab\u00a0les violences polici\u00e8res\u00a0\u00bb. R\u00e9volution permanente souhaite, par exemple, la dissolution des corps sp\u00e9ciaux de la police (BAC et CRS) et la fin des cam\u00e9ras de vid\u00e9osurveillance.<\/p>\n<p>Nathalie App\u00e9r\u00e9, LFI\u2026<\/p>\n<p class=\" wall-content\">Erell Duclos n\u2019a pas souhait\u00e9 se pr\u00e9senter aux c\u00f4t\u00e9s de Nathalie App\u00e9r\u00e9 pour qui elle tire un <strong>\u00ab\u2009bilan tr\u00e8s n\u00e9gatif de la Ville\u2009\u00bb,<\/strong> notamment pour avoir men\u00e9<strong> \u00ab\u2009une politique de gentrification<\/strong> aux services des riches et des grandes entreprises\u2009\u00bb. Cette liste d\u2019union de la gauche* n\u2019est, pour la candidate, \u00ab\u2009qu\u2019une gauche institutionnelle qui ne cesse de trahir ses promesses\u2009\u00bb.<\/p>\n<p class=\" wall-content\">M\u00eame constat pour La France Insoumise <a href=\"https:\/\/actu.fr\/bretagne\/rennes_35238\/il-est-temps-de-faire-mieux-marie-mesmeur-candidate-aux-elections-municipales-de-rennes-en-2026_63470327.html\" target=\"_blank\" rel=\"noopener\">(Marie Mesmeur<\/a> et Ulysse Rabat\u00e9, respectivement candidats) qui \u00ab\u2009essaient de se pr\u00e9senter comme une alternative\u2009\u00bb au Parti Socialiste, mais qui a permis \u00ab\u2009de le ressusciter dans le cadre d\u2019alliances\u2009\u00bb telles que la Nupes ou le Front Populaire. \u00ab\u2009Ce sont des partis qui nous ont trahis, qui sauvent actuellement le budget du gouvernement, ou encore qui ont adopt\u00e9 la loi travail\u2009\u00bb, \u00e9gr\u00e8ne-t-elle. \u00ab\u2009Nous n\u2019avons rien \u00e0 faire avec ces gens-l\u00e0.\u2009\u00bb<\/p>\n<p class=\" wall-content\">\u00ab\u2009Nous avons besoin de construire <strong>une alternative r\u00e9volutionnaire,<\/strong> une gauche radicale, de combat\u2009\u00bb, r\u00e9sume Erell Duclos.<\/p>\n<p>*La coalition comprend donc le Parti Socialiste, Les \u00c9cologistes, le Parti Communiste Fran\u00e7ais, G\u00e9n\u00e9ration. s, Mouvement Radical, Union D\u00e9mocratique Bretonne, Confluences, Horizon Commun, Nouvelle Donne, Place Publique, L\u2019Apr\u00e8s et Debout\u2009!.<\/p>\n<p class=\" wall-content\">Personnalisez votre actualit\u00e9 en ajoutant vos villes et m\u00e9dias en favori avec <a href=\"https:\/\/moncompte.actu.fr\" title=\"D\u00e9couvez Mon Actu\" rel=\"nofollow noopener\" data-trk=\"{&quot;cta&quot;:{&quot;action&quot;:&quot;https:\\\/\\\/moncompte.actu.fr&quot;,&quot;category&quot;:&quot;mon compte&quot;,&quot;from&quot;:&quot;article footer&quot;,&quot;name&quot;:&quot;Mon actu&quot;,&quot;type&quot;:&quot;cta&quot;}}\" target=\"_blank\">Mon Actu<\/a>.<\/p>\n","protected":false},"excerpt":{"rendered":"Par Laur\u00e8ne Fertin Publi\u00e9 le 30 nov. 2025 \u00e0 6h32 Alors que Nathalie App\u00e9r\u00e9 a annonc\u00e9 briguer un&hellip;\n","protected":false},"author":2,"featured_media":568214,"comment_status":"","ping_status":"","sticky":false,"template":"","format":"standard","meta":{"footnotes":""},"categories":[2821],"tags":[1111,11,829,4188,1777,674,1011,27,3434,12,316,584,25],"class_list":{"0":"post-568213","1":"post","2":"type-post","3":"status-publish","4":"format-standard","5":"has-post-thumbnail","7":"category-rennes","8":"tag-actu","9":"tag-actualites","10":"tag-bretagne","11":"tag-elections-municipales","12":"tag-eu","13":"tag-europe","14":"tag-fr","15":"tag-france","16":"tag-municipales-2026","17":"tag-news","18":"tag-politique","19":"tag-rennes","20":"tag-republique-francaise"},"share_on_mastodon":{"url":"https:\/\/pubeurope.com\/@fr\/115637142978749792","error":""},"_links":{"self":[{"href":"https:\/\/www.europesays.com\/fr\/wp-json\/wp\/v2\/posts\/568213","targetHints":{"allow":["GET"]}}],"collection":[{"href":"https:\/\/www.europesays.com\/fr\/wp-json\/wp\/v2\/posts"}],"about":[{"href":"https:\/\/www.europesays.com\/fr\/wp-json\/wp\/v2\/types\/post"}],"author":[{"embeddable":true,"href":"https:\/\/www.europesays.com\/fr\/wp-json\/wp\/v2\/users\/2"}],"replies":[{"embeddable":true,"href":"https:\/\/www.europesays.com\/fr\/wp-json\/wp\/v2\/comments?post=568213"}],"version-history":[{"count":0,"href":"https:\/\/www.europesays.com\/fr\/wp-json\/wp\/v2\/posts\/568213\/revisions"}],"wp:featuredmedia":[{"embeddable":true,"href":"https:\/\/www.europesays.com\/fr\/wp-json\/wp\/v2\/media\/568214"}],"wp:attachment":[{"href":"https:\/\/www.europesays.com\/fr\/wp-json\/wp\/v2\/media?parent=568213"}],"wp:term":[{"taxonomy":"category","embeddable":true,"href":"https:\/\/www.europesays.com\/fr\/wp-json\/wp\/v2\/categories?post=568213"},{"taxonomy":"post_tag","embeddable":true,"href":"https:\/\/www.europesays.com\/fr\/wp-json\/wp\/v2\/tags?post=568213"}],"curies":[{"name":"wp","href":"https:\/\/api.w.org\/{rel}","templated":true}]}}