{"id":568215,"date":"2025-11-30T06:05:13","date_gmt":"2025-11-30T06:05:13","guid":{"rendered":"https:\/\/www.europesays.com\/fr\/568215\/"},"modified":"2025-11-30T06:05:13","modified_gmt":"2025-11-30T06:05:13","slug":"municipales-2026-comment-la-droite-veut-reconquerir-strasbourg","status":"publish","type":"post","link":"https:\/\/www.europesays.com\/fr\/568215\/","title":{"rendered":"Municipales 2026. Comment la droite veut reconqu\u00e9rir Strasbourg"},"content":{"rendered":"<p>Strasbourg n\u2019a pas \u00e9t\u00e9 g\u00e9r\u00e9e par la droite depuis 2008. Et les sept ann\u00e9es du tandem form\u00e9 par Fabienne Keller et Robert Grossmann apparaissent comme une parenth\u00e8se. C\u2019est le seul mandat de droite depuis la conqu\u00eate de la ville par la gauche et <a href=\"https:\/\/www.lalsace.fr\/p\/catherine-trautmann\" target=\"_blank\" rel=\"noopener\">Catherine Trautmann<\/a> en 1989. Strasbourg est toujours plus \u00e0 gauche, ce qui n\u2019emp\u00eache pas le candidat Les R\u00e9publicains <a href=\"https:\/\/www.lalsace.fr\/p\/jean-philippe-vetter\" target=\"_blank\" rel=\"noopener\">Jean-Philippe Vetter<\/a> de consid\u00e9rer la victoire \u00e0 sa port\u00e9e en mars prochain.<\/p>\n<p>\u00ab\u00a0Le changement que nous appelons de nos v\u0153ux n\u2019est plus un lointain espoir\u00a0\u00bb, a-t-il affirm\u00e9 lors d\u2019une r\u00e9union publique, le 18\u00a0novembre, fort d\u2019une deuxi\u00e8me place dans <a href=\"https:\/\/www.lalsace.fr\/elections\/2025\/09\/12\/strasbourg-selon-un-sondage-ifop-trautmann-et-vetter-au-coude-a-coude-devant-barseghian\" target=\"_blank\" rel=\"noopener\">un sondage command\u00e9 par ses soins<\/a> et face \u00e0 une gauche divis\u00e9e. Le conseiller municipal d\u2019opposition et conseiller d\u00e9partemental, soutenu par le pr\u00e9sident de la Collectivit\u00e9 europ\u00e9enne d\u2019Alsace (CEA) <a href=\"https:\/\/www.lalsace.fr\/p\/frederic-bierry\" target=\"_blank\" rel=\"noopener\">Fr\u00e9d\u00e9ric Bierry<\/a>, a pour mod\u00e8le le maire de Toulouse <a href=\"https:\/\/www.lalsace.fr\/p\/jean-luc-moudenc\" target=\"_blank\" rel=\"noopener\">Jean-Luc Moudenc<\/a> qui, apr\u00e8s l\u2019avoir perdue, a su reprendre la ville rose \u00e0 la gauche. Lors de la r\u00e9union \u00e0 l\u2019Aubette, des maires bas-rhinois \u2013 et de droite \u2013 sont venus lui apporter leur soutien\u00a0: <a href=\"https:\/\/www.lalsace.fr\/p\/bernard-fischer\" target=\"_blank\" rel=\"noopener\">Bernard Fischer<\/a> (Obernai), <a href=\"https:\/\/www.lalsace.fr\/p\/stephane-leyenberger\" target=\"_blank\" rel=\"noopener\">St\u00e9phane Leyenberger<\/a> (Saverne), <a href=\"https:\/\/www.lalsace.fr\/p\/thibaud-philipps\" target=\"_blank\" rel=\"noopener\">Thibaud Philipps<\/a> (Illkirch) ou encore Catherine Graef-Eckert (Lingolsheim).<\/p>\n<p>La droite bas-rhinoise s\u2019organise en effet en soutien comme l\u2019explique le patron des LR bas-rhinois et d\u00e9put\u00e9 de Saverne <a href=\"https:\/\/www.lalsace.fr\/p\/patrick-hetzel\" target=\"_blank\" rel=\"noopener\">Patrick Hetzel<\/a>. \u00ab\u00a0Pour les Strasbourgeois, il y a int\u00e9r\u00eat \u00e0 ce qu\u2019il y ait une alternance. C\u2019est aussi la question de la fa\u00e7on dont la maire g\u00e8re ou non sa centralit\u00e9. Quand <a href=\"https:\/\/www.lalsace.fr\/p\/jeanne-barseghian\" target=\"_blank\" rel=\"noopener\">Jeanne Barseghian<\/a> prend des d\u00e9cisions en tant que maire de Strasbourg, cela peut avoir des cons\u00e9quences loin de Strasbourg, comme pour la ZFE [zone \u00e0 faibles \u00e9missions] par exemple\u00a0\u00bb, d\u00e9veloppe-t-il.<\/p>\n<p>  Troisi\u00e8me tour \u00e0 l\u2019Eurom\u00e9tropole<\/p>\n<p>La ZFE rel\u00e8ve de l\u2019Eurom\u00e9tropole et c\u2019est l\u2019autre enjeu de l\u2019\u00e9lection strasbourgeoise. \u00ab\u00a0Aujourd\u2019hui, pour ma commune, c\u2019est important qu\u2019il y ait un changement de cap \u00e0 l\u2019Eurom\u00e9tropole et donc \u00e0 la ville de Strasbourg\u00a0\u00bb, justifie Catherine Graef-Eckert, qui critique la gouvernance de <a href=\"https:\/\/www.lalsace.fr\/p\/pia-imbs\" target=\"_blank\" rel=\"noopener\">Pia Imbs<\/a> et des \u00e9cologistes. Strasbourg dispose en effet de 48 des 99 si\u00e8ges de l\u2019assembl\u00e9e m\u00e9tropolitaine. La vice-pr\u00e9sidente de la CEA, encore discr\u00e8te sur ses ambitions, avait \u00e9t\u00e9 candidate \u00e0 la pr\u00e9sidence de l\u2019agglom\u00e9ration en 2020. Le maire d\u2019Illkirch, lui, a d\u00e9j\u00e0 dit qu\u2019il visait cette fonction et pr\u00f4ne une nouvelle gouvernance plus large. En cela, \u00ab\u00a0Strasbourg a un r\u00f4le central. Et le fait que les administrations Ville-Eurom\u00e9tropole soient fusionn\u00e9es accentue encore cela\u00a0\u00bb, observe Thibaud Philipps.<\/p>\n<p>Le vice-pr\u00e9sident de la r\u00e9gion estime que pour reconqu\u00e9rir Strasbourg, il faudrait une alliance large \u00e0 l\u2019image de l\u2019opposition au tram nord o\u00f9 ferraillaient ensemble Jean-Philippe Vetter, <a href=\"https:\/\/www.lalsace.fr\/p\/pierre-jakubowicz\" target=\"_blank\" rel=\"noopener\">Pierre Jakubowicz<\/a> (Horizons, MoDem et Renaissance) et Catherine Trautmann (PS). D\u2019ailleurs le 18\u00a0novembre, Vetter, qui se sait coinc\u00e9 entre le RN et le centre, a montr\u00e9 des accents tr\u00e8s droitiers, tout en tendant la main au centriste Jakubowicz et m\u00eame aux sociaux-d\u00e9mocrates.<\/p>\n<p>Dans une course municipale o\u00f9 les observateurs imaginent une triangulaire, voire une quadrangulaire, la question des alliances sera essentielle, \u00e0 gauche comme \u00e0 droite, et posera la base du troisi\u00e8me tour, \u00e0 l\u2019Eurom\u00e9tropole.<\/p>\n","protected":false},"excerpt":{"rendered":"Strasbourg n\u2019a pas \u00e9t\u00e9 g\u00e9r\u00e9e par la droite depuis 2008. Et les sept ann\u00e9es du tandem form\u00e9 par&hellip;\n","protected":false},"author":2,"featured_media":568216,"comment_status":"","ping_status":"","sticky":false,"template":"","format":"standard","meta":{"footnotes":""},"categories":[2820],"tags":[1111,11,2389,15107,1777,674,107,1011,27,775,12,316,25,640],"class_list":{"0":"post-568215","1":"post","2":"type-post","3":"status-publish","4":"format-standard","5":"has-post-thumbnail","7":"category-strasbourg","8":"tag-actu","9":"tag-actualites","10":"tag-alsace","11":"tag-chuchotements","12":"tag-eu","13":"tag-europe","14":"tag-fil-info","15":"tag-fr","16":"tag-france","17":"tag-grand-est","18":"tag-news","19":"tag-politique","20":"tag-republique-francaise","21":"tag-strasbourg"},"share_on_mastodon":{"url":"https:\/\/pubeurope.com\/@fr\/115637146364669402","error":""},"_links":{"self":[{"href":"https:\/\/www.europesays.com\/fr\/wp-json\/wp\/v2\/posts\/568215","targetHints":{"allow":["GET"]}}],"collection":[{"href":"https:\/\/www.europesays.com\/fr\/wp-json\/wp\/v2\/posts"}],"about":[{"href":"https:\/\/www.europesays.com\/fr\/wp-json\/wp\/v2\/types\/post"}],"author":[{"embeddable":true,"href":"https:\/\/www.europesays.com\/fr\/wp-json\/wp\/v2\/users\/2"}],"replies":[{"embeddable":true,"href":"https:\/\/www.europesays.com\/fr\/wp-json\/wp\/v2\/comments?post=568215"}],"version-history":[{"count":0,"href":"https:\/\/www.europesays.com\/fr\/wp-json\/wp\/v2\/posts\/568215\/revisions"}],"wp:featuredmedia":[{"embeddable":true,"href":"https:\/\/www.europesays.com\/fr\/wp-json\/wp\/v2\/media\/568216"}],"wp:attachment":[{"href":"https:\/\/www.europesays.com\/fr\/wp-json\/wp\/v2\/media?parent=568215"}],"wp:term":[{"taxonomy":"category","embeddable":true,"href":"https:\/\/www.europesays.com\/fr\/wp-json\/wp\/v2\/categories?post=568215"},{"taxonomy":"post_tag","embeddable":true,"href":"https:\/\/www.europesays.com\/fr\/wp-json\/wp\/v2\/tags?post=568215"}],"curies":[{"name":"wp","href":"https:\/\/api.w.org\/{rel}","templated":true}]}}