{"id":568217,"date":"2025-11-30T06:06:15","date_gmt":"2025-11-30T06:06:15","guid":{"rendered":"https:\/\/www.europesays.com\/fr\/568217\/"},"modified":"2025-11-30T06:06:15","modified_gmt":"2025-11-30T06:06:15","slug":"direct-strasbourg-brest-suivez-le-match","status":"publish","type":"post","link":"https:\/\/www.europesays.com\/fr\/568217\/","title":{"rendered":"DIRECT &#8211; Strasbourg &#8211; Brest : suivez le match"},"content":{"rendered":"<p>Le 30 novembre 2025 \u00e0 06h31<\/p>\n<p class=\"tlg-h5\">Pour le compte de la 14e journ\u00e9e de Ligue 1, le Stade Brestois (14e) se d\u00e9place \u00e0 Strasbourg (5e), ce dimanche 15 h). Apr\u00e8s leur victoire face \u00e0 Metz (3-2), les hommes d&rsquo;Eric Roy aimeraient bien encha\u00eener face \u00e0 une \u00e9quipe stasbourgeoise, qui a perdu face \u00e0 Lens (1-0), la semaine derni\u00e8re. Suivez la rencontre en direct comment\u00e9.<\/p>\n<p><img fetchpriority=\"high\" decoding=\"async\" src=\"https:\/\/www.europesays.com\/fr\/wp-content\/uploads\/2025\/11\/6925899a7f4db602d302f764.1.jpeg\" width=\"960\" height=\"600\" class=\"web_golden_xl\" loading=\"eager\" alt=\"Football\"\/>Julien Le Cardinal et les Brestois se d\u00e9lacent \u00e0 Strasbourg. (Photo Vincent Le Guern)<\/p>\n","protected":false},"excerpt":{"rendered":"Le 30 novembre 2025 \u00e0 06h31 Pour le compte de la 14e journ\u00e9e de Ligue 1, le Stade&hellip;\n","protected":false},"author":2,"featured_media":568218,"comment_status":"","ping_status":"","sticky":false,"template":"","format":"standard","meta":{"footnotes":""},"categories":[2820],"tags":[1111,11,3450,1777,674,63,1011,27,775,66,12,25,60,4449,640],"class_list":{"0":"post-568217","1":"post","2":"type-post","3":"status-publish","4":"format-standard","5":"has-post-thumbnail","7":"category-strasbourg","8":"tag-actu","9":"tag-actualites","10":"tag-brest","11":"tag-eu","12":"tag-europe","13":"tag-football","14":"tag-fr","15":"tag-france","16":"tag-grand-est","17":"tag-ligue-1","18":"tag-news","19":"tag-republique-francaise","20":"tag-sports","21":"tag-stade-brestois","22":"tag-strasbourg"},"share_on_mastodon":{"url":"https:\/\/pubeurope.com\/@fr\/115637151122968798","error":""},"_links":{"self":[{"href":"https:\/\/www.europesays.com\/fr\/wp-json\/wp\/v2\/posts\/568217","targetHints":{"allow":["GET"]}}],"collection":[{"href":"https:\/\/www.europesays.com\/fr\/wp-json\/wp\/v2\/posts"}],"about":[{"href":"https:\/\/www.europesays.com\/fr\/wp-json\/wp\/v2\/types\/post"}],"author":[{"embeddable":true,"href":"https:\/\/www.europesays.com\/fr\/wp-json\/wp\/v2\/users\/2"}],"replies":[{"embeddable":true,"href":"https:\/\/www.europesays.com\/fr\/wp-json\/wp\/v2\/comments?post=568217"}],"version-history":[{"count":0,"href":"https:\/\/www.europesays.com\/fr\/wp-json\/wp\/v2\/posts\/568217\/revisions"}],"wp:featuredmedia":[{"embeddable":true,"href":"https:\/\/www.europesays.com\/fr\/wp-json\/wp\/v2\/media\/568218"}],"wp:attachment":[{"href":"https:\/\/www.europesays.com\/fr\/wp-json\/wp\/v2\/media?parent=568217"}],"wp:term":[{"taxonomy":"category","embeddable":true,"href":"https:\/\/www.europesays.com\/fr\/wp-json\/wp\/v2\/categories?post=568217"},{"taxonomy":"post_tag","embeddable":true,"href":"https:\/\/www.europesays.com\/fr\/wp-json\/wp\/v2\/tags?post=568217"}],"curies":[{"name":"wp","href":"https:\/\/api.w.org\/{rel}","templated":true}]}}