{"id":568221,"date":"2025-11-30T06:08:19","date_gmt":"2025-11-30T06:08:19","guid":{"rendered":"https:\/\/www.europesays.com\/fr\/568221\/"},"modified":"2025-11-30T06:08:19","modified_gmt":"2025-11-30T06:08:19","slug":"direct-lorient-nice-suivez-le-match","status":"publish","type":"post","link":"https:\/\/www.europesays.com\/fr\/568221\/","title":{"rendered":"DIRECT &#8211; Lorient &#8211; Nice : suivez le match"},"content":{"rendered":"<p>Le 30 novembre 2025 \u00e0 06h08<\/p>\n<p class=\"tlg-h5\">Pour le compte de la 14e journ\u00e9e de Ligue 1, le FC Lorient (16e), frustr\u00e9 du match nul face \u00e0 Nantes (1-1), re\u00e7oit Nice (9e). Les hommes d&rsquo;Olivier Pantaloni n&rsquo;ont plus gagn\u00e9 depuis sept matchs et aimeraient bien retrouver le chemin de la victoire. Pourquoi au Moustoir, ce dimanche (17 h 15) ?<\/p>\n<p><img fetchpriority=\"high\" decoding=\"async\" src=\"https:\/\/www.europesays.com\/fr\/wp-content\/uploads\/2025\/11\/69258dcf2722ed5c62074814.1.jpeg\" width=\"960\" height=\"600\" class=\"web_golden_xl\" loading=\"eager\" alt=\"Football\"\/>Noah Cadiou et les Lorientais re\u00e7oivent Nice. (Photo Nicolas Cr\u00e9ach)<\/p>\n","protected":false},"excerpt":{"rendered":"Le 30 novembre 2025 \u00e0 06h08 Pour le compte de la 14e journ\u00e9e de Ligue 1, le FC&hellip;\n","protected":false},"author":2,"featured_media":568222,"comment_status":"","ping_status":"","sticky":false,"template":"","format":"standard","meta":{"footnotes":""},"categories":[2819],"tags":[1111,11,1777,674,3317,63,1011,27,66,1781,12,2401,882,25,60],"class_list":{"0":"post-568221","1":"post","2":"type-post","3":"status-publish","4":"format-standard","5":"has-post-thumbnail","7":"category-nice","8":"tag-actu","9":"tag-actualites","10":"tag-eu","11":"tag-europe","12":"tag-fc-lorient","13":"tag-football","14":"tag-fr","15":"tag-france","16":"tag-ligue-1","17":"tag-lorient","18":"tag-news","19":"tag-nice","20":"tag-provence-alpes-cote-dazur","21":"tag-republique-francaise","22":"tag-sports"},"share_on_mastodon":{"url":"https:\/\/pubeurope.com\/@fr\/115637158530381116","error":""},"_links":{"self":[{"href":"https:\/\/www.europesays.com\/fr\/wp-json\/wp\/v2\/posts\/568221","targetHints":{"allow":["GET"]}}],"collection":[{"href":"https:\/\/www.europesays.com\/fr\/wp-json\/wp\/v2\/posts"}],"about":[{"href":"https:\/\/www.europesays.com\/fr\/wp-json\/wp\/v2\/types\/post"}],"author":[{"embeddable":true,"href":"https:\/\/www.europesays.com\/fr\/wp-json\/wp\/v2\/users\/2"}],"replies":[{"embeddable":true,"href":"https:\/\/www.europesays.com\/fr\/wp-json\/wp\/v2\/comments?post=568221"}],"version-history":[{"count":0,"href":"https:\/\/www.europesays.com\/fr\/wp-json\/wp\/v2\/posts\/568221\/revisions"}],"wp:featuredmedia":[{"embeddable":true,"href":"https:\/\/www.europesays.com\/fr\/wp-json\/wp\/v2\/media\/568222"}],"wp:attachment":[{"href":"https:\/\/www.europesays.com\/fr\/wp-json\/wp\/v2\/media?parent=568221"}],"wp:term":[{"taxonomy":"category","embeddable":true,"href":"https:\/\/www.europesays.com\/fr\/wp-json\/wp\/v2\/categories?post=568221"},{"taxonomy":"post_tag","embeddable":true,"href":"https:\/\/www.europesays.com\/fr\/wp-json\/wp\/v2\/tags?post=568221"}],"curies":[{"name":"wp","href":"https:\/\/api.w.org\/{rel}","templated":true}]}}