{"id":568234,"date":"2025-11-30T06:17:14","date_gmt":"2025-11-30T06:17:14","guid":{"rendered":"https:\/\/www.europesays.com\/fr\/568234\/"},"modified":"2025-11-30T06:17:14","modified_gmt":"2025-11-30T06:17:14","slug":"lille-previsions-meteo-du-dimanche-30-novembre-2025","status":"publish","type":"post","link":"https:\/\/www.europesays.com\/fr\/568234\/","title":{"rendered":"Lille : pr\u00e9visions m\u00e9t\u00e9o du dimanche 30 novembre 2025"},"content":{"rendered":"<p>\u00c0 Lille, la journ\u00e9e d\u00e9bute sous un ciel tr\u00e8s nuageux avant une nette am\u00e9lioration ensoleill\u00e9e cet apr\u00e8s-midi. Les temp\u00e9ratures restent fra\u00eeches, accompagn\u00e9es d\u2019un vent mod\u00e9r\u00e9 d\u2019Ouest \u00e0 Sud.<\/p>\n<p>    Matin : bancs de nuages avant l\u2019\u00e9claircie<\/p>\n<p>Le soleil se l\u00e8ve \u00e0 08 h 26, mais \u00e0 <b>09 h<\/b>, le ciel demeure <b>tr\u00e8s nuageux<\/b> sur <a href=\"https:\/\/www.meteocity.com\/france\/lille-v2998324\" target=\"_blank\" rel=\"noopener\">Lille<\/a>.<\/p>\n<p>Le thermom\u00e8tre affiche <b>6 \u00b0C<\/b>, avec un ressenti de <b>3 \u00b0C<\/b>. L\u2019humidit\u00e9 atteint 91 %, traduisant une atmosph\u00e8re humide, bien que le sol reste sec.<\/p>\n<p>Un l\u00e9ger vent d\u2019Ouest souffle \u00e0 12 km\/h. L\u2019absence de fortes rafales limite tout risque sur la route, mais la fra\u00eecheur incite tout de m\u00eame \u00e0 sortir le bonnet.<\/p>\n<p>Conseil : pensez \u00e0 isoler les canalisations ext\u00e9rieures et pr\u00e9voyez une couche chaude pour vos trajets matinaux.<\/p>\n<p>Apr\u00e8s-midi : franc retour du soleil<\/p>\n<p>\u00c0 15 h, Lille profite d\u2019un <b>ciel d\u00e9gag\u00e9<\/b>. La temp\u00e9rature grimpe \u00e0 <b>7 \u00b0C<\/b> (ressenti 4 \u00b0C) : une fra\u00eecheur mod\u00e9r\u00e9e, mais sous une belle luminosit\u00e9.<\/p>\n<p>Le vent d\u2019Ouest reste faible \u00e0 <b>15 km\/h<\/b>. L\u2019humidit\u00e9 recule \u00e0 70 %, la pression se stabilise \u00e0 1 015 hPa : des conditions id\u00e9ales pour une promenade en centre-ville.<\/p>\n<ul>\n<li>Indice UV bas : lunettes recommand\u00e9es, cr\u00e8me solaire inutile.<\/li>\n<li>Qualit\u00e9 de l\u2019air non d\u00e9termin\u00e9e, mais la circulation fluide et l\u2019air frais limitent souvent les pics de particules.<\/li>\n<li>Pas de pluie pr\u00e9vue ; le parapluie peut rester \u00e0 la maison.<\/li>\n<\/ul>\n<p>Soir : fra\u00eecheur s\u00e8che sous les \u00e9toiles<\/p>\n<p>Le soleil se couche \u00e0 16 h 46, laissant place \u00e0 une soir\u00e9e limpide.<\/p>\n<p>\u00c0 21 h, le ciel reste clair, la temp\u00e9rature descend \u00e0 <b>4 \u00b0C<\/b>, ressenti <b>0 \u00b0C<\/b>. L\u2019humidit\u00e9 s\u2019\u00e9l\u00e8ve \u00e0 82 %, tandis que la pression grimpe \u00e0 1 018 hPa, assurant une atmosph\u00e8re stable.<\/p>\n<p>Le vent s\u2019oriente au Sud-Ouest \u00e0 10 km\/h, insuffisant pour g\u00eaner les d\u00e9placements. Cependant, les chauss\u00e9es peuvent se refroidir rapidement ; prudence sur les ponts et dans les zones ombrag\u00e9es.<\/p>\n<p>Id\u00e9e sortie : march\u00e9 de No\u00ebl ou patinoire en plein air, sans crainte d\u2019intemp\u00e9ries. Pour les bonnes adresses, consultez <a href=\"https:\/\/www.meteocity.com\/france\/lille-v2998324\/tourisme\" target=\"_blank\" rel=\"noopener\">notre page tourisme<\/a>.<\/p>\n<p>Tendance pour demain lundi 1\u1d49\u02b3 d\u00e9cembre 2025<\/p>\n<p>Les mod\u00e8les pr\u00e9voient un <b>temps couvert<\/b> avec une temp\u00e9rature de <b>3 \u00b0C<\/b> au lever du jour et <b>7 \u00b0C<\/b> l\u2019apr\u00e8s-midi. Le ressenti chutera entre <b>-1 \u00b0C et 1 \u00b0C<\/b> sous l\u2019effet du vent.<\/p>\n<p>Le <b>vent de Sud<\/b> se renforce : 31 km\/h, avec des rafales pouvant atteindre <b>55 km\/h<\/b>. Ces valeurs d\u00e9passent le seuil de g\u00eane pour les deux-roues et les installations l\u00e9g\u00e8res.<\/p>\n<ul>\n<li>Fixez le mobilier de jardin et les d\u00e9corations ext\u00e9rieures.<\/li>\n<li>Privil\u00e9giez les transports en commun pour les trajets expos\u00e9s.<\/li>\n<li>Aucune pr\u00e9cipitation notable attendue ; les sols resteront secs mais refroidis.<\/li>\n<\/ul>\n<p>Cette s\u00e9quence venteuse s\u2019inscrit dans un sch\u00e9ma classique de transition entre anticyclone et perturbation atlantique. Rien d\u2019exceptionnel, mais restons vigilants : des rafales sup\u00e9rieures \u00e0 50 km\/h peuvent provoquer des chutes de branches.<\/p>\n<p>Pour un suivi heure par heure, rendez-vous demain sur Meteocity.<\/p>\n","protected":false},"excerpt":{"rendered":"\u00c0 Lille, la journ\u00e9e d\u00e9bute sous un ciel tr\u00e8s nuageux avant une nette am\u00e9lioration ensoleill\u00e9e cet apr\u00e8s-midi. Les&hellip;\n","protected":false},"author":2,"featured_media":568235,"comment_status":"","ping_status":"","sticky":false,"template":"","format":"standard","meta":{"footnotes":""},"categories":[2815],"tags":[1111,11,1777,674,1011,27,811,1307,12,25],"class_list":{"0":"post-568234","1":"post","2":"type-post","3":"status-publish","4":"format-standard","5":"has-post-thumbnail","7":"category-lille","8":"tag-actu","9":"tag-actualites","10":"tag-eu","11":"tag-europe","12":"tag-fr","13":"tag-france","14":"tag-hauts-de-france","15":"tag-lille","16":"tag-news","17":"tag-republique-francaise"},"share_on_mastodon":{"url":"https:\/\/pubeurope.com\/@fr\/115637193621803950","error":""},"_links":{"self":[{"href":"https:\/\/www.europesays.com\/fr\/wp-json\/wp\/v2\/posts\/568234","targetHints":{"allow":["GET"]}}],"collection":[{"href":"https:\/\/www.europesays.com\/fr\/wp-json\/wp\/v2\/posts"}],"about":[{"href":"https:\/\/www.europesays.com\/fr\/wp-json\/wp\/v2\/types\/post"}],"author":[{"embeddable":true,"href":"https:\/\/www.europesays.com\/fr\/wp-json\/wp\/v2\/users\/2"}],"replies":[{"embeddable":true,"href":"https:\/\/www.europesays.com\/fr\/wp-json\/wp\/v2\/comments?post=568234"}],"version-history":[{"count":0,"href":"https:\/\/www.europesays.com\/fr\/wp-json\/wp\/v2\/posts\/568234\/revisions"}],"wp:featuredmedia":[{"embeddable":true,"href":"https:\/\/www.europesays.com\/fr\/wp-json\/wp\/v2\/media\/568235"}],"wp:attachment":[{"href":"https:\/\/www.europesays.com\/fr\/wp-json\/wp\/v2\/media?parent=568234"}],"wp:term":[{"taxonomy":"category","embeddable":true,"href":"https:\/\/www.europesays.com\/fr\/wp-json\/wp\/v2\/categories?post=568234"},{"taxonomy":"post_tag","embeddable":true,"href":"https:\/\/www.europesays.com\/fr\/wp-json\/wp\/v2\/tags?post=568234"}],"curies":[{"name":"wp","href":"https:\/\/api.w.org\/{rel}","templated":true}]}}