{"id":568236,"date":"2025-11-30T06:18:10","date_gmt":"2025-11-30T06:18:10","guid":{"rendered":"https:\/\/www.europesays.com\/fr\/568236\/"},"modified":"2025-11-30T06:18:10","modified_gmt":"2025-11-30T06:18:10","slug":"toujours-le-meme-public-vise-par-ce-couple-de-marseille","status":"publish","type":"post","link":"https:\/\/www.europesays.com\/fr\/568236\/","title":{"rendered":"toujours le m\u00eame public vis\u00e9 par ce couple de Marseille"},"content":{"rendered":"<p>                    Par<br \/>\n        <strong><br \/>\n            <a href=\"https:\/\/actu.fr\/auteur\/redaction-marseille\" title=\"Consulter tous les articles de R\u00e9daction Marseille\" target=\"_blank\" rel=\"noopener\">R\u00e9daction Marseille<\/a><br \/>\n                    <\/strong><\/p>\n<p>        Publi\u00e9 le<\/p>\n<p>            30 nov. 2025 \u00e0 6h38        <\/p>\n<p>Le tribunal correctionnel de Lyon a condamn\u00e9 ce mardi 25\u00a0novembre 2025 un couple de <a href=\"https:\/\/actu.fr\/marseille\/\" target=\"_blank\" rel=\"noopener\">Marseille<\/a> (<a href=\"https:\/\/actu.fr\/provence-alpes-cote-d-azur\/bouches-du-rhone_13\" target=\"_blank\" rel=\"noopener\">Bouches-du-Rh\u00f4ne<\/a>) pour avoir escroqu\u00e9 <strong>une quarantaine de personnes \u00e2g\u00e9es<\/strong> dans le Sud-Est de la France. L\u2019alerte avait \u00e9t\u00e9 donn\u00e9e en juin\u00a02024 par une premi\u00e8re personne \u00e2g\u00e9e qui s\u2019\u00e9tait fait voler sa carte bancaire alors qu\u2019elle retirait de l\u2019argent \u00e0 un \u00ab\u2009automate\u2009\u00bb, a-t-il \u00e9t\u00e9 rapport\u00e9 lors du proc\u00e8s de Sadam X et son ex-compagne Hanane X.<\/p>\n<p class=\" wall-content\">Le \u00ab\u2009couple derri\u00e8re elle\u2009\u00bb avait \u00ab\u2009d\u00e9tourn\u00e9 son attention\u2009\u00bb pour r\u00e9cup\u00e9rer sa carte, avait-elle rapport\u00e9, avant de lui faire croire que cette derni\u00e8re avait \u00e9t\u00e9 <strong>\u00ab\u2009aval\u00e9e\u2009\u00bb.<\/strong> Ce n\u2019est que quelques jours plus tard qu\u2019elle s\u2019\u00e9tait rendu compte que \u00ab\u2009670\u00a0euros\u2009\u00bb avaient \u00e9t\u00e9 retir\u00e9s de son compte.<\/p>\n<p class=\" wall-content\">Une quarantaine de personnes \u00e2g\u00e9es de tout le Sud-Est de la France ont \u00e9t\u00e9 escroqu\u00e9es via leur carte bancaire. Un couple a \u00e9t\u00e9 interpell\u00e9 et jug\u00e9.<\/p>\n<p>Il s\u00e9vissait dans \u00ab\u2009tout le sud-est\u2009\u00bb<\/p>\n<p class=\" wall-content\">Les investigations avaient permis de remonter \u00e0 ces <strong>deux marginaux<\/strong> de Marseille\u2009: Hanane X et Sadam X s\u00e9vissaient dans \u00ab\u2009tout le sud-est de la France\u2009\u00bb. Des victimes ont ainsi \u00e9t\u00e9 identifi\u00e9es dans les Bouches-du-Rh\u00f4ne (Berre-l\u2019\u00c9tang, Arles), en Sa\u00f4ne-et-Loire (Sennecey-le-Grand, Buxy, M\u00e2con), dans le Puy-de-D\u00f4me (Lempdes, Pont-du-Ch\u00e2teau, Thiers), le Doubs (Valentigney, l\u2019Isle-sur-le-Doubs, Besan\u00e7on), la Loire (Feurs, l\u2019\u00c9trat, Firminy, Villars), la Haute-Garonne (Carbonne), le Rh\u00f4ne (Vaugneray) ou encore la C\u00f4te-d\u2019Or (Beaune).<\/p>\n<p class=\" wall-content\">La voiture d\u2019Hanane X avait \u00e9t\u00e9 rep\u00e9r\u00e9e sur \u00ab\u2009la majorit\u00e9 des lieux de commission des faits\u2009\u00bb par des images de vid\u00e9osurveillance confort\u00e9es par le bornage de leurs t\u00e9l\u00e9phones. Leur <strong>\u00ab\u2009mode op\u00e9ratoire bien rod\u00e9\u2009\u00bb<\/strong> avait fait \u00ab\u2009trente-huit victimes\u2009\u00bb, toutes \u00e2g\u00e9es de \u00ab\u200965 \u00e0 90\u00a0ans\u2009\u00bb, entre juin et d\u00e9cembre\u00a02024. Le pr\u00e9judice a \u00e9t\u00e9 estim\u00e9 \u00e0 \u00ab\u200912.000 euros\u2009\u00bb.<\/p>\n<p>\u00ab\u2009C\u2019\u00e9tait la facilit\u00e9\u2009\u00bb<\/p>\n<p class=\" wall-content\">Hanane X, aujourd\u2019hui \u00e2g\u00e9e de 24\u00a0ans, avait finalement \u00e9t\u00e9 interpell\u00e9e le 2\u00a0septembre 2025 et, dans la foul\u00e9e, Sadam X avait \u00e9t\u00e9 plac\u00e9 en garde-\u00e0-vue le 7\u00a0septembre 2025 apr\u00e8s avoir \u00e9t\u00e9 appr\u00e9hend\u00e9 \u00e0 Marseille. Ils \u00e9taient donc tous les deux jug\u00e9s ce mardi 25\u00a0novembre 2025 par le tribunal correctionnel de Lyon pour leurs <strong>\u00ab\u2009escroqueries\u2009\u00bb.<\/strong><\/p>\n<p class=\" wall-content\">Sadam X, qui \u00e9tait sorti de prison \u00e0 peine dix jours plus t\u00f4t, assure ne se souvenir d\u2019aucun des faits\u2009: \u00e2g\u00e9 de 32\u00a0ans, il est <strong>sous traitement pour sa \u00ab\u2009schizophr\u00e9nie\u2009\u00bb,<\/strong> ce qui lui cause des \u00ab\u2009troubles de la m\u00e9moire\u2009\u00bb. \u00ab\u2009On \u00e9tait dans une situation de pr\u00e9carit\u00e9 totale, on \u00e9tait SDF\u2009\u00bb, a dit Hanane X. \u00ab\u2009C\u2019\u00e9tait la facilit\u00e9\u2009\u00bb, a admis cette jeune femme \u00ab\u2009honteuse\u2009\u00bb.<\/p>\n<p>Votre r\u00e9gion, votre actu !<\/p>\n<p>Recevez chaque jour les infos qui comptent pour vous.<\/p>\n<p>\t<a href=\"https:\/\/actu.fr\/newsletter\" class=\"ac-btn ac-btn--corner ac-btn--medium ac-btn--blue800\" target=\"_blank\" rel=\"noopener\">S&rsquo;incrire<\/a><br \/>\nCertaines victimes \u00ab\u2009pas rembours\u00e9es par leur banque\u2009\u00bb<\/p>\n<p class=\" wall-content\">Encore au ch\u00f4mage, mais dans l\u2019attente d\u2019une formation \u00ab\u2009service incendie\u2009\u00bb, la pr\u00e9venue avait pourtant d\u00e9j\u00e0 \u00e9t\u00e9 condamn\u00e9e pour un \u00ab\u2009vol \u00e0 l\u2019\u00e9talage dans un supermarch\u00e9\u2009\u00bb. Le casier judiciaire de Sadam X, lui, \u00e9tait plus fourni\u2009: il comportait d\u00e9j\u00e0 <strong>\u00ab\u2009vingt mentions\u2009\u00bb, essentiellement pour des \u00ab\u2009vols aggrav\u00e9s\u2009\u00bb,<\/strong> ont d\u00e9nombr\u00e9 les magistrats lyonnais.<\/p>\n<p class=\" wall-content\">Les victimes, elles, ont eu la sensation de s\u2019\u00eatre \u00ab\u2009fait berner\u2009\u00bb. \u00ab\u2009Certaines n\u2019ont m\u00eame pas \u00e9t\u00e9 rembours\u00e9es par leurs banques, qui consid\u00e8rent que c\u2019est leur faute\u2009\u00bb, souffle une avocate. Sadam X a finalement \u00e9cop\u00e9 de six mois de prison ferme et de dix-huit avec \u00ab\u2009sursis probatoire renforc\u00e9\u2009\u00bb. Hanane X, elle, a \u00e9t\u00e9 condamn\u00e9e \u00e0 dix-huit mois de prison avec sursis probatoire. D\u00e9sormais s\u00e9par\u00e9s, <strong>ils devront rembourser 6000 euros aux victimes<\/strong> pour leurs pr\u00e9judices \u00ab\u2009mat\u00e9riel\u2009\u00bb, \u00ab\u2009moral\u2009\u00bb et leurs frais de justice.<\/p>\n<p class=\" wall-content\"><strong>MJ et GF \/ PressPepper<\/strong><\/p>\n<p class=\" wall-content\">Personnalisez votre actualit\u00e9 en ajoutant vos villes et m\u00e9dias en favori avec <a href=\"https:\/\/moncompte.actu.fr\" title=\"D\u00e9couvez Mon Actu\" rel=\"nofollow noopener\" data-trk=\"{&quot;cta&quot;:{&quot;action&quot;:&quot;https:\\\/\\\/moncompte.actu.fr&quot;,&quot;category&quot;:&quot;mon compte&quot;,&quot;from&quot;:&quot;article footer&quot;,&quot;name&quot;:&quot;Mon actu&quot;,&quot;type&quot;:&quot;cta&quot;}}\" target=\"_blank\">Mon Actu<\/a>.<\/p>\n","protected":false},"excerpt":{"rendered":"Par R\u00e9daction Marseille Publi\u00e9 le 30 nov. 2025 \u00e0 6h38 Le tribunal correctionnel de Lyon a condamn\u00e9 ce&hellip;\n","protected":false},"author":2,"featured_media":568237,"comment_status":"","ping_status":"","sticky":false,"template":"","format":"standard","meta":{"footnotes":""},"categories":[2814],"tags":[1111,11,3514,3513,1777,674,118,1011,27,303,884,12,882,25],"class_list":{"0":"post-568236","1":"post","2":"type-post","3":"status-publish","4":"format-standard","5":"has-post-thumbnail","7":"category-marseille","8":"tag-actu","9":"tag-actualites","10":"tag-arnaque","11":"tag-escroquerie","12":"tag-eu","13":"tag-europe","14":"tag-faits-divers","15":"tag-fr","16":"tag-france","17":"tag-justice","18":"tag-marseille","19":"tag-news","20":"tag-provence-alpes-cote-dazur","21":"tag-republique-francaise"},"share_on_mastodon":{"url":"https:\/\/pubeurope.com\/@fr\/115637197457568259","error":""},"_links":{"self":[{"href":"https:\/\/www.europesays.com\/fr\/wp-json\/wp\/v2\/posts\/568236","targetHints":{"allow":["GET"]}}],"collection":[{"href":"https:\/\/www.europesays.com\/fr\/wp-json\/wp\/v2\/posts"}],"about":[{"href":"https:\/\/www.europesays.com\/fr\/wp-json\/wp\/v2\/types\/post"}],"author":[{"embeddable":true,"href":"https:\/\/www.europesays.com\/fr\/wp-json\/wp\/v2\/users\/2"}],"replies":[{"embeddable":true,"href":"https:\/\/www.europesays.com\/fr\/wp-json\/wp\/v2\/comments?post=568236"}],"version-history":[{"count":0,"href":"https:\/\/www.europesays.com\/fr\/wp-json\/wp\/v2\/posts\/568236\/revisions"}],"wp:featuredmedia":[{"embeddable":true,"href":"https:\/\/www.europesays.com\/fr\/wp-json\/wp\/v2\/media\/568237"}],"wp:attachment":[{"href":"https:\/\/www.europesays.com\/fr\/wp-json\/wp\/v2\/media?parent=568236"}],"wp:term":[{"taxonomy":"category","embeddable":true,"href":"https:\/\/www.europesays.com\/fr\/wp-json\/wp\/v2\/categories?post=568236"},{"taxonomy":"post_tag","embeddable":true,"href":"https:\/\/www.europesays.com\/fr\/wp-json\/wp\/v2\/tags?post=568236"}],"curies":[{"name":"wp","href":"https:\/\/api.w.org\/{rel}","templated":true}]}}