{"id":56824,"date":"2025-04-27T12:40:12","date_gmt":"2025-04-27T12:40:12","guid":{"rendered":"https:\/\/www.europesays.com\/fr\/56824\/"},"modified":"2025-04-27T12:40:12","modified_gmt":"2025-04-27T12:40:12","slug":"un-policier-hors-service-meurt-apres-une-altercation-devant-un-bar-un-suspect-en-garde-a-vue","status":"publish","type":"post","link":"https:\/\/www.europesays.com\/fr\/56824\/","title":{"rendered":"Un policier hors service meurt apr\u00e8s une altercation devant un bar, un suspect en garde \u00e0 vue"},"content":{"rendered":"<p><strong>violences &#8211; Un policier hors service est d\u00e9c\u00e9d\u00e9 ce dimanche matin apr\u00e8s une altercation devant un bar du 6e arrondissement \u00e0 Paris<\/strong><\/p>\n<p>Le drame s\u2019est produit ce dimanche matin. Un homme de 34 ans, un <a href=\"https:\/\/www.20minutes.fr\/dossier\/police?at_medium=RSS+feed&amp;at_campaign=ynews&amp;utm_source=yahoo&amp;utm_medium=rss&amp;utm_campaign=news_feed&amp;utm_content=in_article_link\" rel=\"nofollow noopener\" target=\"_blank\" data-ylk=\"slk:policier hors service;elm:context_link;itc:0;sec:content-canvas\" class=\"link \">policier hors service <\/a>et dont la profession n\u2019\u00e9tait pas connue au moment des faits selon les premiers \u00e9l\u00e9ments de l\u2019enqu\u00eate, est mort suite \u00e0 une altercation devant un bar parisien du 6e arrondissement. Un homme, qui lui avait fait <a href=\"https:\/\/www.20minutes.fr\/faits_divers\/faits-divers-paris\/?at_medium=RSS+feed&amp;at_campaign=ynews&amp;utm_source=yahoo&amp;utm_medium=rss&amp;utm_campaign=news_feed&amp;utm_content=in_article_link\" rel=\"nofollow noopener\" target=\"_blank\" data-ylk=\"slk:une balayette et provoquant sa chute;elm:context_link;itc:0;sec:content-canvas\" class=\"link \">une balayette et provoquant sa chute<\/a>, est en garde \u00e0 vue.<\/p>\n<p>La victime \u00e9tait brigadier dans le Val-d\u2019Oise. Toujours selon les premiers \u00e9l\u00e9ments recueillis par les enqu\u00eateurs, la victime avait pass\u00e9 la nuit avec des amis dans un bar. A <a href=\"https:\/\/www.20minutes.fr\/monde\/violences\/?at_medium=RSS+feed&amp;at_campaign=ynews&amp;utm_source=yahoo&amp;utm_medium=rss&amp;utm_campaign=news_feed&amp;utm_content=in_article_link\" rel=\"nofollow noopener\" target=\"_blank\" data-ylk=\"slk:la suite d\u2019une altercation;elm:context_link;itc:0;sec:content-canvas\" class=\"link \">la suite d\u2019une altercation<\/a> dans cet \u00e9tablissement, il est sorti vers cinq heures du matin, \u00ab sans que sa profession n\u2019ait \u00e9t\u00e9 connue \u00bb, pr\u00e9cise le parquet de Paris.<\/p>\n<p>Il commande un Uber et tombe t\u00eate vers le sol<\/p>\n<p>C\u2019est alors qu\u2019il a subi une balayette avant de chuter au sol. Selon les t\u00e9moins et la vid\u00e9osurveillance, il s\u2019est ensuite \u00ab \u00e9loign\u00e9 du bar, et a manipul\u00e9 son t\u00e9l\u00e9phone pour commander un <a href=\"https:\/\/www.20minutes.fr\/economie\/uber\/?at_medium=RSS+feed&amp;at_campaign=ynews&amp;utm_source=yahoo&amp;utm_medium=rss&amp;utm_campaign=news_feed&amp;utm_content=in_article_link\" rel=\"nofollow noopener\" target=\"_blank\" data-ylk=\"slk:Uber;elm:context_link;itc:0;sec:content-canvas\" class=\"link \">Uber<\/a>. Il est alors tomb\u00e9 t\u00eate vers le sol entre 5h15 et 5h25 \u00bb, a-t-on ajout\u00e9 de m\u00eame source. Quant \u00e0 \u00ab l\u2019auteur de la balayette, un homme de 30 ans n\u00e9 \u00e0 Montreuil, il a \u00e9t\u00e9 plac\u00e9 en <a href=\"https:\/\/www.20minutes.fr\/dossier\/garde_a_vue?at_medium=RSS+feed&amp;at_campaign=ynews&amp;utm_source=yahoo&amp;utm_medium=rss&amp;utm_campaign=news_feed&amp;utm_content=in_article_link\" rel=\"nofollow noopener\" target=\"_blank\" data-ylk=\"slk:garde \u00e0 vue;elm:context_link;itc:0;sec:content-canvas\" class=\"link \">garde \u00e0 vue<\/a> \u00bb, a indiqu\u00e9 le parquet.<\/p>\n<p>\u00ab Une autopsie a \u00e9t\u00e9 ordonn\u00e9e, afin d\u2019apporter des \u00e9l\u00e9ments m\u00e9dicaux sur la cause du d\u00e9c\u00e8s \u00bb, conclut le parquet de Paris.<\/p>\n<p><a href=\"https:\/\/www.20minutes.fr\/faits_divers\/faits-divers-paris\/4150567-20250427-paris-policier-hors-service-meurt-apres-altercation-devant-bar-suspect-garde-vue?at_medium=RSS+feed&amp;at_campaign=ynews&amp;utm_source=yahoo&amp;utm_medium=rss&amp;utm_campaign=news_feed&amp;utm_content=read_more_link\" rel=\"nofollow noopener\" target=\"_blank\" data-ylk=\"slk:Lire la suite sur 20minutes;elm:context_link;itc:0;sec:content-canvas\" class=\"link \">Lire la suite sur 20minutes<\/a><\/p>\n<p>\u00c0 lire aussi :<br \/><a href=\"https:\/\/www.20minutes.fr\/bordeaux\/3280851-20220430-bordeaux-homme-garde-vue-apres-agression-policier-hors-service?at_medium=RSS+feed&amp;at_campaign=ynews&amp;utm_source=yahoo&amp;utm_medium=rss&amp;utm_campaign=news_feed&amp;utm_content=related_content_link\" rel=\"nofollow noopener\" target=\"_blank\" data-ylk=\"slk:Bordeaux : Un homme en garde \u00e0 vue apr\u00e8s l&#039;agression d&#039;un policier hors service;elm:context_link;itc:0;sec:content-canvas\" class=\"link \">Bordeaux : Un homme en garde \u00e0 vue apr\u00e8s l&rsquo;agression d&rsquo;un policier hors service<\/a><br \/><a href=\"https:\/\/www.20minutes.fr\/sport\/rugby\/4136500-20250131-pro-d2-joueur-biarritz-olympique-hospitalise-apres-rixe-bar-second-garde-vue?at_medium=RSS+feed&amp;at_campaign=ynews&amp;utm_source=yahoo&amp;utm_medium=rss&amp;utm_campaign=news_feed&amp;utm_content=related_content_link\" rel=\"nofollow noopener\" target=\"_blank\" data-ylk=\"slk:Pro D2 : Un joueur du Biarritz Olympique hospitalis\u00e9 apr\u00e8s une rixe dans un bar, un second en garde \u00e0 vue;elm:context_link;itc:0;sec:content-canvas\" class=\"link \">Pro D2 : Un joueur du Biarritz Olympique hospitalis\u00e9 apr\u00e8s une rixe dans un bar, un second en garde \u00e0 vue<\/a><\/p>\n","protected":false},"excerpt":{"rendered":"violences &#8211; Un policier hors service est d\u00e9c\u00e9d\u00e9 ce dimanche matin apr\u00e8s une altercation devant un bar du&hellip;\n","protected":false},"author":2,"featured_media":56825,"comment_status":"","ping_status":"","sticky":false,"template":"","format":"standard","meta":{"footnotes":""},"categories":[1888],"tags":[15222,1111,1928,11,1927,15223,9732,15224,1777,674,1011,27,12,1926,626,1925,10910,25],"class_list":{"0":"post-56824","1":"post","2":"type-post","3":"status-publish","4":"format-standard","5":"has-post-thumbnail","7":"category-paris","8":"tag-6e-arrondissement","9":"tag-actu","10":"tag-actu-paris","11":"tag-actualites","12":"tag-actualites-paris","13":"tag-altercation","14":"tag-bar","15":"tag-dimanche-matin","16":"tag-eu","17":"tag-europe","18":"tag-fr","19":"tag-france","20":"tag-news","21":"tag-news-paris","22":"tag-paris","23":"tag-paris-news","24":"tag-policier","25":"tag-republique-francaise"},"share_on_mastodon":{"url":"https:\/\/pubeurope.com\/@fr\/114409978220536080","error":""},"_links":{"self":[{"href":"https:\/\/www.europesays.com\/fr\/wp-json\/wp\/v2\/posts\/56824","targetHints":{"allow":["GET"]}}],"collection":[{"href":"https:\/\/www.europesays.com\/fr\/wp-json\/wp\/v2\/posts"}],"about":[{"href":"https:\/\/www.europesays.com\/fr\/wp-json\/wp\/v2\/types\/post"}],"author":[{"embeddable":true,"href":"https:\/\/www.europesays.com\/fr\/wp-json\/wp\/v2\/users\/2"}],"replies":[{"embeddable":true,"href":"https:\/\/www.europesays.com\/fr\/wp-json\/wp\/v2\/comments?post=56824"}],"version-history":[{"count":0,"href":"https:\/\/www.europesays.com\/fr\/wp-json\/wp\/v2\/posts\/56824\/revisions"}],"wp:featuredmedia":[{"embeddable":true,"href":"https:\/\/www.europesays.com\/fr\/wp-json\/wp\/v2\/media\/56825"}],"wp:attachment":[{"href":"https:\/\/www.europesays.com\/fr\/wp-json\/wp\/v2\/media?parent=56824"}],"wp:term":[{"taxonomy":"category","embeddable":true,"href":"https:\/\/www.europesays.com\/fr\/wp-json\/wp\/v2\/categories?post=56824"},{"taxonomy":"post_tag","embeddable":true,"href":"https:\/\/www.europesays.com\/fr\/wp-json\/wp\/v2\/tags?post=56824"}],"curies":[{"name":"wp","href":"https:\/\/api.w.org\/{rel}","templated":true}]}}