{"id":568240,"date":"2025-11-30T06:20:10","date_gmt":"2025-11-30T06:20:10","guid":{"rendered":"https:\/\/www.europesays.com\/fr\/568240\/"},"modified":"2025-11-30T06:20:10","modified_gmt":"2025-11-30T06:20:10","slug":"lyon-pour-se-preparer-a-larrivee-du-bebe-le-couple-fait-la-nourrice-pour-des-dealers","status":"publish","type":"post","link":"https:\/\/www.europesays.com\/fr\/568240\/","title":{"rendered":"Lyon. Pour se pr\u00e9parer \u00e0 l&rsquo;arriv\u00e9e du b\u00e9b\u00e9, le couple fait la nourrice pour des dealers"},"content":{"rendered":"<p>                    Par<br \/>\n        <strong><br \/>\n            <a href=\"https:\/\/actu.fr\/auteur\/redaction-lyon\" title=\"Consulter tous les articles de R\u00e9daction Lyon\" target=\"_blank\" rel=\"noopener\">R\u00e9daction Lyon<\/a><br \/>\n                    <\/strong><\/p>\n<p>        Publi\u00e9 le<\/p>\n<p>            30 nov. 2025 \u00e0 7h06        <\/p>\n<p>Le tribunal correctionnel de Lyon a condamn\u00e9 ce lundi 24 novembre 2025 <strong>un couple du 8e arrondissement<\/strong> de <a href=\"https:\/\/actu.fr\/lyon\/\" target=\"_blank\" rel=\"noopener\">Lyon<\/a> (Rh\u00f4ne) qui avait jou\u00e9 le r\u00f4le de \u00ab\u00a0nourrice\u00a0\u00bb pour des trafiquants de stup\u00e9fiants afin de \u00ab\u00a0se faire un billet\u00a0\u00bb avant l\u2019arriv\u00e9e de son premier enfant.<\/p>\n<p>Une dispute du couple alerte la police qui d\u00e9couvre tout<\/p>\n<p class=\" wall-content\">Le 22 novembre 2025, les forces de l\u2019ordre avaient \u00e9t\u00e9 appel\u00e9es par un voisin des pr\u00e9venus qui s\u2019inqui\u00e9tait d\u2019entendre une \u00ab\u00a0dispute importante\u00a0\u00bb et des \u00ab\u00a0cris de femme\u00a0\u00bb. Mais, une fois \u00e0 l\u2019int\u00e9rieur, les policiers s\u2019\u00e9taient surtout int\u00e9ress\u00e9s aux nombreuses \u00ab\u00a0drogues\u00a0\u00bb rassembl\u00e9es sur la table basse du petit studio du couple.<\/p>\n<p class=\" wall-content\">Une centaine de cachets d\u2019ecstasy, plus d\u2019un kilo de cannabis, des \u00ab\u00a0cristaux de cannabis\u00a0\u00bb , des \u00ab\u00a0plaquettes de r\u00e9sine de cannabis\u00a0\u00bb, des \u00ab\u00a0briquets\u00a0\u00bb, des \u00ab\u00a0feuilles \u00e0 rouler\u00a0\u00bb et d\u2019autres \u00ab\u00a0objets connus pour \u00eatre offerts aux consommateurs\u00a0\u00bb avaient \u00e9t\u00e9 saisis.<\/p>\n<p class=\" wall-content\">Plus de 4.000 \u20ac avaient \u00e9galement \u00e9t\u00e9 d\u00e9couverts \u00ab\u00a0en haut d\u2019une armoire\u00a0\u00bb. Au total, \u00ab\u00a0la <strong>valeur marchande est de 26.659 \u20ac<\/strong> \u00e0 la revente\u00a0\u00bb. Le couple\u00a0avait donc \u00e9t\u00e9 renvoy\u00e9 ce lundi 24 novembre 2025 devant le tribunal correctionnel de Lyon pour \u00ab\u00a0d\u00e9tention non autoris\u00e9e de stup\u00e9fiants\u00a0\u00bb.<\/p>\n<p>\u00ab\u00a0Se faire un petit billet avant la naissance de l\u2019enfant\u00a0\u00bb<\/p>\n<p class=\" wall-content\">\u00c0 la barre, l\u2019homme de 38 ans explique qu\u2019il avait voulu \u00ab\u00a0se faire un petit billet avant la naissance de l\u2019enfant\u00a0\u00bb car sa femme, assise \u00e0 c\u00f4t\u00e9 de lui dans le box, est <strong>enceinte de quatre mois et demi<\/strong>. \u00ab\u00a0J\u2019ai toujours \u00e9t\u00e9 loin des trafics de stup\u00e9fiants, je me suis dit que jamais je ne ferai \u00e7a\u00a0\u00bb, assure-t-il.<\/p>\n<p class=\" wall-content\">Mais il avait finalement \u00ab\u00a0trouv\u00e9 un job via Snapchat\u00a0\u00bb et \u00ab\u00a0succomb\u00e9 \u00e0 la tentation\u00a0\u00bb. Il avait donc \u00e9t\u00e9 charg\u00e9 de faire la \u00ab\u00a0nourrice\u00a0\u00bb et de conserver ces stup\u00e9fiants \u00e0 son domicile \u00ab\u00a0depuis quinze jours\u00a0\u00bb.<\/p>\n<p class=\" wall-content\">\u00ab\u00a0C\u2019est la ManPower-isation du trafic de stup\u00e9fiants\u00a0\u00bb, r\u00e9sume son avocat : il est d\u00e9sormais possible de \u00ab\u00a0chercher du travail sur les r\u00e9seaux sociaux, au m\u00eame titre qu\u2019on pouvait aller en agence d\u2019int\u00e9rim il y a quelques ann\u00e9es\u00a0\u00bb.\u00a0\u00ab\u00a0C\u2019est totalement<strong> minable de ma part<\/strong>, ce sera la derni\u00e8re fois\u00a0\u00bb, a promis son client.<\/p>\n<p>Votre r\u00e9gion, votre actu !<\/p>\n<p>Recevez chaque jour les infos qui comptent pour vous.<\/p>\n<p>\t<a href=\"https:\/\/actu.fr\/newsletter\" class=\"ac-btn ac-btn--corner ac-btn--medium ac-btn--blue800\" target=\"_blank\" rel=\"noopener\">S&rsquo;incrire<\/a><\/p>\n<p class=\" wall-content\">De son c\u00f4t\u00e9, la future maman jure ne pas avoir \u00ab\u00a0tilt\u00e9\u00a0\u00bb sur la pr\u00e9sence de stup\u00e9fiants chez elle : il y avait effectivement une \u00ab\u00a0odeur\u00a0\u00bb mais son conjoint \u00e9tait un \u00ab\u00a0consommateur\u00a0\u00bb r\u00e9gulier ; elle ne s\u2019en est donc pas \u00e9tonn\u00e9e. La \u00ab\u00a0dispute\u00a0\u00bb qui avait alert\u00e9 le voisin a d\u2019ailleurs \u00e9clat\u00e9 quand cette animatrice p\u00e9riscolaire \u00e0 V\u00e9nissieux s\u2019est aper\u00e7u de ce stockage illicite.<\/p>\n<p>Le couple condamn\u00e9 par la justice<\/p>\n<p class=\" wall-content\">\u00ab\u00a0Les produits sont dissimul\u00e9s dans tout l\u2019appartement depuis quinze jours\u00a0\u00bb, a toutefois fait observer la procureure de la R\u00e9publique, pour qui la jeune femme enceinte \u00ab\u00a0ne peut pas en ignorer la pr\u00e9sence\u00a0\u00bb. Reste que jusqu\u2019\u00e0 pr\u00e9sent, elle avait un \u00ab\u00a0casier judiciaire vierge\u00a0\u00bb.<\/p>\n<p class=\" wall-content\">De son c\u00f4t\u00e9, le conjoint n\u2019est pas inconnu des services de police :<strong> il avait d\u00e9j\u00e0 \u00e9t\u00e9 condamn\u00e9 \u00e0 plusieurs reprises<\/strong> pour des \u00ab\u00a0vols\u00a0\u00bb, des \u00ab\u00a0violences\u00a0\u00bb et des \u00ab\u00a0outrages\u00a0\u00bb. \u00ab\u00a0La fumette, \u00e7a rapporte que de la merde\u00a0\u00bb, a-t-il admis.<\/p>\n<p class=\" wall-content\">Il a finalement \u00e9cop\u00e9 de <strong>huit de mois de prison<\/strong>, qu\u2019il effectuera sous bracelet \u00e9lectronique. Sa conjointe a \u00e9t\u00e9 condamn\u00e9e \u00e0 six mois de sursis. \u00ab\u00a0Vous ne pouviez pas ne pas savoir\u00a0\u00bb, lui a expliqu\u00e9 le tribunal correctionnel de Lyon.<\/p>\n<p class=\" wall-content\"><strong>MJ et GF (PressPepper)<\/strong><\/p>\n<p class=\" wall-content\">Personnalisez votre actualit\u00e9 en ajoutant vos villes et m\u00e9dias en favori avec <a href=\"https:\/\/moncompte.actu.fr\" title=\"D\u00e9couvez Mon Actu\" rel=\"nofollow noopener\" data-trk=\"{&quot;cta&quot;:{&quot;action&quot;:&quot;https:\\\/\\\/moncompte.actu.fr&quot;,&quot;category&quot;:&quot;mon compte&quot;,&quot;from&quot;:&quot;article footer&quot;,&quot;name&quot;:&quot;Mon actu&quot;,&quot;type&quot;:&quot;cta&quot;}}\" target=\"_blank\">Mon Actu<\/a>.<\/p>\n","protected":false},"excerpt":{"rendered":"Par R\u00e9daction Lyon Publi\u00e9 le 30 nov. 2025 \u00e0 7h06 Le tribunal correctionnel de Lyon a condamn\u00e9 ce&hellip;\n","protected":false},"author":2,"featured_media":568241,"comment_status":"","ping_status":"","sticky":false,"template":"","format":"standard","meta":{"footnotes":""},"categories":[1889],"tags":[1111,11,2430,1052,1777,674,118,1011,27,303,2428,12,25],"class_list":{"0":"post-568240","1":"post","2":"type-post","3":"status-publish","4":"format-standard","5":"has-post-thumbnail","7":"category-lyon","8":"tag-actu","9":"tag-actualites","10":"tag-auvergne-rhone-alpes","11":"tag-drogue","12":"tag-eu","13":"tag-europe","14":"tag-faits-divers","15":"tag-fr","16":"tag-france","17":"tag-justice","18":"tag-lyon","19":"tag-news","20":"tag-republique-francaise"},"share_on_mastodon":{"url":"https:\/\/pubeurope.com\/@fr\/115637205289619847","error":""},"_links":{"self":[{"href":"https:\/\/www.europesays.com\/fr\/wp-json\/wp\/v2\/posts\/568240","targetHints":{"allow":["GET"]}}],"collection":[{"href":"https:\/\/www.europesays.com\/fr\/wp-json\/wp\/v2\/posts"}],"about":[{"href":"https:\/\/www.europesays.com\/fr\/wp-json\/wp\/v2\/types\/post"}],"author":[{"embeddable":true,"href":"https:\/\/www.europesays.com\/fr\/wp-json\/wp\/v2\/users\/2"}],"replies":[{"embeddable":true,"href":"https:\/\/www.europesays.com\/fr\/wp-json\/wp\/v2\/comments?post=568240"}],"version-history":[{"count":0,"href":"https:\/\/www.europesays.com\/fr\/wp-json\/wp\/v2\/posts\/568240\/revisions"}],"wp:featuredmedia":[{"embeddable":true,"href":"https:\/\/www.europesays.com\/fr\/wp-json\/wp\/v2\/media\/568241"}],"wp:attachment":[{"href":"https:\/\/www.europesays.com\/fr\/wp-json\/wp\/v2\/media?parent=568240"}],"wp:term":[{"taxonomy":"category","embeddable":true,"href":"https:\/\/www.europesays.com\/fr\/wp-json\/wp\/v2\/categories?post=568240"},{"taxonomy":"post_tag","embeddable":true,"href":"https:\/\/www.europesays.com\/fr\/wp-json\/wp\/v2\/tags?post=568240"}],"curies":[{"name":"wp","href":"https:\/\/api.w.org\/{rel}","templated":true}]}}