{"id":568244,"date":"2025-11-30T06:24:10","date_gmt":"2025-11-30T06:24:10","guid":{"rendered":"https:\/\/www.europesays.com\/fr\/568244\/"},"modified":"2025-11-30T06:24:10","modified_gmt":"2025-11-30T06:24:10","slug":"pres-de-67-me-investis-par-lars-ile-de-france-pour-moderniser-les-unites-de-soins-longue-duree-usld","status":"publish","type":"post","link":"https:\/\/www.europesays.com\/fr\/568244\/","title":{"rendered":"Pr\u00e8s de 67 M\u20ac investis par l&rsquo;ARS \u00cele-de-France pour moderniser les unit\u00e9s de soins longue dur\u00e9e (USLD)"},"content":{"rendered":"<p>Depuis 2022, l\u2019ARS \u00cele-de-France a engag\u00e9 un programme d\u2019investissements immobiliers pour moderniser les USLD franciliennes. Au total, 41 projets ont \u00e9t\u00e9 financ\u00e9s pour un montant global de 66,9 millions d\u2019euros entre 2022 et 2025. Objectifs : plus de chambres individuelles avec salles de bain,installation de syst\u00e8mes de climatisation, r\u00e9habilitations lourdes ou reconstructions compl\u00e8tes pour r\u00e9pondre aux normes actuelles.<\/p>\n<p>Ces investissements s\u2019inscrivent dans les objectifs qualitatifs du <a href=\"https:\/\/www.iledefrance.ars.sante.fr\/publication-du-prs-2023-2028\" target=\"_blank\" data-xiti-name=\"Projet R\u00e9gional de Sant\u00e9 2023 \u2013 2028\" data-xiti-chapitre1=\"Pr\u00e8s de 67 M\u20ac investis par l&#039;ARS \u00cele-de-France pour moderniser les unit\u00e9s de soins longue dur\u00e9e (USLD)\" data-xiti-type=\"exit\" rel=\"noopener\">Projet R\u00e9gional de Sant\u00e9 2023 \u2013 2028<\/a> afin d\u2019accueillir les patients \u00e2g\u00e9s dans les meilleures conditions.<\/p>\n<p>R\u00e9partition des investissements par d\u00e9partement<\/p>\n<ul>\n<li>Paris : 10 projets \u2013 6,2 M\u20ac<\/li>\n<li>Seine-et-Marne : 2 projets \u2013 4,3 M\u20ac<\/li>\n<li>Yvelines : 5 projets \u2013 14,8 M\u20ac<\/li>\n<li>Essonne : 3 projets \u2013 7,4 M\u20ac<\/li>\n<li>Hauts-de-Seine : 6 projets \u2013 1,8 M\u20ac<\/li>\n<li>Seine-Saint-Denis : 5 projets \u2013 22 M\u20ac<\/li>\n<li>Val-de-Marne : 4 projets \u2013 5,7 M\u20ac<\/li>\n<li>Val-d\u2019Oise : 4 projets \u2013 3,5 M\u20ac<\/li>\n<li>Oise (AP-HP) : 2 projets \u2013 1,2 M\u20ac<\/li>\n<\/ul>\n<p>\u00a0<\/p>\n<p>Qu\u2019est-ce qu\u2019une USLD ?<\/p>\n<p>Les unit\u00e9s de soins de longue dur\u00e9e (USLD) sont des structures hospitali\u00e8res destin\u00e9es \u00e0 accueillir des personnes \u00e2g\u00e9es pr\u00e9sentant une perte d\u2019autonomie majeure et n\u00e9cessitant une surveillance m\u00e9dicale constante ainsi que des soins quotidiens. Elles offrent un environnement s\u00e9curis\u00e9, adapt\u00e9 aux pathologies chroniques et aux troubles cognitifs, avec une prise en charge pluridisciplinaire (m\u00e9decins, infirmiers, aides-soignants, psychologues, kin\u00e9sith\u00e9rapeutes). Les USLD se distinguent des EHPAD par la pr\u00e9sence d\u2019un plateau technique hospitalier et une m\u00e9dicalisation renforc\u00e9e. Il y en a 52 en \u00cele-de-France.<\/p>\n<p><strong>En savoir plus sur les USLD en \u00cele-de-France :<\/strong> <a href=\"https:\/\/www.iledefrance.ars.sante.fr\/loffre-dunites-de-soins-de-longue-duree-usld\" target=\"_blank\" data-xiti-name=\"L\u2019offre d\u2019unit\u00e9s de soins de longue dur\u00e9e\" data-xiti-chapitre1=\"Pr\u00e8s de 67 M\u20ac investis par l&#039;ARS \u00cele-de-France pour moderniser les unit\u00e9s de soins longue dur\u00e9e (USLD)\" data-xiti-type=\"exit\" rel=\"noopener\">L\u2019offre d\u2019unit\u00e9s de soins de longue dur\u00e9e<\/a><\/p>\n<p>\u00a0<\/p>\n<p>En image\u00a0<\/p>\n<p>La r\u00e9novation du b\u00e2timent Mirabeau \u00e0 l\u2019h\u00f4pital Sainte-Perrine (AP-HP, Paris 16e), inaugur\u00e9 le 27 novembre 2025.<\/p>\n<p>        <img decoding=\"async\" loading=\"lazy\"  width=\"730\" height=\"271\" src=\"https:\/\/www.europesays.com\/fr\/wp-content\/uploads\/2025\/11\/sainte Perrine.png.jpg\" alt=\"\" typeof=\"foaf:Image\" class=\"img-responsive\"\/><\/p>\n<p>        <img decoding=\"async\" loading=\"lazy\"  width=\"730\" height=\"271\" src=\"https:\/\/www.europesays.com\/fr\/wp-content\/uploads\/2025\/11\/sainte Perrine.png.jpg\" alt=\"\" typeof=\"foaf:Image\" class=\"img-responsive\"\/><\/p>\n","protected":false},"excerpt":{"rendered":"Depuis 2022, l\u2019ARS \u00cele-de-France a engag\u00e9 un programme d\u2019investissements immobiliers pour moderniser les USLD franciliennes. Au total, 41&hellip;\n","protected":false},"author":2,"featured_media":568245,"comment_status":"","ping_status":"","sticky":false,"template":"","format":"standard","meta":{"footnotes":""},"categories":[1592],"tags":[1111,11,1777,674,1011,27,662,12,626,25],"class_list":{"0":"post-568244","1":"post","2":"type-post","3":"status-publish","4":"format-standard","5":"has-post-thumbnail","7":"category-ile-de-france","8":"tag-actu","9":"tag-actualites","10":"tag-eu","11":"tag-europe","12":"tag-fr","13":"tag-france","14":"tag-ile-de-france","15":"tag-news","16":"tag-paris","17":"tag-republique-francaise"},"share_on_mastodon":{"url":"https:\/\/pubeurope.com\/@fr\/115637221747543602","error":""},"_links":{"self":[{"href":"https:\/\/www.europesays.com\/fr\/wp-json\/wp\/v2\/posts\/568244","targetHints":{"allow":["GET"]}}],"collection":[{"href":"https:\/\/www.europesays.com\/fr\/wp-json\/wp\/v2\/posts"}],"about":[{"href":"https:\/\/www.europesays.com\/fr\/wp-json\/wp\/v2\/types\/post"}],"author":[{"embeddable":true,"href":"https:\/\/www.europesays.com\/fr\/wp-json\/wp\/v2\/users\/2"}],"replies":[{"embeddable":true,"href":"https:\/\/www.europesays.com\/fr\/wp-json\/wp\/v2\/comments?post=568244"}],"version-history":[{"count":0,"href":"https:\/\/www.europesays.com\/fr\/wp-json\/wp\/v2\/posts\/568244\/revisions"}],"wp:featuredmedia":[{"embeddable":true,"href":"https:\/\/www.europesays.com\/fr\/wp-json\/wp\/v2\/media\/568245"}],"wp:attachment":[{"href":"https:\/\/www.europesays.com\/fr\/wp-json\/wp\/v2\/media?parent=568244"}],"wp:term":[{"taxonomy":"category","embeddable":true,"href":"https:\/\/www.europesays.com\/fr\/wp-json\/wp\/v2\/categories?post=568244"},{"taxonomy":"post_tag","embeddable":true,"href":"https:\/\/www.europesays.com\/fr\/wp-json\/wp\/v2\/tags?post=568244"}],"curies":[{"name":"wp","href":"https:\/\/api.w.org\/{rel}","templated":true}]}}