{"id":568246,"date":"2025-11-30T06:25:11","date_gmt":"2025-11-30T06:25:11","guid":{"rendered":"https:\/\/www.europesays.com\/fr\/568246\/"},"modified":"2025-11-30T06:25:11","modified_gmt":"2025-11-30T06:25:11","slug":"ce-quartier-emblematique-est-il-devenu-inhabitable","status":"publish","type":"post","link":"https:\/\/www.europesays.com\/fr\/568246\/","title":{"rendered":"ce quartier embl\u00e9matique est-il devenu inhabitable\u00a0?"},"content":{"rendered":"<p>                    Par<br \/>\n        <strong><br \/>\n            <a href=\"https:\/\/actu.fr\/auteur\/thomas-martin\" title=\"Consulter tous les articles de Thomas Martin\" target=\"_blank\" rel=\"noopener\">Thomas Martin<\/a><br \/>\n                    <\/strong><\/p>\n<p>        Publi\u00e9 le<\/p>\n<p>            30 nov. 2025 \u00e0 6h54        <\/p>\n<p>\u00ab\u00a0Le Fabuleux destin d\u2019Am\u00e9lie Poulain\u00a0\u00bb para\u00eet bien loin.\u00a0A deux pas de l\u2019\u00e9picerie Collignon \u00e0 <a href=\"https:\/\/actu.fr\/tag\/montmartre\" target=\"_blank\" rel=\"noopener\">Montmartre<\/a>, d\u00e9cor du film,\u00a0 des \u00e9lus \u00e9cologistes ont exig\u00e9 cette semaine des mesures pour sauver un <strong>quartier embl\u00e9matique de Paris<\/strong> victime, selon eux, d\u2019une \u00ab\u00a0disneylandisation\u00a0\u00bb.<\/p>\n<p>\u00ab\u00a0Une destination de shopping international\u00a0\u00bb<\/p>\n<p class=\" wall-content\">\u00ab\u00a0Salut les guides touristiques\u00a0\u00bb: sur une vitrine voisine, une note manuscrite en anglais promet une \u00ab\u00a0r\u00e9duction\u00a0\u00bb aux groupes organis\u00e9s, rouage d\u2019une m\u00e9canique bien huil\u00e9e qui exasp\u00e8re ceux qui travaillent ici.<\/p>\n<p class=\" wall-content\">Pour Pascale (*), 54 ans, contrainte d\u2019utiliser une clochette pour fendre la mar\u00e9e humaine avec son lourd chariot de factrice, chaque tourn\u00e9e est devenue un parcours du combattant.<br \/>\u00ab\u00a0C\u2019est g\u00eanant, \u00e7a nous ralentit car les gens ne se poussent pas (\u2026) et on doit demander pardon tout le temps\u00a0\u00bb, souffle la posti\u00e8re.<\/p>\n<p class=\" wall-content\">Si la \u00ab\u00a0F\u00eate de la Coquille\u00a0\u00bb et ses chalets saturent parfois la place des Abbesses, la pression est d\u00e9sormais constante. \u00ab\u00a0C\u2019est compliqu\u00e9 pour nous, mais aussi pour les gens qui habitent l\u00e0\u00a0\u00bb, r\u00e9sume-t-elle, fataliste face \u00e0 des visiteurs internationaux parfois \u00ab\u00a0pas tr\u00e8s bien \u00e9duqu\u00e9s\u00a0\u00bb qui bloquent les acc\u00e8s aux immeubles.<\/p>\n<p class=\" wall-content\">C\u2019est pour briser ce \u00ab\u00a0fatalisme\u00a0\u00bb qu\u2019Anne-Claire Boux et Emile Meunier, \u00e9lus \u00e9cologistes du 18e arrondissement, ont convoqu\u00e9 la presse mardi square Jehan-Rictus pour une d\u00e9ambulation et un tractage au milieu des touristes. La premi\u00e8re, adjointe \u00e0 la maire PS Anne Hidalgo, est aussi t\u00eate de liste des \u00e9cologistes dans son arrondissement pour les municipales de mars prochain.<\/p>\n<p class=\" wall-content\">Leur cible prioritaire : l\u2019arr\u00eat\u00e9 de 2015 classant Montmartre en zone touristique internationale (ZTI). Cette mesure, qui autorise le travail dominical et tard le soir, a transform\u00e9 le quartier en \u00ab\u00a0destination de shopping international\u00a0\u00bb, estiment-ils.<\/p>\n<p>Votre r\u00e9gion, votre actu !<\/p>\n<p>Recevez chaque jour les infos qui comptent pour vous.<\/p>\n<p>\t<a href=\"https:\/\/actu.fr\/newsletter\" class=\"ac-btn ac-btn--corner ac-btn--medium ac-btn--blue800\" target=\"_blank\" rel=\"noopener\">S&rsquo;incrire<\/a><\/p>\n<p class=\" wall-content\">\u00ab\u00a0Le dispositif a, malheureusement mais comme c\u2019\u00e9tait pr\u00e9visible, puissamment particip\u00e9 \u00e0 renforcer l\u2019attractivit\u00e9 touristique (\u2026) au prix d\u2019effets sociaux, urbains et environnementaux tr\u00e8s n\u00e9gatifs\u00a0\u00bb, d\u00e9plorent les \u00e9lus dans un courrier au ministre du Commerce et du Tourisme, Serge Papin.<\/p>\n<p>Les habitants de Montmartre fuient<\/p>\n<p class=\" wall-content\">Guillaume (*), 47 ans, observe cette \u00e9rosion culturelle depuis sa librairie \u00ab\u00a0Au Pied de la Lettre\u00a0\u00bb, rue Tardieu. \u00ab\u00a0L\u2019axe m\u00e9tro Abbesses jusqu\u2019au funiculaire est hyper emprunt\u00e9, surtout le week-end, \u00e7a devient impraticable\u00a0\u00bb, t\u00e9moigne celui qui a repris l\u2019affaire familiale en 2005.<\/p>\n<p class=\" wall-content\">Selon lui, \u00ab\u00a0les habitants du quartier fuient\u00a0\u00bb d\u00e9sormais le quartier en fin de semaine pour \u00e9chapper \u00e0 la cohue o\u00f9 \u00ab\u00a0les provinciaux s\u2019ajoutent aux touristes internationaux\u00a0\u00bb.<\/p>\n<p class=\" wall-content\">L\u2019exasp\u00e9ration se lit jusque sur les murs : sur la fen\u00eatre d\u2019un cabinet m\u00e9dical, une affiche verte implore les passants de \u00ab\u00a0ne pas rester devant cette porte pour bavarder ou t\u00e9l\u00e9phoner\u00a0\u00bb, signe d\u2019un espace public satur\u00e9 o\u00f9 le soin peine \u00e0 coexister avec le brouhaha.<br \/>L\u2019ironie de la situation n\u2019\u00e9chappe pas au libraire: alors que les visiteurs affluent vers la place Suzanne Valadon, \u00ab\u00a0les gens ne savent pas qui est\u00a0\u00bb cette figure majeure de la peinture.<\/p>\n<p class=\" wall-content\">\u00ab\u00a0Je les vois passer le nez sur le GPS\u00a0\u00bb, soupire-t-il, invitant \u00e0 observer la rue de Steinkerque voisine: \u00ab\u00a0C\u2019est infernal, elle est \u00e9troite (\u2026) et elle est toujours pleine\u00a0\u00bb. Dans cette art\u00e8re, les commerces de proximit\u00e9 c\u00e8dent la place \u00e0 des boutiques de souvenirs standardis\u00e9es vendant \u00ab\u00a0SD Card\u00a0\u00bb et \u00ab\u00a0Power Bank\u00a0\u00bb en urgence.<\/p>\n<p class=\" wall-content\">Face \u00e0 cette d\u00e9rive, les \u00e9cologistes r\u00e9clament des mesures chocs: l\u2019abrogation de la ZTI, la r\u00e9gulation des cars de tourisme, l\u2019interdiction des v\u00e9hicules type 2CV et des r\u00e9servations pour l\u2019acc\u00e8s au Sacr\u00e9-C\u0153ur, visit\u00e9 \u00ab\u00a0par pr\u00e8s de 10 millions de personnes par an\u00a0\u00bb.<\/p>\n<p>Pas un quartier pour les \u00ab\u00a0couche-t\u00f4t\u00a0\u00bb<\/p>\n<p class=\" wall-content\">Sur la place des Abbesses, Ana\u00efs (*), 45 ans, surveille ses deux gar\u00e7ons qui courent apr\u00e8s les pigeons, une gaufre \u00e0 la main. \u00ab\u00a0Je ne vois pas comment \u00e7a peut changer, \u00e7a a toujours \u00e9t\u00e9 comme \u00e7a\u00a0\u00bb, l\u00e2che-t-elle, r\u00e9sign\u00e9e.<\/p>\n<p class=\" wall-content\">Elle admet toutefois qu\u2019elle aimerait \u00ab\u00a0de temps en temps un peu de silence\u00a0\u00bb et moins de difficult\u00e9s pour circuler en poussette.<\/p>\n<p class=\" wall-content\">Un peu plus loin, pr\u00e8s du village Ravignan, Cindy (*), 30 ans, se montre plus nuanc\u00e9e.<br \/>Elle juge la situation \u00ab\u00a0g\u00e9rable\u00a0\u00bb, \u00e0 condition de ne pas \u00eatre \u00ab\u00a0couche-t\u00f4t\u00a0\u00bb \u00e0 cause du bruit en soir\u00e9e. Une nuisance nocturne que les \u00e9lus esp\u00e8rent justement r\u00e9duire en s\u2019attaquant aux ouvertures tardives permises par la ZTI, pour tenter de rendre enfin le tourisme \u00ab\u00a0compatible avec la vie quotidienne\u00a0\u00bb.<br \/>(*) Les personnes interrog\u00e9es n\u2019ont pas donn\u00e9 leur nom.<\/p>\n<p class=\" wall-content\"><strong>AFP<\/strong><\/p>\n<p class=\" wall-content\">Personnalisez votre actualit\u00e9 en ajoutant vos villes et m\u00e9dias en favori avec <a href=\"https:\/\/moncompte.actu.fr\" title=\"D\u00e9couvez Mon Actu\" rel=\"nofollow noopener\" data-trk=\"{&quot;cta&quot;:{&quot;action&quot;:&quot;https:\\\/\\\/moncompte.actu.fr&quot;,&quot;category&quot;:&quot;mon compte&quot;,&quot;from&quot;:&quot;article footer&quot;,&quot;name&quot;:&quot;Mon actu&quot;,&quot;type&quot;:&quot;cta&quot;}}\" target=\"_blank\">Mon Actu<\/a>.<\/p>\n","protected":false},"excerpt":{"rendered":"Par Thomas Martin Publi\u00e9 le 30 nov. 2025 \u00e0 6h54 \u00ab\u00a0Le Fabuleux destin d\u2019Am\u00e9lie Poulain\u00a0\u00bb para\u00eet bien loin.\u00a0A&hellip;\n","protected":false},"author":2,"featured_media":568247,"comment_status":"","ping_status":"","sticky":false,"template":"","format":"standard","meta":{"footnotes":""},"categories":[1888],"tags":[1111,1928,11,1927,1777,674,1011,27,7661,12,1926,626,1925,25,104,602],"class_list":{"0":"post-568246","1":"post","2":"type-post","3":"status-publish","4":"format-standard","5":"has-post-thumbnail","7":"category-paris","8":"tag-actu","9":"tag-actu-paris","10":"tag-actualites","11":"tag-actualites-paris","12":"tag-eu","13":"tag-europe","14":"tag-fr","15":"tag-france","16":"tag-montmartre","17":"tag-news","18":"tag-news-paris","19":"tag-paris","20":"tag-paris-news","21":"tag-republique-francaise","22":"tag-societe","23":"tag-tourisme"},"share_on_mastodon":{"url":"https:\/\/pubeurope.com\/@fr\/115637224968884311","error":""},"_links":{"self":[{"href":"https:\/\/www.europesays.com\/fr\/wp-json\/wp\/v2\/posts\/568246","targetHints":{"allow":["GET"]}}],"collection":[{"href":"https:\/\/www.europesays.com\/fr\/wp-json\/wp\/v2\/posts"}],"about":[{"href":"https:\/\/www.europesays.com\/fr\/wp-json\/wp\/v2\/types\/post"}],"author":[{"embeddable":true,"href":"https:\/\/www.europesays.com\/fr\/wp-json\/wp\/v2\/users\/2"}],"replies":[{"embeddable":true,"href":"https:\/\/www.europesays.com\/fr\/wp-json\/wp\/v2\/comments?post=568246"}],"version-history":[{"count":0,"href":"https:\/\/www.europesays.com\/fr\/wp-json\/wp\/v2\/posts\/568246\/revisions"}],"wp:featuredmedia":[{"embeddable":true,"href":"https:\/\/www.europesays.com\/fr\/wp-json\/wp\/v2\/media\/568247"}],"wp:attachment":[{"href":"https:\/\/www.europesays.com\/fr\/wp-json\/wp\/v2\/media?parent=568246"}],"wp:term":[{"taxonomy":"category","embeddable":true,"href":"https:\/\/www.europesays.com\/fr\/wp-json\/wp\/v2\/categories?post=568246"},{"taxonomy":"post_tag","embeddable":true,"href":"https:\/\/www.europesays.com\/fr\/wp-json\/wp\/v2\/tags?post=568246"}],"curies":[{"name":"wp","href":"https:\/\/api.w.org\/{rel}","templated":true}]}}