{"id":568248,"date":"2025-11-30T06:26:17","date_gmt":"2025-11-30T06:26:17","guid":{"rendered":"https:\/\/www.europesays.com\/fr\/568248\/"},"modified":"2025-11-30T06:26:17","modified_gmt":"2025-11-30T06:26:17","slug":"cest-peut-etre-nous-qui-aurions-du-gagner-affirme-morgan-parra","status":"publish","type":"post","link":"https:\/\/www.europesays.com\/fr\/568248\/","title":{"rendered":"\u00abC\u2019est peut-\u00eatre nous qui aurions d\u00fb gagner\u00bb affirme Morgan Parra"},"content":{"rendered":"<p>\n    L\u2019entra\u00eeneur du Stade Fran\u00e7ais a comment\u00e9 la d\u00e9faite sur le fil des Parisiens \u00e0 Clermont ce samedi (36-32), \u00e9voquant une d\u00e9cision d\u2019arbitrage qu\u2019il juge tr\u00e8s d\u00e9favorable.<\/p>\n<p class=\"fig-paragraph\"><strong>Morgan Parra (entra\u00eeneur en chef du Stade fran\u00e7ais)\u00a0: <\/strong>\u00abJe suis frustr\u00e9 pour les joueurs, on sait combien c\u2019est dur de gagner ici et ce soir on \u00e9tait dans le vrai. On subit physiquement en premi\u00e8re p\u00e9riode mais on revient avec de nouvelles intentions en seconde mi-temps, on aurait peut-\u00eatre m\u00eame d\u00fb tuer ce match. (&#8230;) Personnellement, je ne suis pas d\u2019accord avec la d\u00e9cision arbitrale sur la derni\u00e8re action. C\u2019est mon avis, les arbitres ont le leur. Je connais trop le stade ici pour conna\u00eetre l\u2019importance du public. Mais il faut f\u00e9liciter aussi Clermont d\u2019y avoir cru jusqu\u2019au bout et d\u2019avoir pouss\u00e9 de cette fa\u00e7on. Le 16e homme du Michelin a aussi pouss\u00e9 fort tout au long de cette rencontre. Et particuli\u00e8rement sur cette derni\u00e8re d\u00e9cision. Je respecte les arbitres, mais c\u2019est peut-\u00eatre nous qui aurions d\u00fb gagner ce soir.\u00bb<\/p>\n<p class=\"fig-paragraph\">Une analyse qui a provoqu\u00e9 la r\u00e9action courrouc\u00e9e de <strong>Christophe Urios (entra\u00eeneur en chef de Clermont)\u00a0:<\/strong> \u00ab\u00c7a ne m\u2019\u00e9tonne pas qu\u2019il dise \u00e7a. Il voit bien qu\u2019il n\u2019y a pas en-avant. C\u2019est du bon sens, quand m\u00eame. Si tu dis qu\u2019il y a en-avant sur cette action, c\u2019est de la mauvaise foi. Peut-\u00eatre qu\u2019il est de mauvaise foi\u2026 Il ne faut pas d\u00e9conner, quand m\u00eame. \u00c0 mon avis, c\u2019est plus de la d\u00e9ception d\u2019avoir perdu le match.\u00bb<\/p>\n","protected":false},"excerpt":{"rendered":"L\u2019entra\u00eeneur du Stade Fran\u00e7ais a comment\u00e9 la d\u00e9faite sur le fil des Parisiens \u00e0 Clermont ce samedi (36-32),&hellip;\n","protected":false},"author":2,"featured_media":568249,"comment_status":"","ping_status":"","sticky":false,"template":"","format":"standard","meta":{"footnotes":""},"categories":[1888],"tags":[1111,1928,11,1927,525,4590,1981,2313,814,1777,674,1011,27,955,12,1926,626,1925,4589,2311,25,1980,479,2259,478,2310,2312],"class_list":{"0":"post-568248","1":"post","2":"type-post","3":"status-publish","4":"format-standard","5":"has-post-thumbnail","7":"category-paris","8":"tag-actu","9":"tag-actu-paris","10":"tag-actualites","11":"tag-actualites-paris","12":"tag-calendrier","13":"tag-championnat-france","14":"tag-classement","15":"tag-clermont","16":"tag-direct","17":"tag-eu","18":"tag-europe","19":"tag-fr","20":"tag-france","21":"tag-match","22":"tag-news","23":"tag-news-paris","24":"tag-paris","25":"tag-paris-news","26":"tag-phase-finale","27":"tag-racing","28":"tag-republique-francaise","29":"tag-resultats","30":"tag-rugby","31":"tag-score","32":"tag-top-14","33":"tag-toulon","34":"tag-toulouse"},"share_on_mastodon":{"url":"https:\/\/pubeurope.com\/@fr\/115637228942303382","error":""},"_links":{"self":[{"href":"https:\/\/www.europesays.com\/fr\/wp-json\/wp\/v2\/posts\/568248","targetHints":{"allow":["GET"]}}],"collection":[{"href":"https:\/\/www.europesays.com\/fr\/wp-json\/wp\/v2\/posts"}],"about":[{"href":"https:\/\/www.europesays.com\/fr\/wp-json\/wp\/v2\/types\/post"}],"author":[{"embeddable":true,"href":"https:\/\/www.europesays.com\/fr\/wp-json\/wp\/v2\/users\/2"}],"replies":[{"embeddable":true,"href":"https:\/\/www.europesays.com\/fr\/wp-json\/wp\/v2\/comments?post=568248"}],"version-history":[{"count":0,"href":"https:\/\/www.europesays.com\/fr\/wp-json\/wp\/v2\/posts\/568248\/revisions"}],"wp:featuredmedia":[{"embeddable":true,"href":"https:\/\/www.europesays.com\/fr\/wp-json\/wp\/v2\/media\/568249"}],"wp:attachment":[{"href":"https:\/\/www.europesays.com\/fr\/wp-json\/wp\/v2\/media?parent=568248"}],"wp:term":[{"taxonomy":"category","embeddable":true,"href":"https:\/\/www.europesays.com\/fr\/wp-json\/wp\/v2\/categories?post=568248"},{"taxonomy":"post_tag","embeddable":true,"href":"https:\/\/www.europesays.com\/fr\/wp-json\/wp\/v2\/tags?post=568248"}],"curies":[{"name":"wp","href":"https:\/\/api.w.org\/{rel}","templated":true}]}}