{"id":568252,"date":"2025-11-30T06:28:12","date_gmt":"2025-11-30T06:28:12","guid":{"rendered":"https:\/\/www.europesays.com\/fr\/568252\/"},"modified":"2025-11-30T06:28:12","modified_gmt":"2025-11-30T06:28:12","slug":"la-cour-de-cassation-la-stoppe-net","status":"publish","type":"post","link":"https:\/\/www.europesays.com\/fr\/568252\/","title":{"rendered":"la Cour de cassation la stoppe net"},"content":{"rendered":"<p>                    Par<br \/>\n        <strong><br \/>\n            <a href=\"https:\/\/actu.fr\/auteur\/thomas-martin\" title=\"Consulter tous les articles de Thomas Martin\" target=\"_blank\" rel=\"noopener\">Thomas Martin<\/a><br \/>\n                    <\/strong><\/p>\n<p>        Publi\u00e9 le<\/p>\n<p>            30 nov. 2025 \u00e0 7h14        <\/p>\n<p>Une affaire vieille de 5 ans qui vient de conna\u00eetre son \u00e9pilogue et qui va int\u00e9resser de nombreuses <a href=\"https:\/\/actu.fr\/tag\/famille\" target=\"_blank\" rel=\"noopener\">familles<\/a>.\u00a0 D\u00e9but juin 2020, les parents d\u2019un lyc\u00e9en s\u2019empressent de finaliser son inscription \u00e0 l\u2019Acad\u00e9mie Rive Gauche \u2013 Galilea Global Education France, une <strong>\u00e9cole priv\u00e9e<\/strong> situ\u00e9e \u00e0 Paris. Dossier rempli, signature du contrat, paiement imm\u00e9diat des frais de scolarit\u00e9 : la famille suit scrupuleusement toutes les \u00e9tapes. Mais un mois plus tard, tout bascule.<\/p>\n<p>L\u2019\u00e9cole refuse tout remboursement<\/p>\n<p class=\" wall-content\">L\u2019\u00e9tudiant re\u00e7oit finalement une proposition d\u2019admission dans une autre \u00e9cole, qu\u2019il pr\u00e9f\u00e8re. D\u00e9but juillet, il se d\u00e9siste. La famille pense alors que l\u2019annulation sera une simple formalit\u00e9.<\/p>\n<p class=\" wall-content\">C\u2019est le contraire qui se produit. L\u2019\u00e9cole parisienne refuse tout remboursement des <strong>8 850 euros<\/strong> vers\u00e9s, brandissant une clause selon laquelle l\u2019int\u00e9gralit\u00e9 des frais de scolarit\u00e9 serait due d\u00e8s la signature, sauf force majeure ou motif imp\u00e9rieux. Une clause pourtant absente du contrat : elle ne figurait que dans le r\u00e8glement int\u00e9rieur, n\u2019attirant ainsi nullement l\u2019attention des parents.\u00a0<\/p>\n<p class=\" wall-content\">La Cour d\u2019appel, puis la <a href=\"https:\/\/actu.fr\/tag\/cour-de-cassation\" target=\"_blank\" rel=\"noopener\">Cour de cassation<\/a>, ne s\u2019y sont pas tromp\u00e9es. Dans <a href=\"https:\/\/www.courdecassation.fr\/decision\/6926a8fc77bf00d0f5e9c973\" target=\"_blank\" rel=\"noopener\">un arr\u00eat du 26 novembre 2025<\/a>, la haute juridiction confirme que cette disposition doit \u00eatre consid\u00e9r\u00e9e comme \u00ab non \u00e9crite \u00bb. Non seulement elle n\u2019\u00e9tait pas port\u00e9e clairement \u00e0 la connaissance des parents, mais elle est en outre abusive, car elle ne pr\u00e9voit aucune adaptation en fonction de la date de d\u00e9sistement et conf\u00e8re un \u00ab avantage excessif \u00bb \u00e0 l\u2019\u00e9tablissement.<\/p>\n<p class=\" wall-content\">En d\u2019autres termes, une \u00e9cole ne peut pas transformer une inscription r\u00e9alis\u00e9e dans les r\u00e8gles \u2014 et effectu\u00e9e de bonne foi par une famille \u2014 en engagement financier irr\u00e9vocable, surtout lorsque l\u2019ann\u00e9e scolaire n\u2019a pas encore commenc\u00e9.<\/p>\n<p class=\" wall-content\">Par cette d\u00e9cision, la Cour de cassation rappelle que, m\u00eame dans le secteur de l\u2019enseignement priv\u00e9, les \u00e9tablissements ne sont pas libres d\u2019imposer des conditions disproportionn\u00e9es. Et que les parents qui s\u2019engagent t\u00f4t pour assurer l\u2019avenir de leur enfant ne doivent pas devenir les otages d\u2019une ligne perdue dans un r\u00e8glement int\u00e9rieur.<\/p>\n<p class=\" wall-content\"><strong>Avec AFP<\/strong><\/p>\n<p class=\" wall-content\">Personnalisez votre actualit\u00e9 en ajoutant vos villes et m\u00e9dias en favori avec <a href=\"https:\/\/moncompte.actu.fr\" title=\"D\u00e9couvez Mon Actu\" rel=\"nofollow noopener\" data-trk=\"{&quot;cta&quot;:{&quot;action&quot;:&quot;https:\\\/\\\/moncompte.actu.fr&quot;,&quot;category&quot;:&quot;mon compte&quot;,&quot;from&quot;:&quot;article footer&quot;,&quot;name&quot;:&quot;Mon actu&quot;,&quot;type&quot;:&quot;cta&quot;}}\" target=\"_blank\">Mon Actu<\/a>.<\/p>\n","protected":false},"excerpt":{"rendered":"Par Thomas Martin Publi\u00e9 le 30 nov. 2025 \u00e0 7h14 Une affaire vieille de 5 ans qui vient&hellip;\n","protected":false},"author":2,"featured_media":568253,"comment_status":"","ping_status":"","sticky":false,"template":"","format":"standard","meta":{"footnotes":""},"categories":[1888],"tags":[11,8424,1777,674,1011,27,12,626,10918,25,104],"class_list":{"0":"post-568252","1":"post","2":"type-post","3":"status-publish","4":"format-standard","5":"has-post-thumbnail","7":"category-paris","8":"tag-actualites","9":"tag-cour-de-cassation","10":"tag-eu","11":"tag-europe","12":"tag-fr","13":"tag-france","14":"tag-news","15":"tag-paris","16":"tag-rentree-scolaire","17":"tag-republique-francaise","18":"tag-societe"},"share_on_mastodon":{"url":"https:\/\/pubeurope.com\/@fr\/115637236787840378","error":""},"_links":{"self":[{"href":"https:\/\/www.europesays.com\/fr\/wp-json\/wp\/v2\/posts\/568252","targetHints":{"allow":["GET"]}}],"collection":[{"href":"https:\/\/www.europesays.com\/fr\/wp-json\/wp\/v2\/posts"}],"about":[{"href":"https:\/\/www.europesays.com\/fr\/wp-json\/wp\/v2\/types\/post"}],"author":[{"embeddable":true,"href":"https:\/\/www.europesays.com\/fr\/wp-json\/wp\/v2\/users\/2"}],"replies":[{"embeddable":true,"href":"https:\/\/www.europesays.com\/fr\/wp-json\/wp\/v2\/comments?post=568252"}],"version-history":[{"count":0,"href":"https:\/\/www.europesays.com\/fr\/wp-json\/wp\/v2\/posts\/568252\/revisions"}],"wp:featuredmedia":[{"embeddable":true,"href":"https:\/\/www.europesays.com\/fr\/wp-json\/wp\/v2\/media\/568253"}],"wp:attachment":[{"href":"https:\/\/www.europesays.com\/fr\/wp-json\/wp\/v2\/media?parent=568252"}],"wp:term":[{"taxonomy":"category","embeddable":true,"href":"https:\/\/www.europesays.com\/fr\/wp-json\/wp\/v2\/categories?post=568252"},{"taxonomy":"post_tag","embeddable":true,"href":"https:\/\/www.europesays.com\/fr\/wp-json\/wp\/v2\/tags?post=568252"}],"curies":[{"name":"wp","href":"https:\/\/api.w.org\/{rel}","templated":true}]}}