{"id":568256,"date":"2025-11-30T06:30:17","date_gmt":"2025-11-30T06:30:17","guid":{"rendered":"https:\/\/www.europesays.com\/fr\/568256\/"},"modified":"2025-11-30T06:30:17","modified_gmt":"2025-11-30T06:30:17","slug":"la-coalition-des-volontaires-au-coeur-des-garanties-de-securite-pour-lukraine","status":"publish","type":"post","link":"https:\/\/www.europesays.com\/fr\/568256\/","title":{"rendered":"La Coalition des volontaires au c\u0153ur des garanties de s\u00e9curit\u00e9 pour L\u2019Ukraine"},"content":{"rendered":"<p>\n                                                Parall\u00e8lement aux n\u00e9gociations de paix en Ukraine, une r\u00e9union de la Coalition des volontaires\u00a0s\u2019est tenue mardi 25 novembre. Cette derni\u00e8re r\u00e9unie une trentaine de pays souhaitant apporter \u00e0 l&rsquo;Ukraine des garanties de s\u00e9curit\u00e9 dans l&rsquo;hypoth\u00e8se d&rsquo;un cessez-le-feu. Cet engagement pourrait devenir la cl\u00e9 de vo\u00fbte d\u2019un futur accord de paix.                    <\/p>\n<p>\u00c0 l\u2019issue de la r\u00e9union de<strong><a href=\"https:\/\/www.rfi.fr\/fr\/europe\/20251126-guerre-en-ukraine-kiev-soutient-les-principes-du-plan-de-paix-am\u00e9ricain-r\u00e9vis\u00e9-des-points-sensibles-encore-\u00e0-discuter\" target=\"_self\" rel=\"nofollow noopener\"> la <\/a><\/strong><strong><a href=\"https:\/\/www.rfi.fr\/fr\/europe\/20251126-guerre-en-ukraine-kiev-soutient-les-principes-du-plan-de-paix-am\u00e9ricain-r\u00e9vis\u00e9-des-points-sensibles-encore-\u00e0-discuter\" target=\"_self\" rel=\"nofollow noopener\">Coalition des volontaires<\/a><\/strong>, le pr\u00e9sident Emmanuel Macron a indiqu\u00e9 qu\u2019un travail allait \u00eatre engag\u00e9 avec les \u00c9tats-Unis et l\u2019Otan pour le suivi du respect d\u2019un \u00e9ventuel futur cessez-le-feu. Il y aura deux axes d\u2019effort, dit le pr\u00e9sident fran\u00e7ais\u00a0: \u00a0veiller en premier lieu \u00e0 ce que les effectifs de l\u2019arm\u00e9e ukrainienne ne soient pas limit\u00e9s, et que la Coalition des volontaires\u00a0de son c\u00f4t\u00e9 s\u2019engage \u00e0 d\u00e9ployer des forces de r\u00e9assurance. \u00a0<\/p>\n<p> Un plan de paix remani\u00e9 et expurg\u00e9 par les europ\u00e9ens <\/p>\n<p><strong><a href=\"https:\/\/www.rfi.fr\/fr\/europe\/20251124-plan-am\u00e9ricain-pour-l-ukraine-la-coalition-des-volontaires-veut-apporter-des-garanties-de-s\u00e9curit\u00e9\" target=\"_self\" rel=\"nofollow noopener\">Le plan de paix de Washington <\/a><\/strong>remani\u00e9 et expurg\u00e9 par les europ\u00e9ens, laisse la porte ouverte \u00e0 cette initiative, puisque nulle part dans le document, pr\u00e9cise le diplomate Jean de Gliniasty, directeur de recherche \u00e0 l\u2019Institut des relations internationales et strat\u00e9giques, n&rsquo;est dit qu&rsquo;un d\u00e9ploiement militaire d\u2019appui serait interdit. Mais pas directement en Ukraine, c\u2019est une ligne rouge pour Moscou\u00a0: \u00ab\u00a0Dans les propositions europ\u00e9ennes de modification du plan Trump, il y a l&rsquo;id\u00e9e que la Coalition des volontaires ne serait pas sur le territoire ukrainien en temps de paix. Donc \u00e7a veut dire qu&rsquo;ils se r\u00e9servent de rentrer en cas de violation d&rsquo;un accord \u00e9ventuel. C&rsquo;est un point important, \u00e9videmment, puisque dans le plan am\u00e9ricain, il est pris en compte que les Russes refusent toute pr\u00e9sence permanente de membres de l&rsquo;Otan sur le territoire ukrainien. C&rsquo;est donc une fa\u00e7on d&rsquo;accommoder en quelque sorte ce qui est une condition sine qua none pour les Russes. Mais il est r\u00e9serv\u00e9 la possibilit\u00e9 d&rsquo;entrer sur le territoire ukrainien en cas de violation de l&rsquo;accord.\u00a0\u00bb<\/p>\n<p class=\"a-read-more\">\u00c0 lire aussi<a href=\"https:\/\/www.rfi.fr\/fr\/am\u00e9riques\/20251130-guerre-en-ukraine-marco-rubio-et-steve-witkoff-re\u00e7oivent-une-d\u00e9l\u00e9gation-ukrainienne-aux-\u00e9tats-unis\" target=\"_self\" class=\"a-read-more__link\" rel=\"nofollow noopener\">Guerre en Ukraine: Marco Rubio et Steve Witkoff re\u00e7oivent une d\u00e9l\u00e9gation ukrainienne aux \u00c9tats-Unis<\/a><\/p>\n<p> Une Coalition des volontaires qui commence \u00e0 peser <\/p>\n<p>La Coalition des volontaires, n\u00e9e en mars dernier apr\u00e8s la d\u00e9sastreuse rencontre dans le bureau ovale entre <strong><a href=\"https:\/\/www.rfi.fr\/fr\/europe\/20251017-ukraine-volodymyr-zelensky-rencontre-donald-trump-\u00e0-washington-pour-demander-des-missiles-et-du-soutien\" target=\"_self\" rel=\"nofollow noopener\">Donald Trump et Volodymyr Zelensky<\/a><\/strong>\u00a0ne r\u00e9unissait initialement que quelques pays, \u00e0 l\u2019instar de la Grande-Bretagne et de la France. Tr\u00e8s peu de volontaires au d\u00e9part, mais d\u00e9sormais cette coalition r\u00e9unie pr\u00e8s d\u2019une trentaine de nation et commence \u00e0 peser pointe Jean de Gliniasty, \u00ab\u00a0On peut esp\u00e9rer que 26 \u00c9tats participeront \u00e0 un syst\u00e8me de garantie de s\u00e9curit\u00e9 \u00e0 l&rsquo;Ukraine, qui impliquera des troupes \u00e0 la fronti\u00e8re, \u00e9ventuellement des mesures navales ou a\u00e9riennes. Dans le plan Trump, qui est repris par le plan europ\u00e9en, il y a un stationnement d&rsquo;avions de guerre en Pologne. On voit tr\u00e8s bien s&rsquo;articuler un syst\u00e8me sans pr\u00e9sence permanente de troupes de l&rsquo;Otan, un syst\u00e8me relativement protecteur pour l&rsquo;Ukraine. Si l&rsquo;accord est sign\u00e9 en l&rsquo;\u00e9tat, contrairement \u00e0 ce qu&rsquo;on dit, ce n&rsquo;est pas une capitulation de l&rsquo;Ukraine ou une victoire pour la Russie. La Russie perd compl\u00e8tement l&rsquo;Ukraine, qui est int\u00e9gr\u00e9e au syst\u00e8me occidental via notamment l&rsquo;Union europ\u00e9enne, mais elle gagne 20% du territoire. Il y a une esp\u00e8ce de partage, en quelque sorte, des pertes des deux c\u00f4t\u00e9s. Si chacune des deux parties peut clamer victoire, il n&rsquo;est pas exclu que cet accord puisse tenir. Et donc \u00e0 ce moment-l\u00e0, les garanties qui sont \u00e9labor\u00e9es deviennent suffisantes.\u00a0\u00bb<\/p>\n<p>Un groupe de travail pilot\u00e9 par la France, la Grande-Bretagne et associant \u00e9troitement la Turquie, qui sur le plan maritime joue un r\u00f4le cl\u00e9, a vu le jour cette semaine. Pour la premi\u00e8re fois avec l\u2019implication am\u00e9ricaine pour b\u00e2tir les forces de r\u00e9assurances cens\u00e9es consolider l\u2019arm\u00e9e ukrainienne.<\/p>\n<p class=\"a-read-more\">\u00c0 lire aussi<a href=\"https:\/\/www.rfi.fr\/fr\/europe\/20251121-ukraine-les-europ\u00e9ens-ne-veulent-pas-d-un-plan-am\u00e9ricain-aux-allures-de-capitulation\" target=\"_self\" class=\"a-read-more__link\" rel=\"nofollow noopener\">Ukraine: les Europ\u00e9ens ne veulent pas d&rsquo;un plan am\u00e9ricain aux allures de \u00abcapitulation\u00bb<\/a><\/p>\n","protected":false},"excerpt":{"rendered":"Parall\u00e8lement aux n\u00e9gociations de paix en Ukraine, une r\u00e9union de la Coalition des volontaires\u00a0s\u2019est tenue mardi 25 novembre.&hellip;\n","protected":false},"author":2,"featured_media":568257,"comment_status":"","ping_status":"","sticky":false,"template":"","format":"standard","meta":{"footnotes":""},"categories":[1590],"tags":[11,554,73,1777,674,9042,33382,12,136,132,220,134],"class_list":{"0":"post-568256","1":"post","2":"type-post","3":"status-publish","4":"format-standard","5":"has-post-thumbnail","7":"category-ukraine","8":"tag-actualites","9":"tag-defense","10":"tag-etats-unis","11":"tag-eu","12":"tag-europe","13":"tag-la-guerre-en-ukraine-au-jour-le-jour","14":"tag-lignes-de-defense","15":"tag-news","16":"tag-otan","17":"tag-russie","18":"tag-ukraine","19":"tag-volodymyr-zelensky"},"share_on_mastodon":{"url":"https:\/\/pubeurope.com\/@fr\/115637244686857994","error":""},"_links":{"self":[{"href":"https:\/\/www.europesays.com\/fr\/wp-json\/wp\/v2\/posts\/568256","targetHints":{"allow":["GET"]}}],"collection":[{"href":"https:\/\/www.europesays.com\/fr\/wp-json\/wp\/v2\/posts"}],"about":[{"href":"https:\/\/www.europesays.com\/fr\/wp-json\/wp\/v2\/types\/post"}],"author":[{"embeddable":true,"href":"https:\/\/www.europesays.com\/fr\/wp-json\/wp\/v2\/users\/2"}],"replies":[{"embeddable":true,"href":"https:\/\/www.europesays.com\/fr\/wp-json\/wp\/v2\/comments?post=568256"}],"version-history":[{"count":0,"href":"https:\/\/www.europesays.com\/fr\/wp-json\/wp\/v2\/posts\/568256\/revisions"}],"wp:featuredmedia":[{"embeddable":true,"href":"https:\/\/www.europesays.com\/fr\/wp-json\/wp\/v2\/media\/568257"}],"wp:attachment":[{"href":"https:\/\/www.europesays.com\/fr\/wp-json\/wp\/v2\/media?parent=568256"}],"wp:term":[{"taxonomy":"category","embeddable":true,"href":"https:\/\/www.europesays.com\/fr\/wp-json\/wp\/v2\/categories?post=568256"},{"taxonomy":"post_tag","embeddable":true,"href":"https:\/\/www.europesays.com\/fr\/wp-json\/wp\/v2\/tags?post=568256"}],"curies":[{"name":"wp","href":"https:\/\/api.w.org\/{rel}","templated":true}]}}