{"id":568264,"date":"2025-11-30T06:34:23","date_gmt":"2025-11-30T06:34:23","guid":{"rendered":"https:\/\/www.europesays.com\/fr\/568264\/"},"modified":"2025-11-30T06:34:23","modified_gmt":"2025-11-30T06:34:23","slug":"psg-lakers-manchester-spurs-la-nba-europe-se-lance-pour-de-bon-et-le-foot-va-y-prendre-sa-part","status":"publish","type":"post","link":"https:\/\/www.europesays.com\/fr\/568264\/","title":{"rendered":"PSG-Lakers, Manchester-Spurs&#8230; La NBA Europe se lance pour de bon et le foot va y prendre sa part"},"content":{"rendered":"<p>        <img decoding=\"async\" loading=\"lazy\" src=\"https:\/\/www.europesays.com\/fr\/wp-content\/uploads\/2025\/11\/3ef91df_upload-1-evjznekappkq-gettyimages-2195386520.jpg\"  width=\"728\" height=\"409\" alt=\"Victor Wembanyama, ici au Parc des Princes en janvier 2025, pourrait bient\u00f4t avoir de nouvelles opportunit\u00e9s de parler football\u00a0!\"\/>  <\/p>\n<p>Aurelien Meunier &#8211; PSG \/ PSG via Getty Images<\/p>\n<p>Victor Wembanyama, ici au Parc des Princes en janvier 2025, pourrait bient\u00f4t avoir de nouvelles opportunit\u00e9s de parler football\u00a0!<\/p>\n<p class=\"asset asset-text\">Assister \u00e0 un match PSG-Los Angeles Lakers\u00a0? C\u2019est l\u2019id\u00e9e (un peu) fantasque qui se propage depuis plusieurs mois sur le sol europ\u00e9en. D\u00e9j\u00e0 bien amorc\u00e9e, l\u2019extension d\u2019une <a href=\"https:\/\/www.huffingtonpost.fr\/sport\/article\/victor-wembanyama-nomme-joueur-de-la-semaine-en-nba-apres-son-debut-de-saison-parfait_256473.html\" target=\"_blank\" rel=\"noopener\">NBA<\/a> sur le Vieux Continent, confirm\u00e9e par George Aivazoglou, patron de la NBA en Europe et au Moyen-Orient, est pr\u00e9vue pour octobre\u00a02027 avec ses propres franchises, son calendrier, ses revenus, tout en restant reli\u00e9 \u00e0 la grande ligue am\u00e9ricaine.<\/p>\n<p class=\"asset asset-text\">Au menu, 16 \u00e9quipes, dont 12 franchises permanentes, et, pour ne rien retirer au spectacle, des clubs de football de renom, ayant pour ambition de devenir omnisports, pourraient se joindre \u00e0 la f\u00eate. \u00ab\u00a0Je pense que le m\u00e9lange comprendra des \u00e9quipes existantes de la premi\u00e8re division actuelle, des \u00e9quipes de football sans club de basket et des \u00e9quipes cr\u00e9\u00e9es de toutes pi\u00e8ces\u00a0\u00bb, confiait le num\u00e9ro\u00a02 de la NBA, Mark Tatum, dans une interview \u00e0 The Athletic, le 20\u00a0novembre. Le d\u00e9cor est pos\u00e9.<\/p>\n<p class=\"asset asset-text\">Les \u00e9quipes permanentes seront r\u00e9parties dans six pays\u00a0: la France aura droit \u00e0 deux \u00e9quipes, tout comme l\u2019Allemagne, l\u2019Italie, et l\u2019Espagne, et la Turquie et la Gr\u00e8ce en auront une chacune. Si rien n\u2019est encore paraph\u00e9 du c\u00f4t\u00e9 des clubs, Manchester United et le PSG sont les plus proches de monter au cercle.<\/p>\n<p>    Le PSG, Manchester United\u2026 et qui d\u2019autre\u00a0?    <\/p>\n<p class=\"asset asset-text\">Le pr\u00e9sident de la F\u00e9d\u00e9ration italienne de basketball, Gianni Petrucci, a confirm\u00e9 l\u2019implication des Red Devils, selon The Athletic. Le pr\u00e9sident Jim Ratcliffe, sans doute plus excit\u00e9 par cette nouvelle aventure que par le sort de l\u2019OGC Nice, aurait d\u00e9j\u00e0 donn\u00e9 son accord pour la cr\u00e9ation d\u2019une \u00e9quipe de basketball, avec une salle de 15\u00a0000 places pr\u00e9vue \u00e0 proximit\u00e9 du futur stade du club. Le projet NBA-Europe attire \u00e9galement les convoitises de clubs au fonctionnement omnisports d\u00e9velopp\u00e9, comme le Real Madrid en Espagne ou le Bayern Munich en Allemagne.<\/p>\n<p> La lecture de ce contenu est susceptible d\u2019entra\u00eener un d\u00e9p\u00f4t de cookies de la part de l\u2019op\u00e9rateur tiers qui l\u2019h\u00e9berge. Compte-tenu des choix que vous avez exprim\u00e9s en mati\u00e8re de d\u00e9p\u00f4t de cookies, nous avons bloqu\u00e9 l\u2019affichage de ce contenu. Si vous souhaitez y acc\u00e9der, vous devez accepter la cat\u00e9gorie de cookies \u201cContenus tiers\u201d en cliquant sur le bouton ci-dessous. <\/p>\n<p> Lire la Vid\u00e9o              <\/p>\n","protected":false},"excerpt":{"rendered":"Aurelien Meunier &#8211; PSG \/ PSG via Getty Images Victor Wembanyama, ici au Parc des Princes en janvier&hellip;\n","protected":false},"author":2,"featured_media":568265,"comment_status":"","ping_status":"","sticky":false,"template":"","format":"standard","meta":{"footnotes":""},"categories":[1586],"tags":[11,1465,1777,674,63,1011,27,2182,12,25,35302,517],"class_list":{"0":"post-568264","1":"post","2":"type-post","3":"status-publish","4":"format-standard","5":"has-post-thumbnail","7":"category-europe","8":"tag-actualites","9":"tag-basket","10":"tag-eu","11":"tag-europe","12":"tag-football","13":"tag-fr","14":"tag-france","15":"tag-nba","16":"tag-news","17":"tag-republique-francaise","18":"tag-so-foot","19":"tag-sport"},"share_on_mastodon":{"url":"https:\/\/pubeurope.com\/@fr\/115637261123413194","error":""},"_links":{"self":[{"href":"https:\/\/www.europesays.com\/fr\/wp-json\/wp\/v2\/posts\/568264","targetHints":{"allow":["GET"]}}],"collection":[{"href":"https:\/\/www.europesays.com\/fr\/wp-json\/wp\/v2\/posts"}],"about":[{"href":"https:\/\/www.europesays.com\/fr\/wp-json\/wp\/v2\/types\/post"}],"author":[{"embeddable":true,"href":"https:\/\/www.europesays.com\/fr\/wp-json\/wp\/v2\/users\/2"}],"replies":[{"embeddable":true,"href":"https:\/\/www.europesays.com\/fr\/wp-json\/wp\/v2\/comments?post=568264"}],"version-history":[{"count":0,"href":"https:\/\/www.europesays.com\/fr\/wp-json\/wp\/v2\/posts\/568264\/revisions"}],"wp:featuredmedia":[{"embeddable":true,"href":"https:\/\/www.europesays.com\/fr\/wp-json\/wp\/v2\/media\/568265"}],"wp:attachment":[{"href":"https:\/\/www.europesays.com\/fr\/wp-json\/wp\/v2\/media?parent=568264"}],"wp:term":[{"taxonomy":"category","embeddable":true,"href":"https:\/\/www.europesays.com\/fr\/wp-json\/wp\/v2\/categories?post=568264"},{"taxonomy":"post_tag","embeddable":true,"href":"https:\/\/www.europesays.com\/fr\/wp-json\/wp\/v2\/tags?post=568264"}],"curies":[{"name":"wp","href":"https:\/\/api.w.org\/{rel}","templated":true}]}}