{"id":568266,"date":"2025-11-30T06:35:18","date_gmt":"2025-11-30T06:35:18","guid":{"rendered":"https:\/\/www.europesays.com\/fr\/568266\/"},"modified":"2025-11-30T06:35:18","modified_gmt":"2025-11-30T06:35:18","slug":"dans-le-morbihan-ces-agriculteurs-sinquietent-dun-commerce-mondial-chahute","status":"publish","type":"post","link":"https:\/\/www.europesays.com\/fr\/568266\/","title":{"rendered":"Dans le Morbihan, ces agriculteurs s&rsquo;inqui\u00e8tent d&rsquo;un commerce mondial chahut\u00e9"},"content":{"rendered":"<p>                    Par<br \/>\n        <strong><br \/>\n            <a href=\"https:\/\/actu.fr\/auteur\/chantal-pape\" title=\"Consulter tous les articles de Chantal Pape\" target=\"_blank\" rel=\"noopener\">Chantal Pape<\/a><br \/>\n                    <\/strong><\/p>\n<p>        Publi\u00e9 le<\/p>\n<p>            29 nov. 2025 \u00e0 18h00        <\/p>\n<p>Notre \u00e9poque signerait-elle la fin du<b> libre-\u00e9change<\/b> ? \u00ab Les <b>accords bilat\u00e9raux<\/b> ont remplac\u00e9 ceux de l\u2019OMC, l\u2019organisation mondiale du commerce, plus difficiles \u00e0 trouver maintenant qu\u2019elle compte plus de 160 pays-membres \u00bb, indique Arnaud Haye. Et l\u2019Union europ\u00e9enne est tr\u00e8s active en la mati\u00e8re puisqu\u2019elle en a sign\u00e9 une quarantaine, avec plus de 70 pays ou r\u00e9gions du monde.<\/p>\n<p>Une menace sur la viande de volaille<\/p>\n<p class=\" wall-content\">Les derniers concernent l\u2019Australie et l\u2019Inde, en cours de n\u00e9gociation, ou le <b>Mercosur<\/b>, qui n\u2019a pas encore \u00e9t\u00e9 ratifi\u00e9. \u00ab Avec une augmentation des importations \u00e0 tarif pr\u00e9f\u00e9rentiel de l\u2019ordre de 160 000\u00a0t\/an au bout de 6\u00a0ans, ce dernier fait peser une menace sur la <b>volaille<\/b> \u00bb, affirme le charg\u00e9 de mission \u00e9conomie-emploi \u00e0 la<a href=\"https:\/\/bretagne.chambres-agriculture.fr\/\" target=\"_blank\" rel=\"noopener\"> chambre d\u2019agriculture de Bretagne.<\/a> Avec 90 000\u00a0t\/an, la <b>viande bovine<\/b> devrait \u00eatre, elle aussi, impact\u00e9e.<\/p>\n<p class=\" wall-content\">Comme le Mercosur, l\u2019accord commercial avec <b>l\u2019Ukraine<\/b> va peser sur la volaille europ\u00e9enne, les quotas d\u2019importation devant passer de 90 000\u00a0\u00e0 120 000 t\/an. \u00ab Si la menace est faible pour l\u2019instant, cet accord, qui devrait d\u00e9boucher sur une int\u00e9gration de l\u2019Ukraine au sein du march\u00e9 commun, aura des cons\u00e9quences tr\u00e8s fortes, m\u00eame s\u2019il est pr\u00e9vu un alignement des normes \u00bb, pr\u00e9vient l\u2019\u00e9conomiste. \u00ab L\u2019Ukraine est un<b> grand pays agricole <\/b>\u00bb.<\/p>\n<p>Les USA plus protectionnistes<\/p>\n<p class=\" wall-content\">\u00ab Va-t-on assister \u00e0 un <b>recul de la mondialisation<\/b> ? \u00bb Avec une balance commerciale tr\u00e8s d\u00e9ficitaire,<b> les USA <\/b>ont fait le choix de devenir plus protectionnistes et ont impos\u00e9 des droits de douane de 15 % aux produits en provenance de l\u2019Union europ\u00e9enne. \u00ab Les vins et spiritueux sont tr\u00e8s impact\u00e9s \u00bb, estime Arnaud Haye. Si l\u2019agriculture et l\u2019agroalimentaire bretons sont peu concern\u00e9s par cette mesure, n\u2019important que tr\u00e8s peu aux USA, une autre devrait avoir plus de cons\u00e9quences. \u00ab L\u2019Union europ\u00e9enne va donner un acc\u00e8s pr\u00e9f\u00e9rentiel \u00e0 la viande porcine en provenance des USA, 25 000\u00a0t pour l\u2019instant \u00bb.<\/p>\n<p class=\" wall-content\">Les producteurs de porcs bretons sont aussi victimes du conflit commercial entre <b>la Chine <\/b>et l\u2019Union europ\u00e9enne. Cette derni\u00e8re ayant pris des mesures protectionnistes pour limiter l\u2019importation de voitures \u00e9lectriques sur son march\u00e9, la Chine a instaur\u00e9 une taxe sur l\u2019importation de viande porcine europ\u00e9enne sur son territoire. \u00ab La Chine est le premier client de la France \u00bb, rappelle Arnaud Haye. Avec une taxe de 20 % sur des pi\u00e8ces non consomm\u00e9es en France, les cons\u00e9quences n\u2019ont pas tard\u00e9 \u00e0 se faire sentir, la cotation au MPF, le march\u00e9 du porc fran\u00e7ais, d\u00e9vissant de<b> 20 %<\/b> en quelques mois.<\/p>\n<p>Une concurrence intra-europ\u00e9enne<\/p>\n<p class=\" wall-content\">Si la Bretagne agricole et agroalimentaire n\u2019exporte que <b>10 % <\/b>de sa production hors de l\u2019Union europ\u00e9enne, il lui faut craindre des <b>effets indirects<\/b> de ces turbulences sur le march\u00e9 mondial. \u00ab Ce que l\u2019Union europ\u00e9enne ne parviendra plus \u00e0 exporter se retrouvera sur son march\u00e9 int\u00e9rieur et d\u00e9stabilisera les cours. Il faut aussi craindre une concurrence intra-europ\u00e9enne sur les produits animaux, et notamment la viande de volaille \u00bb.<\/p>\n<p>Arnaud Haye est intervenu lors de la session de la chambre d\u2019agriculture du Morbihan, le 18 novembre dernier \u00e0 Vannes.<\/p>\n<p class=\" wall-content\">Personnalisez votre actualit\u00e9 en ajoutant vos villes et m\u00e9dias en favori avec <a href=\"https:\/\/moncompte.actu.fr\" title=\"D\u00e9couvez Mon Actu\" rel=\"nofollow noopener\" data-trk=\"{&quot;cta&quot;:{&quot;action&quot;:&quot;https:\\\/\\\/moncompte.actu.fr&quot;,&quot;category&quot;:&quot;mon compte&quot;,&quot;from&quot;:&quot;article footer&quot;,&quot;name&quot;:&quot;Mon actu&quot;,&quot;type&quot;:&quot;cta&quot;}}\" target=\"_blank\">Mon Actu<\/a>.<\/p>\n","protected":false},"excerpt":{"rendered":"Par Chantal Pape Publi\u00e9 le 29 nov. 2025 \u00e0 18h00 Notre \u00e9poque signerait-elle la fin du libre-\u00e9change ?&hellip;\n","protected":false},"author":2,"featured_media":568267,"comment_status":"","ping_status":"","sticky":false,"template":"","format":"standard","meta":{"footnotes":""},"categories":[1586],"tags":[11,327,33,1777,674,1779,1011,27,12,25,1778,364],"class_list":{"0":"post-568266","1":"post","2":"type-post","3":"status-publish","4":"format-standard","5":"has-post-thumbnail","7":"category-europe","8":"tag-actualites","9":"tag-agriculture","10":"tag-economie","11":"tag-eu","12":"tag-europe","13":"tag-european-union","14":"tag-fr","15":"tag-france","16":"tag-news","17":"tag-republique-francaise","18":"tag-ue","19":"tag-union-europeenne"},"share_on_mastodon":{"url":"https:\/\/pubeurope.com\/@fr\/115637264382950136","error":""},"_links":{"self":[{"href":"https:\/\/www.europesays.com\/fr\/wp-json\/wp\/v2\/posts\/568266","targetHints":{"allow":["GET"]}}],"collection":[{"href":"https:\/\/www.europesays.com\/fr\/wp-json\/wp\/v2\/posts"}],"about":[{"href":"https:\/\/www.europesays.com\/fr\/wp-json\/wp\/v2\/types\/post"}],"author":[{"embeddable":true,"href":"https:\/\/www.europesays.com\/fr\/wp-json\/wp\/v2\/users\/2"}],"replies":[{"embeddable":true,"href":"https:\/\/www.europesays.com\/fr\/wp-json\/wp\/v2\/comments?post=568266"}],"version-history":[{"count":0,"href":"https:\/\/www.europesays.com\/fr\/wp-json\/wp\/v2\/posts\/568266\/revisions"}],"wp:featuredmedia":[{"embeddable":true,"href":"https:\/\/www.europesays.com\/fr\/wp-json\/wp\/v2\/media\/568267"}],"wp:attachment":[{"href":"https:\/\/www.europesays.com\/fr\/wp-json\/wp\/v2\/media?parent=568266"}],"wp:term":[{"taxonomy":"category","embeddable":true,"href":"https:\/\/www.europesays.com\/fr\/wp-json\/wp\/v2\/categories?post=568266"},{"taxonomy":"post_tag","embeddable":true,"href":"https:\/\/www.europesays.com\/fr\/wp-json\/wp\/v2\/tags?post=568266"}],"curies":[{"name":"wp","href":"https:\/\/api.w.org\/{rel}","templated":true}]}}