{"id":568269,"date":"2025-11-30T06:37:32","date_gmt":"2025-11-30T06:37:32","guid":{"rendered":"https:\/\/www.europesays.com\/fr\/568269\/"},"modified":"2025-11-30T06:37:32","modified_gmt":"2025-11-30T06:37:32","slug":"un-pistolet-automatique-et-des-munitions-retrouves-pres-du-marche-de-noel","status":"publish","type":"post","link":"https:\/\/www.europesays.com\/fr\/568269\/","title":{"rendered":"Un pistolet automatique et des munitions retrouv\u00e9s pr\u00e8s du march\u00e9 de No\u00ebl"},"content":{"rendered":"<p>Il \u00e9tait pos\u00e9 dans un bosquet. Ce vendredi, des agents d\u2019entretien ont d\u00e9couvert un pistolet automatique et des munitions dans des fourr\u00e9s situ\u00e9s non loin du <a href=\"https:\/\/www.20minutes.fr\/dossier\/marche_de_noel\" class=\"c-link c-link--is-underlined\" target=\"_blank\" rel=\"noopener\">march\u00e9 de No\u00ebl<\/a> de Strasbourg (Bas-Rhin). D\u2019apr\u00e8s nos confr\u00e8res <a href=\"https:\/\/www.dna.fr\/faits-divers-justice\/2025\/11\/28\/une-arme-et-ses-munitions-retrouvees-dans-l-enceinte-du-marche-de-noel\" target=\"_blank\" class=\"c-link c-link--is-underlined\" rel=\"noopener\">des Derni\u00e8res nouvelles d\u2019Alsace<\/a>, l\u2019arme \u00e9tait cach\u00e9e sur la presqu\u2019\u00eele qui accueille \u00ab\u00a0village de l\u2019avent\u00a0\u00bb, un espace d\u00e9di\u00e9 aux enfants pendant le march\u00e9 de No\u00ebl.<\/p>\n<p><a href=\"https:\/\/france3-regions.franceinfo.fr\/grand-est\/bas-rhin\/strasbourg-0\/un-pistolet-automatique-et-des-munitions-decouverts-dans-un-bosquet-a-proximite-du-marche-de-noel-de-strasbourg-3257863.html\" target=\"_blank\" class=\"c-link c-link--is-underlined\" rel=\"noopener\">D\u2019apr\u00e8s France 3 Grand-Est<\/a>, l\u2019arme \u00e9tait entrepos\u00e9e dans une mallette de transport avec trois chargeurs. Le pistolet automatique, qui semblait en \u00e9tat de fonctionnement, avait \u00e9t\u00e9 vol\u00e9 en\u00a02022 chez un habitant de la r\u00e9gion qui pratiquait le tir sportif. On ignore pour l\u2019heure si l\u2019arme avait \u00e9t\u00e9 abandonn\u00e9e l\u00e0 avant le lancement des animations du march\u00e9 de No\u00ebl, qui s\u2019est ouvert le 26\u00a0novembre.<\/p>\n<\/p>\n<p>Aucun lien n\u2019a \u00e9t\u00e9 \u00e9tabli entre la pr\u00e9sence de l\u2019arme et les festivit\u00e9s, qui accueillent <a href=\"https:\/\/www.20minutes.fr\/societe\/4185398-20251113-bas-rhin-ceremonie-lancement-illuminations-noel-fait-grand-retour\" class=\"c-link c-link--is-underlined\" target=\"_blank\" rel=\"noopener\">chaque ann\u00e9e environ trois millions de visiteurs<\/a>.<\/p>\n<p>Pour accueillir un tel public, la ville de Strasbourg <a href=\"https:\/\/www.20minutes.fr\/societe\/4183970-20251106-strasbourg-455e-edition-marche-noel-devoile-nouveautes\" class=\"c-link c-link--is-underlined\" target=\"_blank\" rel=\"noopener\">renforce consid\u00e9rablement sa s\u00e9curit\u00e9<\/a>, notamment depuis l\u2019attentat perp\u00e9tr\u00e9 en\u00a02018 et qui <a href=\"https:\/\/www.20minutes.fr\/strasbourg\/4084971-20240404-attentat-marche-noel-strasbourg-principal-accuse-condamne-trente-ans-reclusion\" class=\"c-link c-link--is-underlined\" target=\"_blank\" rel=\"noopener\">avait co\u00fbt\u00e9 la vie \u00e0 cinq personnes<\/a>.<\/p>\n","protected":false},"excerpt":{"rendered":"Il \u00e9tait pos\u00e9 dans un bosquet. Ce vendredi, des agents d\u2019entretien ont d\u00e9couvert un pistolet automatique et des&hellip;\n","protected":false},"author":2,"featured_media":568270,"comment_status":"","ping_status":"","sticky":false,"template":"","format":"standard","meta":{"footnotes":""},"categories":[2],"tags":[47,11,2389,6376,2649,118,32807,1011,27,775,36053,12,15830,25,656,640],"class_list":{"0":"post-568269","1":"post","2":"type-post","3":"status-publish","4":"format-standard","5":"has-post-thumbnail","7":"category-actualites","8":"tag-actualite","9":"tag-actualites","10":"tag-alsace","11":"tag-armes","12":"tag-bas-rhin","13":"tag-faits-divers","14":"tag-faits-divers-strasbourg","15":"tag-fr","16":"tag-france","17":"tag-grand-est","18":"tag-marche-de-noel","19":"tag-news","20":"tag-noel","21":"tag-republique-francaise","22":"tag-securite","23":"tag-strasbourg"},"share_on_mastodon":{"url":"https:\/\/pubeurope.com\/@fr\/115637272236300831","error":""},"_links":{"self":[{"href":"https:\/\/www.europesays.com\/fr\/wp-json\/wp\/v2\/posts\/568269","targetHints":{"allow":["GET"]}}],"collection":[{"href":"https:\/\/www.europesays.com\/fr\/wp-json\/wp\/v2\/posts"}],"about":[{"href":"https:\/\/www.europesays.com\/fr\/wp-json\/wp\/v2\/types\/post"}],"author":[{"embeddable":true,"href":"https:\/\/www.europesays.com\/fr\/wp-json\/wp\/v2\/users\/2"}],"replies":[{"embeddable":true,"href":"https:\/\/www.europesays.com\/fr\/wp-json\/wp\/v2\/comments?post=568269"}],"version-history":[{"count":0,"href":"https:\/\/www.europesays.com\/fr\/wp-json\/wp\/v2\/posts\/568269\/revisions"}],"wp:featuredmedia":[{"embeddable":true,"href":"https:\/\/www.europesays.com\/fr\/wp-json\/wp\/v2\/media\/568270"}],"wp:attachment":[{"href":"https:\/\/www.europesays.com\/fr\/wp-json\/wp\/v2\/media?parent=568269"}],"wp:term":[{"taxonomy":"category","embeddable":true,"href":"https:\/\/www.europesays.com\/fr\/wp-json\/wp\/v2\/categories?post=568269"},{"taxonomy":"post_tag","embeddable":true,"href":"https:\/\/www.europesays.com\/fr\/wp-json\/wp\/v2\/tags?post=568269"}],"curies":[{"name":"wp","href":"https:\/\/api.w.org\/{rel}","templated":true}]}}