{"id":568273,"date":"2025-11-30T06:41:21","date_gmt":"2025-11-30T06:41:21","guid":{"rendered":"https:\/\/www.europesays.com\/fr\/568273\/"},"modified":"2025-11-30T06:41:21","modified_gmt":"2025-11-30T06:41:21","slug":"super-xiii-avignon-renoue-avec-le-succes-face-a-saint-esteve-xiii-catalan-rugby-a-xiii","status":"publish","type":"post","link":"https:\/\/www.europesays.com\/fr\/568273\/","title":{"rendered":"Super XIII &#8211; Avignon renoue avec le succ\u00e8s face \u00e0 Saint-Est\u00e8ve XIII Catalan &#8211; Rugby \u00e0 XIII"},"content":{"rendered":"<p class=\"p1\" style=\"text-align: justify;\"><strong>Auteurs d\u2019un d\u00e9part de saison canon, les Avignonnais avaient \u00e0 coeur de se racheter de leurs trois derniers revers successifs en recevant Saint-Est\u00e8ve XIII Catalan.<\/strong><\/p>\n<p style=\"text-align: justify;\">Le score de la rencontre \u00e9tait d\u00e9bloqu\u00e9 sur une p\u00e9nalit\u00e9 face aux poteaux de Samy Devoyon pour les visiteurs.<\/p>\n<p style=\"text-align: justify;\">James Woodburn-Hall, pour son premier match sous ses nouvelles couleurs, feintait la passe et tout en puissance concr\u00e9tisait la premi\u00e8re v\u00e9ritable occasion de son \u00e9quipe.<\/p>\n<p style=\"text-align: justify;\">Une perc\u00e9e plein axe de Baptiste Pourchi apr\u00e8s un encha\u00eenement de passes permettait aux locaux de se montrer \u00e0 nouveau dangereux. Fabien Jullien d\u00e9marrait derri\u00e8re le tenu, tapait \u00e0 suivre et Th\u00e9o Fouque, tout juste entr\u00e9e en jeu, parvenait \u00e0 aplatir le ballon le premier avec un brin d\u2019opportunisme.<\/p>\n<p style=\"text-align: justify;\">Priv\u00e9s de ballons, les jeunes catalans profitaient d\u2019une faute de main du SOA pour revenir dans le camp adverse. L\u00e9o Darr\u00e9latour, laiss\u00e9 \u00e0 disposition par les Dragons Catalans, bonifiait une belle passe saut\u00e9e de Mathis Frayssinous pour r\u00e9duire la marque en coin.<\/p>\n<p style=\"text-align: justify;\">F\u00e9lix Gautier, juste avant la pause, surgissait au ras du tenu et inscrivait le deuxi\u00e8me essai des siens au pied des poteaux. Gr\u00e2ce \u00e0 la transformation de Samy Devoyon, les deux \u00e9quipes \u00e9taient \u00e0 nouveau dos \u00e0 dos (12-12).<\/p>\n<p style=\"text-align: justify;\">Avignon devant au score durant une grosse partie de cet acte ne voulait pas en rester l\u00e0, et \u00e0 quelques secondes de la pause, Baptiste Pourchi per\u00e7ait \u00e0 nouveau la ligne d\u00e9fensive et jouait parfaitement le deux contre un pour Louis Jouffret qui filait entre les perches. Un essai transform\u00e9 bienvenu qui permettait aux joueurs de Liam Duffy de regagner les vestiaires avec un avantage de six points (18-12).<\/p>\n<p>Avignon acc\u00e9l\u00e8re<\/p>\n<p style=\"text-align: justify;\">Apr\u00e8s un long round d\u2019observation entre les deux formations en d\u00e9but de deuxi\u00e8me p\u00e9riode, Avignon se montrait une nouvelle fois d\u00e9cisif. Louis Jouffret \u00e0 la manoeuvre trouvait Rayan Bonte lanc\u00e9 comme un obus qui d\u00e9chirait la ligne et inscrivait le premier de ses essais. Le premier car quelques minutes plus tard, une perc\u00e9e plein champ de Corentin Rey permettait au SOA de revenir dans le camp adverse, le deuxi\u00e8me ligne, une nouvelle fois lanc\u00e9 dans le bon timing, s\u2019\u00e9croulait \u00e0 nouveau dans l\u2019en-but catalan (30-12).<\/p>\n<p style=\"text-align: justify;\">Louis Jouffret, impeccable dans la gestion du jeu aujourd\u2019hui, ponctuait sa bonne prestation en inscrivant un nouvel essai c\u00f4t\u00e9 droit, avant que Maxime Grosson scelle d\u00e9finitivement la victoire des siens en r\u00e9cup\u00e9rant un ballon tomb\u00e9 adverse puis en concluant l\u2019action un tenu plus tard. Baptiste Pourchi, impeccable dans ses tentatives de coup de pied, convertissait sa septi\u00e8me et derni\u00e8re tentative (42-12).<\/p>\n<p style=\"text-align: justify;\">Gr\u00e2ce \u00e0 cette belle prestation \u00e0 domicile, les Bisons renouent avec le succ\u00e8s et remontent \u00e0 la deuxi\u00e8me place au classement.<\/p>\n<blockquote class=\"instagram-media\" data-instgrm-captioned=\"\" data-instgrm-permalink=\"https:\/\/www.instagram.com\/p\/DRpXs7pDLeC\/?utm_source=ig_embed&amp;utm_campaign=loading\" data-instgrm-version=\"14\" style=\" background:#FFF; border:0; border-radius:3px; box-shadow:0 0 1px 0 rgba(0,0,0,0.5),0 1px 10px 0 rgba(0,0,0,0.15); margin: 1px; max-width:500px; min-width:326px; padding:0; width:99.375%; width:-webkit-calc(100% - 2px); width:calc(100% - 2px);\">\n<\/blockquote>\n<p>        <script async src=\"\/\/www.instagram.com\/embed.js\"><\/script><\/p>\n","protected":false},"excerpt":{"rendered":"Auteurs d\u2019un d\u00e9part de saison canon, les Avignonnais avaient \u00e0 coeur de se racheter de leurs trois derniers&hellip;\n","protected":false},"author":2,"featured_media":568274,"comment_status":"","ping_status":"","sticky":false,"template":"","format":"standard","meta":{"footnotes":""},"categories":[1416],"tags":[1011,27,479,2228,1468,2229,2230,7301,60,2231],"class_list":{"0":"post-568273","1":"post","2":"type-post","3":"status-publish","4":"format-standard","5":"has-post-thumbnail","7":"category-rugby","8":"tag-fr","9":"tag-france","10":"tag-rugby","11":"tag-rugby-a-xiii","12":"tag-rugby-football","13":"tag-rugby-league","14":"tag-saint-esteve-xiii-catalan","15":"tag-so-avignon-xiii","16":"tag-sports","17":"tag-super-xiii"},"share_on_mastodon":{"url":"https:\/\/pubeurope.com\/@fr\/115637287848869782","error":""},"_links":{"self":[{"href":"https:\/\/www.europesays.com\/fr\/wp-json\/wp\/v2\/posts\/568273","targetHints":{"allow":["GET"]}}],"collection":[{"href":"https:\/\/www.europesays.com\/fr\/wp-json\/wp\/v2\/posts"}],"about":[{"href":"https:\/\/www.europesays.com\/fr\/wp-json\/wp\/v2\/types\/post"}],"author":[{"embeddable":true,"href":"https:\/\/www.europesays.com\/fr\/wp-json\/wp\/v2\/users\/2"}],"replies":[{"embeddable":true,"href":"https:\/\/www.europesays.com\/fr\/wp-json\/wp\/v2\/comments?post=568273"}],"version-history":[{"count":0,"href":"https:\/\/www.europesays.com\/fr\/wp-json\/wp\/v2\/posts\/568273\/revisions"}],"wp:featuredmedia":[{"embeddable":true,"href":"https:\/\/www.europesays.com\/fr\/wp-json\/wp\/v2\/media\/568274"}],"wp:attachment":[{"href":"https:\/\/www.europesays.com\/fr\/wp-json\/wp\/v2\/media?parent=568273"}],"wp:term":[{"taxonomy":"category","embeddable":true,"href":"https:\/\/www.europesays.com\/fr\/wp-json\/wp\/v2\/categories?post=568273"},{"taxonomy":"post_tag","embeddable":true,"href":"https:\/\/www.europesays.com\/fr\/wp-json\/wp\/v2\/tags?post=568273"}],"curies":[{"name":"wp","href":"https:\/\/api.w.org\/{rel}","templated":true}]}}