{"id":568275,"date":"2025-11-30T06:46:14","date_gmt":"2025-11-30T06:46:14","guid":{"rendered":"https:\/\/www.europesays.com\/fr\/568275\/"},"modified":"2025-11-30T06:46:14","modified_gmt":"2025-11-30T06:46:14","slug":"cyclisme-route-joao-almeida-les-chutes-cest-surtout-du-a-lattitude-des-coureurs","status":"publish","type":"post","link":"https:\/\/www.europesays.com\/fr\/568275\/","title":{"rendered":"Cyclisme. Route &#8211; Joao Almeida : \u00abLes chutes ? C\u2019est surtout d\u00fb \u00e0 l\u2019attitude des coureurs\u00bb"},"content":{"rendered":"<p><strong><a href=\"https:\/\/www.cyclismactu.net\/..\/news-transfert-route-joao-almeida-a-signe-jusqu-en-2028-avec-uae-team-emirates-xrg-90976.html\" target=\"_blank\" rel=\"noopener\">Joao Almeida<\/a><\/strong> se montre tr\u00e8s critique envers certains de ses coll\u00e8gues du peloton sur les questions de s\u00e9curit\u00e9. Dans le podcast de <a href=\"https:\/\/www.sigmasports.com\/podcast\" target=\"_blank\" rel=\"noopener\">Sigma Sports<\/a>, le Portugais d&rsquo;<a href=\"https:\/\/www.cyclismactu.net\/..\/news-cyclisme-route-tadej-pogacar-ils-devraient-echanger-dates-du-giro-et-de-vuelta-91072.html\" target=\"_blank\" rel=\"noopener\"><strong>UAE Team Emirates XRG<\/strong><\/a> explique que le mat\u00e9riel, toujours plus rapide, accro\u00eet le danger, mais que la v\u00e9ritable cause du grand nombre de chutes se trouve ailleurs. \u00ab\u00a0Le principal probl\u00e8me, c\u2019est surtout l\u2019attitude des coureurs\u00a0\u00bb, affirme le deuxi\u00e8me de la derni\u00e8re Vuelta. Selon <strong>Almeida<\/strong>, une mentalit\u00e9 s\u2019est install\u00e9e dans le peloton : les coureurs r\u00e9fl\u00e9chissent \u00e0 peine \u00e0 leur propre s\u00e9curit\u00e9 ou \u00e0 celle des autres. \u00ab\u00a0Je pense qu\u2019il y a un manque de respect dans le peloton. Les gens ne se pr\u00e9occupent pas vraiment des chutes. Ils ne pensent pas vraiment \u00e0 la s\u00e9curit\u00e9. C\u2019est le sentiment que j\u2019ai.\u00a0\u00bb<\/p>\n<p>Vid\u00e9o &#8211; Joao Almeida, 2e du dernier Tour d&rsquo;Espagne Lire la suite de l&rsquo;article&#13;<\/p>\n<p>\u00a0<\/p>\n<p>&#13;<br \/>\n\u00ab\u00a0Si tu as du respect pour les autres&#8230;\u00a0\u00bb&#13;<\/p>\n<p>Le coureur d\u2019<strong>UAE Team Emirates XRG<\/strong> fait un parall\u00e8le avec l\u2019une de ses passions : la conduite automobile sur circuit. \u00ab\u00a0J\u2019aime les voitures. Il m\u2019arrive d\u2019aller sur des circuits et d\u2019y rouler \u00e0 300 km\/h sans me crasher. J\u2019ai des freins, je peux freiner quand je veux. Donc, quand tu roules \u00e0 70 km\/h sur un v\u00e9lo de course, il suffit de freiner un peu plus t\u00f4t. C\u2019est juste du bon sens.\u00a0\u00bb\u00a0<\/p>\n<p>&#13;<\/p>\n<p>\u00a0D\u2019apr\u00e8s <strong>Almeida<\/strong>, ce bon sens fait d\u00e9faut \u00e0 une partie du peloton. \u00ab\u00a0Si tu as du respect pour les autres et que tu n\u2019as pas envie de tomber, tu freines plus t\u00f4t. Ensuite, tu peux toujours mettre la pression quand \u00e7a grimpe. Mais ce n\u2019est clairement pas l\u2019\u00e9tat d\u2019esprit actuel.\u00a0\u00bb\u00a0Le Portugais de 27 ans estime aussi que certains coureurs manquent simplement de comp\u00e9tences techniques. \u00ab\u00a0Aujourd\u2019hui, ce serait peut-\u00eatre une bonne id\u00e9e que certains prennent un cours de virages et de descentes, histoire de savoir ce qu\u2019ils font. Parce que si tu vas plus vite, tu as aussi besoin de plus de ma\u00eetrise.\u00a0\u00bb<\/p>\n","protected":false},"excerpt":{"rendered":"Joao Almeida se montre tr\u00e8s critique envers certains de ses coll\u00e8gues du peloton sur les questions de s\u00e9curit\u00e9.&hellip;\n","protected":false},"author":2,"featured_media":568276,"comment_status":"","ping_status":"","sticky":false,"template":"","format":"standard","meta":{"footnotes":""},"categories":[1411],"tags":[1154,207,211,1011,27,209,60,210,212,208,213],"class_list":{"0":"post-568275","1":"post","2":"type-post","3":"status-publish","4":"format-standard","5":"has-post-thumbnail","7":"category-cyclisme","8":"tag-cycling","9":"tag-cyclisme","10":"tag-ffc","11":"tag-fr","12":"tag-france","13":"tag-route","14":"tag-sports","15":"tag-tour-de-france","16":"tag-uci","17":"tag-velo","18":"tag-world-tour"},"share_on_mastodon":{"url":"https:\/\/pubeurope.com\/@fr\/115637307557862513","error":""},"_links":{"self":[{"href":"https:\/\/www.europesays.com\/fr\/wp-json\/wp\/v2\/posts\/568275","targetHints":{"allow":["GET"]}}],"collection":[{"href":"https:\/\/www.europesays.com\/fr\/wp-json\/wp\/v2\/posts"}],"about":[{"href":"https:\/\/www.europesays.com\/fr\/wp-json\/wp\/v2\/types\/post"}],"author":[{"embeddable":true,"href":"https:\/\/www.europesays.com\/fr\/wp-json\/wp\/v2\/users\/2"}],"replies":[{"embeddable":true,"href":"https:\/\/www.europesays.com\/fr\/wp-json\/wp\/v2\/comments?post=568275"}],"version-history":[{"count":0,"href":"https:\/\/www.europesays.com\/fr\/wp-json\/wp\/v2\/posts\/568275\/revisions"}],"wp:featuredmedia":[{"embeddable":true,"href":"https:\/\/www.europesays.com\/fr\/wp-json\/wp\/v2\/media\/568276"}],"wp:attachment":[{"href":"https:\/\/www.europesays.com\/fr\/wp-json\/wp\/v2\/media?parent=568275"}],"wp:term":[{"taxonomy":"category","embeddable":true,"href":"https:\/\/www.europesays.com\/fr\/wp-json\/wp\/v2\/categories?post=568275"},{"taxonomy":"post_tag","embeddable":true,"href":"https:\/\/www.europesays.com\/fr\/wp-json\/wp\/v2\/tags?post=568275"}],"curies":[{"name":"wp","href":"https:\/\/api.w.org\/{rel}","templated":true}]}}