{"id":568277,"date":"2025-11-30T06:47:14","date_gmt":"2025-11-30T06:47:14","guid":{"rendered":"https:\/\/www.europesays.com\/fr\/568277\/"},"modified":"2025-11-30T06:47:14","modified_gmt":"2025-11-30T06:47:14","slug":"le-psg-ne-ferme-jamais-la-porte-a-neymar","status":"publish","type":"post","link":"https:\/\/www.europesays.com\/fr\/568277\/","title":{"rendered":"Le PSG ne ferme jamais la porte \u00e0 Neymar"},"content":{"rendered":"<p><b>Au fil des ann\u00e9es, Neymar a acquis la r\u00e9putation de joueur fantasque sur et en dehors du terrain. L&rsquo;ancien gardien du PSG Alexandre Letellier r\u00e9v\u00e8le notamment une phobie m\u00e9connue de la star br\u00e9silienne.<\/b><\/p>\n<p>La grande r\u00e9ussite du <a href=\"https:\/\/www.foot01.com\/paris\" target=\"_self\" rel=\"noopener\">Paris Saint-Germain<\/a> ces derniers mois a presque fait oublier les grandes stars du pass\u00e9 r\u00e9cent. C&rsquo;est surtout le cas de Neymar qui vit le cr\u00e9puscule de sa carri\u00e8re au Br\u00e9sil. L&rsquo;ancien artiste du Parc des Princes vit des moments compliqu\u00e9s \u00e0 Santos. Tr\u00e8s souvent bless\u00e9 comme actuellement d&rsquo;ailleurs, il joue le maintien avec le mythique club de Pel\u00e9. Des difficult\u00e9s physiques li\u00e9es \u00e0 sa vie mouvement\u00e9e hors des terrains. Le prodige br\u00e9silien aime participer \u00e0 des f\u00eates longues et intenses tout comme \u00e0 des soir\u00e9es poker interminables.Impossible d&rsquo;enfermer Neymar au PSG<\/p>\n<p>Une double vie qui a cr\u00e9\u00e9 une relation complexe avec les supporters parisiens. Ces derniers l&rsquo;adulaient quand il r\u00e9galait le Parc avec ses gestes techniques. Mais, le peuple parisien est aussi all\u00e9 jusqu&rsquo;au domicile de Neymar pour exiger son d\u00e9part du PSG en 2023. Le Br\u00e9silien est un acteur parfois incompris. Certains observateurs se sont souvent demand\u00e9s pourquoi il n&rsquo;a jamais pr\u00e9f\u00e9r\u00e9 le calme d&rsquo;une soir\u00e9e tranquille \u00e0 son domicile. Ancien troisi\u00e8me gardien du club parisien, Alexandre Letellier a donn\u00e9 un d\u00e9but d&rsquo;explication en r\u00e9v\u00e9lant que la star de la Sele\u00e7ao \u00e9tait claustrophobe.<\/p>\n<p>\u00ab Un jour, je suis rest\u00e9 b\u00eate. \u00c0 l&rsquo;\u00e9poque, on \u00e9tait encore<br \/>\nau Camp des Loges avec le PSG. Un jour, je vais aux toilettes,<br \/>\nj&rsquo;entre et je vois \u00ab\u00a0Ney\u00a0\u00bb assis sur les toilettes&#8230;<br \/>\nmais porte ouverte. Quand je le vois comme \u00e7a, je me dis : \u00ab\u00a0Mais<br \/>\nil fait \u00e7a, lui, la porte ouverte ?\u00a0\u00bb. Je ressors tout de<br \/>\nsuite, et Abdou Diallo me voit en train de me questionner tout seul.<br \/>\nIl me dit : \u00ab\u00a0Alex, qu&rsquo;est-ce qu&rsquo;il y a ?\u00a0\u00bb Je lui dis :<br \/>\n\u00ab\u00a0Attends, je viens d&rsquo;aller dans les toilettes, et Ney est en<br \/>\ntrain de ch&#8230;, la porte ouverte\u00a0\u00bb. Et il me dit : \u00ab\u00a0C&rsquo;est<br \/>\nnormal, c&rsquo;est parce qu&rsquo;il est claustrophobe\u00a0\u00bb. Il ne s&rsquo;enferme<br \/>\njamais \u00e0 cl\u00e9, il laisse toujours la porte ouverte\u00a0\u00bb, a avou\u00e9 Letellier dans L&rsquo;Equipe. De quoi analyser les nombreuses sorties nocturnes de Neymar sous un autre angle&#8230;<\/p>\n","protected":false},"excerpt":{"rendered":"Au fil des ann\u00e9es, Neymar a acquis la r\u00e9putation de joueur fantasque sur et en dehors du terrain.&hellip;\n","protected":false},"author":2,"featured_media":568278,"comment_status":"","ping_status":"","sticky":false,"template":"","format":"standard","meta":{"footnotes":""},"categories":[1410],"tags":[68351,63,1011,27,93,60],"class_list":{"0":"post-568277","1":"post","2":"type-post","3":"status-publish","4":"format-standard","5":"has-post-thumbnail","7":"category-football","8":"tag-foot-mondial","9":"tag-football","10":"tag-fr","11":"tag-france","12":"tag-psg","13":"tag-sports"},"share_on_mastodon":{"url":"https:\/\/pubeurope.com\/@fr\/115637311650261762","error":""},"_links":{"self":[{"href":"https:\/\/www.europesays.com\/fr\/wp-json\/wp\/v2\/posts\/568277","targetHints":{"allow":["GET"]}}],"collection":[{"href":"https:\/\/www.europesays.com\/fr\/wp-json\/wp\/v2\/posts"}],"about":[{"href":"https:\/\/www.europesays.com\/fr\/wp-json\/wp\/v2\/types\/post"}],"author":[{"embeddable":true,"href":"https:\/\/www.europesays.com\/fr\/wp-json\/wp\/v2\/users\/2"}],"replies":[{"embeddable":true,"href":"https:\/\/www.europesays.com\/fr\/wp-json\/wp\/v2\/comments?post=568277"}],"version-history":[{"count":0,"href":"https:\/\/www.europesays.com\/fr\/wp-json\/wp\/v2\/posts\/568277\/revisions"}],"wp:featuredmedia":[{"embeddable":true,"href":"https:\/\/www.europesays.com\/fr\/wp-json\/wp\/v2\/media\/568278"}],"wp:attachment":[{"href":"https:\/\/www.europesays.com\/fr\/wp-json\/wp\/v2\/media?parent=568277"}],"wp:term":[{"taxonomy":"category","embeddable":true,"href":"https:\/\/www.europesays.com\/fr\/wp-json\/wp\/v2\/categories?post=568277"},{"taxonomy":"post_tag","embeddable":true,"href":"https:\/\/www.europesays.com\/fr\/wp-json\/wp\/v2\/tags?post=568277"}],"curies":[{"name":"wp","href":"https:\/\/api.w.org\/{rel}","templated":true}]}}