{"id":568283,"date":"2025-11-30T06:51:12","date_gmt":"2025-11-30T06:51:12","guid":{"rendered":"https:\/\/www.europesays.com\/fr\/568283\/"},"modified":"2025-11-30T06:51:12","modified_gmt":"2025-11-30T06:51:12","slug":"financement-neutralite-fonctionnement-laudiovisuel-public-au-coeur-dune-commission-denquete-explosive","status":"publish","type":"post","link":"https:\/\/www.europesays.com\/fr\/568283\/","title":{"rendered":"Financement, neutralit\u00e9, fonctionnement\u00a0: l\u2019audiovisuel public au coeur d\u2019une commission d\u2019enqu\u00eate explosive"},"content":{"rendered":"<p>\n                                                                Depuis mardi, \u00ab\u00a0la neutralit\u00e9, le fonctionnement et le financement de l\u2019audiovisuel public\u00a0\u00bb sont pass\u00e9s au crible \u00e0 l\u2019Assembl\u00e9e nationale. Avec le d\u00e9put\u00e9 UDR de l\u2019H\u00e9rault Charles Alloncle comme rapporteur.\n                            <\/p>\n<p>Depuis ce mardi 25\u00a0novembre, une commission d\u2019enqu\u00eate parlementaire fait l\u2019objet d\u2019un niveau int\u00e9r\u00eat et d\u2019attention que rencontrent peu de rendez-vous de ce type. Il faut dire que son sujet retient l\u2019attention du plus grand nombre d\u00e8s son \u00e9nonc\u00e9\u00a0: \u00ab\u00a0La neutralit\u00e9, le fonctionnement, et le financement de<a href=\"https:\/\/www.midilibre.fr\/2025\/06\/30\/audiovisuel-public-lassemblee-rejette-des-lentame-des-debats-le-texte-de-la-reforme-qui-prevoyait-une-holding-france-medias-des-2026-12796854.php\" target=\"_self\" rel=\"noopener\"> l\u2019audiovisuel public<\/a>\u00ab\u00a0.<\/p>\n<p>Autant de questions susceptibles de passionner le plus grand des publics, d\u2019autant plus qu\u2019un tr\u00e8s chic casting est annonc\u00e9 pour \u00eatre soumis \u00e0 la question par les \u00e9lus\u00a0: de Fran\u00e7ois Hollande \u00e0 L\u00e9a Salam\u00e9 en passant \u00c9lise Lucet, Patrick Cohen, Xavier Niel, Patrick S\u00e9bastien ou Rachida Dati, certaines auditions promettent leur lot de moments \u00e9pic\u00e9s.<\/p>\n<p>Celle de <a href=\"https:\/\/www.midilibre.fr\/2025\/09\/18\/quils-assument-detre-une-chaine-dextreme-droite-la-patronne-de-france-televisions-semporte-contre-cnews-et-lempire-bollore-12937622.php\" target=\"_self\" rel=\"noopener\">Delphine Ernotte<\/a>, la pr\u00e9sidente de<a href=\"https:\/\/www.midilibre.fr\/2025\/11\/29\/alerte-a-la-bombe-le-siege-de-france-television-evacue-en-urgence-la-police-est-sur-place-13081571.php\" target=\"_self\" rel=\"noopener\"> France T\u00e9l\u00e9visions <\/a>est fix\u00e9e au 10\u00a0d\u00e9cembre, alors que Sibyle Veil, la patronne de Radio France sera entendue le 17\u00a0d\u00e9cembre. Entre cinquante et soixante auditions sont ainsi pr\u00e9vues, elles seront toutes film\u00e9es et diffus\u00e9es en direct (*).<\/p>\n<p>Cette commission est n\u00e9e de la volont\u00e9 d\u2019\u00c9ric Ciotti, pr\u00e9sident de l\u2019UDR (l\u2019Union des droites pour la R\u00e9publique), qui l\u2019a propos\u00e9e dans le cadre du droit de tirage annuel de son groupe parlementaire \u00e0 l\u2019Assembl\u00e9e nationale.<br \/>Son initiative a finalement \u00e9t\u00e9 retenue fin octobre, et elle peut donc d\u00e9sormais se d\u00e9ployer treize semaines durant.<\/p>\n<p>31 d\u00e9put\u00e9s la composent, avec une repr\u00e9sentation proportionnelle au poids des groupes repr\u00e9sent\u00e9s \u00e0 l\u2019Assembl\u00e9e nationale, sous la pr\u00e9sidence du d\u00e9put\u00e9 J\u00e9r\u00e9mie Patrier-Leitus (Horizons). Qui assurait lundi dans Le Figaro\u00a0: \u00ab\u00a0Nous ne sommes pas l\u00e0 pour faire le proc\u00e8s de l\u2019audiovisuel public\u00a0\u00bb.<\/p>\n<p>Pour ses d\u00e9tracteurs, une commission \u00ab\u00a0\u00e0 charge\u00a0\u00bb<\/p>\n<p>Ce qui reste \u00e0 d\u00e9montrer estiment nombre d\u2019\u00e9lus, de gauche essentiellement, hostile \u00e0 cette commission, qu\u2019ils jugent \u00ab\u00a0\u00e0 charge\u00a0\u00bb. Tout particuli\u00e8rement au moment o\u00f9 Radio France et France T\u00e9l\u00e9visions peuvent appara\u00eetre comme fragilis\u00e9s, car se retrouvant r\u00e9guli\u00e8rement sur le gril, entre positionnements id\u00e9ologiques suppos\u00e9s (France Inter trop \u00e0 gauche, selon ses d\u00e9tracteurs), rapport de la Cour des comptes qui \u00e9trille les finances de France T\u00e9l\u00e9visions, ou audiences insuffisantes ou en baisse.<br \/>Ces soup\u00e7ons, le rapporteur de la commission, le d\u00e9put\u00e9 UDR de l\u2019H\u00e9rault Charles Alloncle, qui animera les auditions aux c\u00f4t\u00e9s du pr\u00e9sident, les r\u00e9futent\u00a0: \u00ab\u00a0Je ne me suis jamais prononc\u00e9 sur la n\u00e9cessit\u00e9, ou non, de la privatisation de l\u2019audiovisuel public. Je ne rentre pas dans ce d\u00e9bat\u00a0\u00bb, r\u00e9pond-il, anticipant les questions de ceux qui voient dans une commission qui pourrait tourner au show m\u00e9diatique, une rampe de lancement \u00e0 cette privatisation.<\/p>\n<p>Apr\u00e8s tout, cette commission n\u2019a-t-elle pas \u00e9t\u00e9 souhait\u00e9e par un pr\u00e9sident de groupe alli\u00e9 au Rassemblement national qui appelle justement \u00e0 cette privatisation\u00a0? \u00ab\u00a0Notre seul objectif, c\u2019est de faire toute la transparence sur l\u2019utilisation de l\u2019argent public et du contribuable. V\u00e9rifier \u00e0 quoi il sert, et comment il est d\u00e9pens\u00e9. C\u2019est l\u00e9gitime me semble-t-il\u00a0\u00bb\u00a0argumente le jeune \u00e9lu h\u00e9raultais.<\/p>\n<p>Le rapport d\u00e9voil\u00e9\u00a0fin mars, d\u00e9bit avril<\/p>\n<p>Qui rappelle\u00a0: \u00ab\u00a0Le rapport de la Cour des comptes pointe un bilan d\u00e9sastreux pour France T\u00e9l\u00e9visions, avec 100\u00a0millions d\u2019euros de d\u00e9ficit cumul\u00e9. Le groupe France T\u00e9l\u00e9visions repr\u00e9sente \u00e0 lui seul pr\u00e8s de 70\u00a0% du budget annuel de l\u2018audiovisuel public qui s\u2019\u00e9l\u00e8ve \u00e0 quatre milliards. Soit la moiti\u00e9 du budget du Minist\u00e8re de la Culture\u2026\u00a0\u00bb<\/p>\n<p>Et de pointer certaines donn\u00e9es chiffr\u00e9es d\u00e9voil\u00e9es par les sourcils des enqu\u00eateurs de la Cour des comptes, qui, selon lui, m\u00e9ritent \u00e9claircissements et explications de la part des dirigeants du groupe public\u00a0: \u00ab\u00a0Parce que ces chiffres \u00e9c\u0153urent les Fran\u00e7ais. Le salaire moyen \u00e0 France T\u00e9l\u00e9visions s\u2019\u00e9l\u00e8ve \u00e0 plus de 70\u00a0000\u00a0\u20ac brut par an. Et une trentaine de cadres de France T\u00e9l\u00e9visions gagnent plus de 200\u00a0000\u00a0\u20ac par an, plus que le pr\u00e9sident de la R\u00e9publique\u00a0!\u00a0\u00bb\u00a0s\u2019insurgeait-il ce samedi en d\u00e9but d\u2019apr\u00e8s-midi, depuis Paris, o\u00f9 il pr\u00e9parait les auditions \u00e0 venir la semaine prochaine.<\/p>\n<p>O\u00f9 la commission va prendre son rythme de croisi\u00e8re de quatre \u00e0 sept auditions par semaine, alors que depuis son lancement mardi, seul le pr\u00e9sident de l\u2019Arcom, Martin Ajdari, a \u00e9t\u00e9 entendu. Puis d\u00e9but mars, Charles Alloncle s\u2019attellera \u00e0 la r\u00e9daction du rapport final. Fin mars, d\u00e9but avril, ses conclusions seront d\u00e9voil\u00e9es. Tr\u00e8s attendues, d\u2019ores et d\u00e9j\u00e0.<\/p>\n<p>Les auditions sont int\u00e9gralement montr\u00e9es sur le site de l\u2019Assembl\u00e9e nationale. Celles parmi les plus attendues seront retransmises sur LCP, la cha\u00eene parlementaire.<\/p>\n","protected":false},"excerpt":{"rendered":"Depuis mardi, \u00ab\u00a0la neutralit\u00e9, le fonctionnement et le financement de l\u2019audiovisuel public\u00a0\u00bb sont pass\u00e9s au crible \u00e0 l\u2019Assembl\u00e9e&hellip;\n","protected":false},"author":2,"featured_media":568284,"comment_status":"","ping_status":"","sticky":false,"template":"","format":"standard","meta":{"footnotes":""},"categories":[1356],"tags":[58,59,1011,27,252,1364],"class_list":{"0":"post-568283","1":"post","2":"type-post","3":"status-publish","4":"format-standard","5":"has-post-thumbnail","7":"category-television","8":"tag-divertissement","9":"tag-entertainment","10":"tag-fr","11":"tag-france","12":"tag-television","13":"tag-tv"},"share_on_mastodon":{"url":"https:\/\/pubeurope.com\/@fr\/115637327266686348","error":""},"_links":{"self":[{"href":"https:\/\/www.europesays.com\/fr\/wp-json\/wp\/v2\/posts\/568283","targetHints":{"allow":["GET"]}}],"collection":[{"href":"https:\/\/www.europesays.com\/fr\/wp-json\/wp\/v2\/posts"}],"about":[{"href":"https:\/\/www.europesays.com\/fr\/wp-json\/wp\/v2\/types\/post"}],"author":[{"embeddable":true,"href":"https:\/\/www.europesays.com\/fr\/wp-json\/wp\/v2\/users\/2"}],"replies":[{"embeddable":true,"href":"https:\/\/www.europesays.com\/fr\/wp-json\/wp\/v2\/comments?post=568283"}],"version-history":[{"count":0,"href":"https:\/\/www.europesays.com\/fr\/wp-json\/wp\/v2\/posts\/568283\/revisions"}],"wp:featuredmedia":[{"embeddable":true,"href":"https:\/\/www.europesays.com\/fr\/wp-json\/wp\/v2\/media\/568284"}],"wp:attachment":[{"href":"https:\/\/www.europesays.com\/fr\/wp-json\/wp\/v2\/media?parent=568283"}],"wp:term":[{"taxonomy":"category","embeddable":true,"href":"https:\/\/www.europesays.com\/fr\/wp-json\/wp\/v2\/categories?post=568283"},{"taxonomy":"post_tag","embeddable":true,"href":"https:\/\/www.europesays.com\/fr\/wp-json\/wp\/v2\/tags?post=568283"}],"curies":[{"name":"wp","href":"https:\/\/api.w.org\/{rel}","templated":true}]}}