{"id":568285,"date":"2025-11-30T06:52:15","date_gmt":"2025-11-30T06:52:15","guid":{"rendered":"https:\/\/www.europesays.com\/fr\/568285\/"},"modified":"2025-11-30T06:52:15","modified_gmt":"2025-11-30T06:52:15","slug":"la-symbolique-secrete-de-son-nouvel-album-pour-son-fils-disparu","status":"publish","type":"post","link":"https:\/\/www.europesays.com\/fr\/568285\/","title":{"rendered":"la symbolique secr\u00e8te de son nouvel album pour son fils disparu"},"content":{"rendered":"<p>\n        Lio vient de sortir son nouvel album pop et nostalgique \u00ab\u00a0Geoid Party In The Sky\u00a0\u00bb, dont les chansons sont sign\u00e9es Louane ou Hoshi. Mais son titre cache en r\u00e9alit\u00e9 un clin d&rsquo;oeil touchant \u00e0 son fils disparu&#8230;\n    <\/p>\n<p class=\"content-paragraph\"><img decoding=\"async\" src=\"https:\/\/www.europesays.com\/fr\/wp-content\/uploads\/2025\/11\/photo_1763993500.jpg\" class=\"textcenter img-content\" loading=\"lazy\" style=\"margin-bottom: 0;\"\/>DR <br \/>Lio se r\u00e9invente. La chanteuse vient de publier <a href=\"https:\/\/www.chartsinfrance.net\/Lio\/news-133817.html\" class=\"articlepage-link\" target=\"_blank\" rel=\"noopener\">son nouvel album \u00ab\u00a0Geoid Party In The Sky\u00a0\u00bb<\/a> qui est annonc\u00e9 comme un retour aux premi\u00e8res amours musicales de Lio. Et pour cause : elle replonge dans les ann\u00e9es 80, qui lui ont valu sa gloire, avec une pop aussi rythm\u00e9e que sucr\u00e9e, mais qui cache en son sein des textes engag\u00e9s. N\u00e9es de la plume de Louane, Hoshi, Jennifer Ayache, Corine et m\u00eame Sophie Ellis-Bextor (le tube <a href=\"https:\/\/www.chartsinfrance.net\/Sophie-Ellis-Bextor\/news-127721.html\" class=\"articlepage-link\" target=\"_blank\" rel=\"noopener\">\u00ab\u00a0Murder on the Dancefloor\u00a0\u00bb<\/a> !), les 10 chansons de ce nouvel album, le premier depuis 2018, \u00e9voquent tour \u00e0 tour le f\u00e9minisme, le sexisme, son franc-parler, le temps qui passe mais aussi la r\u00e9silience pour Lio, qui a d\u00fb faire face \u00e0 la mort de <a href=\"https:\/\/www.chartsinfrance.net\/Lio\/news-131792.html\" class=\"articlepage-link\" target=\"_blank\" rel=\"noopener\">son fils Diego, disparu tragiquement en mars dernier<\/a>.<\/p>\n<p>\u00ab\u00a0Diego \u00e9tait avec nous\u00a0\u00bb<\/p>\n<p class=\"content-paragraph\"> D&rsquo;ailleurs, un bel hommage lui est rendu dans le titre m\u00eame de l&rsquo;album. Car si une g\u00e9o\u00efde symbolise \u00ab la vraie forme de la plan\u00e8te, pas tout \u00e0 fait ronde \u00bb, \u00ab\u00a0G\u00e9oid\u00a0\u00bb est surtout l&rsquo;anagramme de Diego. \u00ab On l&rsquo;a emmen\u00e9 avec nous. Le ciel, c&rsquo;est sa passion pour la physique quantique. La pochette, c&rsquo;est la constellation qu&rsquo;il avait commenc\u00e9 \u00e0 dessiner et que ma fille Esmeralda a fini. Avec mes enfants, on a beaucoup \u00e9chang\u00e9 et \u00e9cout\u00e9 ces chansons. Diego \u00e9tait avec nous \u00bb d\u00e9clare-t-elle avec \u00e9motion au micro du Parisien : \u00ab On l&rsquo;\u00e9voque, on l&rsquo;invoque, on danse et on rit avec lui. Quand la mort s&rsquo;invite, il vaut mieux l&rsquo;accueillir \u00bb.<\/p>\n<p class=\"content-paragraph\">Et elle le promet, ce disque vivifiant va prendre vie sur sc\u00e8ne avec une tourn\u00e9e, la premi\u00e8re de sa carri\u00e8re ! \u00ab C&rsquo;est pr\u00e9vu en 2027. J&rsquo;ai d\u00e9j\u00e0 fait quatre Olympia, mais jamais de tourn\u00e9e sur mon nom. \u00c0 l&rsquo;\u00e9poque de \u00ab\u00a0Pop Model\u00a0\u00bb [en 1986], j&rsquo;\u00e9tais enceinte de Nubia et je ne voulais pas. Cette tourn\u00e9e, \u00e7a va \u00eatre chouette ! Comme quoi la vie am\u00e8ne toujours des choses \u00e9tonnantes et g\u00e9niales \u00bb sourit-elle aujourd&rsquo;hui. Premier rendez-vous programm\u00e9 \u00e0 l&rsquo;Olympia en d\u00e9cembre 2026 !<\/p>\n<blockquote class=\"instagram-media\" data-instgrm-permalink=\"https:\/\/www.instagram.com\/reel\/DRUIOrfDNT9\/?utm_source=ig_embed&amp;utm_campaign=loading\" data-instgrm-version=\"14\" style=\" background:#FFF; border:0; border-radius:3px; box-shadow:0 0 1px 0 rgba(0,0,0,0.5),0 1px 10px 0 rgba(0,0,0,0.15); margin: 1px; max-width:540px; min-width:326px; padding:0; width:99.375%; width:-webkit-calc(100% - 2px); width:calc(100% - 2px);\"\/><p> <\/p>\n<p>                <img loading=\"lazy\" decoding=\"async\" src=\"https:\/\/www.europesays.com\/fr\/wp-content\/uploads\/2025\/10\/favicon.png\" class=\"author-article-picture\" width=\"35\" height=\"35\"\/><\/p>\n<p>                    Par<\/p>\n<p>                                            <a class=\"author-article-bio-link\" href=\"https:\/\/www.chartsinfrance.net\/auteur\/120\/\" target=\"_blank\" rel=\"noopener\">Th\u00e9au BERTHELOT<\/a><\/p>\n<p>                    |<\/p>\n<p>                                            Journaliste<\/p>\n<p>\n                    Passionn\u00e9 par la musique autant que le cin\u00e9ma, la litt\u00e9rature et le journalisme, il est incollable sur la sc\u00e8ne rock ind\u00e9pendante et se prend de passion pour les dessous de l&rsquo;industrie musicale et de l&rsquo;organisation des concerts et festivals, o\u00f9 vous ne manquerez pas de le croiser.\n                <\/p>\n<p>                        <script async src=\"\/\/www.instagram.com\/embed.js\"><\/script><\/p>\n","protected":false},"excerpt":{"rendered":"Lio vient de sortir son nouvel album pop et nostalgique \u00ab\u00a0Geoid Party In The Sky\u00a0\u00bb, dont les chansons&hellip;\n","protected":false},"author":2,"featured_media":568286,"comment_status":"","ping_status":"","sticky":false,"template":"","format":"standard","meta":{"footnotes":""},"categories":[1355],"tags":[58,59,1011,27,1361,873],"class_list":{"0":"post-568285","1":"post","2":"type-post","3":"status-publish","4":"format-standard","5":"has-post-thumbnail","7":"category-musique","8":"tag-divertissement","9":"tag-entertainment","10":"tag-fr","11":"tag-france","12":"tag-music","13":"tag-musique"},"share_on_mastodon":{"url":"https:\/\/pubeurope.com\/@fr\/115637331875302203","error":""},"_links":{"self":[{"href":"https:\/\/www.europesays.com\/fr\/wp-json\/wp\/v2\/posts\/568285","targetHints":{"allow":["GET"]}}],"collection":[{"href":"https:\/\/www.europesays.com\/fr\/wp-json\/wp\/v2\/posts"}],"about":[{"href":"https:\/\/www.europesays.com\/fr\/wp-json\/wp\/v2\/types\/post"}],"author":[{"embeddable":true,"href":"https:\/\/www.europesays.com\/fr\/wp-json\/wp\/v2\/users\/2"}],"replies":[{"embeddable":true,"href":"https:\/\/www.europesays.com\/fr\/wp-json\/wp\/v2\/comments?post=568285"}],"version-history":[{"count":0,"href":"https:\/\/www.europesays.com\/fr\/wp-json\/wp\/v2\/posts\/568285\/revisions"}],"wp:featuredmedia":[{"embeddable":true,"href":"https:\/\/www.europesays.com\/fr\/wp-json\/wp\/v2\/media\/568286"}],"wp:attachment":[{"href":"https:\/\/www.europesays.com\/fr\/wp-json\/wp\/v2\/media?parent=568285"}],"wp:term":[{"taxonomy":"category","embeddable":true,"href":"https:\/\/www.europesays.com\/fr\/wp-json\/wp\/v2\/categories?post=568285"},{"taxonomy":"post_tag","embeddable":true,"href":"https:\/\/www.europesays.com\/fr\/wp-json\/wp\/v2\/tags?post=568285"}],"curies":[{"name":"wp","href":"https:\/\/api.w.org\/{rel}","templated":true}]}}