{"id":568294,"date":"2025-11-30T06:57:11","date_gmt":"2025-11-30T06:57:11","guid":{"rendered":"https:\/\/www.europesays.com\/fr\/568294\/"},"modified":"2025-11-30T06:57:11","modified_gmt":"2025-11-30T06:57:11","slug":"indestructible-et-depolluante-la-plante-de-fer-qui-filtre-lair-meme-dans-les-pieces-sans-lumiere","status":"publish","type":"post","link":"https:\/\/www.europesays.com\/fr\/568294\/","title":{"rendered":"Indestructible et d\u00e9polluante : la \u201cplante de fer\u201d qui filtre l&rsquo;air m\u00eame dans les pi\u00e8ces sans lumi\u00e8re"},"content":{"rendered":"<p>\u00c0 la veille de l&rsquo;hiver, alors que les journ\u00e9es raccourcissent et que la lumi\u00e8re naturelle se rar\u00e9fie dans nos int\u00e9rieurs, beaucoup pensent qu&rsquo;il n&rsquo;existe aucune plante capable de survivre \u00e0 l&rsquo;ombre\u2026 et encore moins d&rsquo;am\u00e9liorer la qualit\u00e9 de l&rsquo;air chez soi. Pourtant, une alli\u00e9e m\u00e9connue fait mentir tous les pr\u00e9jug\u00e9s. V\u00e9ritable championne des coins sombres, la \u00ab\u00a0plante de fer\u00a0\u00bb r\u00e9v\u00e8le un <strong>potentiel insoup\u00e7onn\u00e9<\/strong> pour assainir l&rsquo;atmosph\u00e8re et donner du peps \u00e0 nos pi\u00e8ces oubli\u00e9es. Faut-il vraiment renoncer au vert sous pr\u00e9texte de manque de lumi\u00e8re ? Rien n&rsquo;est moins s\u00fbr !<\/p>\n<p>La reine de l&rsquo;ombre : quand l&rsquo;aspidistra s&rsquo;\u00e9panouit l\u00e0 o\u00f9 d&rsquo;autres capitulent<br \/>\nUn portrait \u00e9tonnant : robustesse \u00e0 toute \u00e9preuve et croissance sans lumi\u00e8re<\/p>\n<p>L&rsquo;aspidistra gagne peu \u00e0 peu sa place de choix dans l&rsquo;univers du jardin paysager urbain. Originaire d&rsquo;Asie, cette plante se distingue par des feuilles d&rsquo;un vert profond, coriaces et brillantes. On la surnomme \u00ab\u00a0plante de fer\u00a0\u00bb tant elle est <strong>indestructible<\/strong> : elle tol\u00e8re les oublis d&rsquo;arrosage, les courants d&rsquo;air, la s\u00e9cheresse temporaire et surtout l&rsquo;absence quasi totale de soleil. La croissance de l&rsquo;aspidistra se poursuit m\u00eame lorsqu&rsquo;elle est plac\u00e9e dans une entr\u00e9e aveugle, un couloir ou une salle de bain sans fen\u00eatre, l\u00e0 o\u00f9 tant d&rsquo;autres v\u00e9g\u00e9taux <strong>d\u00e9p\u00e9rissent<\/strong> en quelques semaines.<\/p>\n<p>Au-del\u00e0 du vert d\u00e9coratif : une histoire de survie urbaine<\/p>\n<p>Bien plus qu&rsquo;une simple touche de verdure, l&rsquo;aspidistra incarne la r\u00e9silience au c\u0153ur du design naturel. Elle a longtemps habit\u00e9 les salons feutr\u00e9s des maisons de ma\u00eetre et s&rsquo;impose aujourd&rsquo;hui dans les appartements contemporains. Sa capacit\u00e9 \u00e0 s&rsquo;adapter aux conditions extr\u00eames fait d&rsquo;elle une <strong>incontournable<\/strong> des massifs d&rsquo;ombre ou des recoins oubli\u00e9s. Pour les amateurs de jardin zen ou de jardin m\u00e9diterran\u00e9en cherchant des alternatives solides \u00e0 la pelouse ou pour v\u00e9g\u00e9taliser une pente mal expos\u00e9e, c&rsquo;est une petite r\u00e9volution tout en discr\u00e9tion.<\/p>\n<p>L&rsquo;arme secr\u00e8te des int\u00e9rieurs pollu\u00e9s : comment l&rsquo;aspidistra assainit votre air<br \/>\nLa chasse au formald\u00e9hyde : efficacit\u00e9 prouv\u00e9e et m\u00e9connue<\/p>\n<p>On parle souvent des plantes d\u00e9polluantes, mais rares sont celles qui affichent la m\u00eame efficacit\u00e9 que l&rsquo;aspidistra contre le formald\u00e9hyde, ce polluant insidieux pr\u00e9sent dans les meubles r\u00e9cents, les solvants et m\u00eame certains textiles. L&rsquo;aspidistra <strong>filtre l&rsquo;air<\/strong> et absorbe ce compos\u00e9 volatil, permettant ainsi d&rsquo;assainir l&rsquo;atmosph\u00e8re jour apr\u00e8s jour, sans rien demander de plus qu&rsquo;un peu d&rsquo;attention de temps en temps.<\/p>\n<p> Plus forte que le pothos ? Les preuves scientifiques au banc d&rsquo;essai<\/p>\n<p>Le pothos a longtemps eu la cote pour la purification de l&rsquo;air int\u00e9rieur. Pourtant, l&rsquo;aspidistra se distingue par une <strong>capacit\u00e9 \u00e0 \u00e9liminer le formald\u00e9hyde sup\u00e9rieure<\/strong>, surtout dans des conditions de faible luminosit\u00e9 o\u00f9 le pothos peine \u00e0 survivre. Cette robustesse, coupl\u00e9e \u00e0 son pouvoir d\u00e9polluant, la place en t\u00eate des plantes \u00e0 adopter pour tous ceux qui veulent un air sain, sans y consacrer des heures.<\/p>\n<p>Z\u00e9ro lumi\u00e8re, z\u00e9ro souci : l&rsquo;alli\u00e9e id\u00e9ale des appartements exigus<br \/>\nFini les recoins tristes : la \u00ab\u00a0plante de fer\u00a0\u00bb redonne vie aux pi\u00e8ces oubli\u00e9es<\/p>\n<p>Qui n&rsquo;a jamais d\u00e9laiss\u00e9 un coin de son salon, une entr\u00e9e sombre ou les abords d&rsquo;un couloir faute de luminosit\u00e9 ? L&rsquo;aspidistra fait mentir ces fatalismes. Quelques pieds soigneusement plac\u00e9s apportent une note de <strong>fra\u00eecheur<\/strong> et structurent les espaces les plus d\u00e9laiss\u00e9s, cr\u00e9ant des bordures v\u00e9g\u00e9tales ou rythmant le design int\u00e9rieur\u2014m\u00eame en l&rsquo;absence totale de fen\u00eatre !<\/p>\n<p>Mode d&#8217;emploi pour la dompter : astuces d&rsquo;entretien et erreurs \u00e0 \u00e9viter<\/p>\n<p>Aucune inqui\u00e9tude \u00e0 avoir pour l&rsquo;entretien : l&rsquo;aspidistra demande peu d&rsquo;eau (un arrosage tous les quinze jours suffit en hiver) et appr\u00e9cie une terre l\u00e9g\u00e8re, pas trop compacte. Quelques astuces pour des <a href=\"https:\/\/journaldesseniors.20minutes.fr\/maison\/je-veux-un-jardin-fleuri-mais-sans-trop-dentretien-quelles-fleurs-planter-en-mars\/\" target=\"_blank\" rel=\"noopener\">feuilles \u00e9clatantes<\/a> et une plante en pleine forme :<\/p>\n<ul>\n<li>\u00c9viter l&rsquo;exposition directe au soleil, m\u00eame l&rsquo;hiver ;<\/li>\n<li>Essuyer doucement les feuilles pour d\u00e9barrasser la poussi\u00e8re ;<\/li>\n<li>Opter pour un pot avec un bon drainage ;<\/li>\n<li>Ne pas surdoser l&rsquo;engrais, deux apports par an suffisent.<\/li>\n<\/ul>\n<p>Si une feuille jaunit, il suffit de la couper \u00e0 la base. \u00c9vitez l&rsquo;exc\u00e8s d&rsquo;eau, c&rsquo;est la seule <strong>v\u00e9ritable erreur<\/strong> \u00e0 bannir pour garder une aspidistra resplendissante, m\u00eame dans les endroits les plus sombres de l&rsquo;appartement.<\/p>\n<p> Un atout d\u00e9co indestructible pour les urbains press\u00e9s<br \/>\nEntre cache-pot et tendance : comment l&rsquo;int\u00e9grer dans votre int\u00e9rieur<\/p>\n<p>L&rsquo;aspidistra s\u00e9duit aussi par sa silhouette \u00e9l\u00e9gante et graphique, parfaite pour structurer une terrasse ombrag\u00e9e ou donner du relief \u00e0 un <strong>massif d&rsquo;int\u00e9rieur<\/strong>. Privil\u00e9giez des pots color\u00e9s pour accentuer l&rsquo;effet moderne, ou choisissez des \u00e9l\u00e9ments en terre cuite pour une ambiance plus chaleureuse. En hiver, alors que la plupart des plantes perdent de leur vigueur, l&rsquo;aspidistra conserve sa prestance et dynamise les coins ternes de l&rsquo;habitat.<\/p>\n<p>Les fans de l&rsquo;aspidistra t\u00e9moignent : retour d&rsquo;exp\u00e9rience sur sa r\u00e9silience<\/p>\n<p>Dans les rayons des jardineries ou parmi les passionn\u00e9s du jardin paysager, on s&rsquo;accorde \u00e0 reconna\u00eetre l&rsquo;exceptionnelle <strong>r\u00e9sistance<\/strong> de cette plante. L&rsquo;aspidistra s&rsquo;av\u00e8re un choix judicieux pour celles et ceux qui n&rsquo;ont ni le temps ni la main verte, mais refusent de sacrifier une once d&rsquo;\u00e9l\u00e9gance v\u00e9g\u00e9tale dans leur int\u00e9rieur.<\/p>\n<p>Retenir l&rsquo;essentiel : respirer mieux et jardiner facile gr\u00e2ce \u00e0 l&rsquo;aspidistra<\/p>\n<p>\u00c0 l&rsquo;approche de l&rsquo;hiver, int\u00e9grer une aspidistra dans son int\u00e9rieur, c&rsquo;est opter pour une <a href=\"https:\/\/journaldesseniors.20minutes.fr\/maison\/cette-plante-sans-entretien-fleurit-durant-les-mois-dhiver-pour-egayer-votre-interieur-quand-il-en-a-le-plus-besoin\/\" target=\"_blank\" rel=\"noopener\">plante sans entretien exigeant<\/a>, qui filtre l&rsquo;air et embellit les pi\u00e8ces les plus d\u00e9laiss\u00e9es, le tout avec une <strong>robustesse exemplaire<\/strong>. Respirer mieux et jardiner sans contrainte devient accessible \u00e0 tous, m\u00eame dans les espaces o\u00f9 la lumi\u00e8re se fait rare. Cette plante extraordinaire m\u00e9rite amplement sa place dans nos int\u00e9rieurs urbains, alliant esth\u00e9tique et fonctionnalit\u00e9 avec une simplicit\u00e9 d\u00e9concertante.<\/p>\n","protected":false},"excerpt":{"rendered":"\u00c0 la veille de l&rsquo;hiver, alors que les journ\u00e9es raccourcissent et que la lumi\u00e8re naturelle se rar\u00e9fie dans&hellip;\n","protected":false},"author":2,"featured_media":568295,"comment_status":"","ping_status":"","sticky":false,"template":"","format":"standard","meta":{"footnotes":""},"categories":[7],"tags":[1011,27,56,43,40,41,39,42,44],"class_list":{"0":"post-568294","1":"post","2":"type-post","3":"status-publish","4":"format-standard","5":"has-post-thumbnail","7":"category-sciences-et-technologies","8":"tag-fr","9":"tag-france","10":"tag-push","11":"tag-science","12":"tag-science-and-technology","13":"tag-sciences","14":"tag-sciences-et-technologies","15":"tag-technologies","16":"tag-technology"},"share_on_mastodon":{"url":"https:\/\/pubeurope.com\/@fr\/115637350773663879","error":""},"_links":{"self":[{"href":"https:\/\/www.europesays.com\/fr\/wp-json\/wp\/v2\/posts\/568294","targetHints":{"allow":["GET"]}}],"collection":[{"href":"https:\/\/www.europesays.com\/fr\/wp-json\/wp\/v2\/posts"}],"about":[{"href":"https:\/\/www.europesays.com\/fr\/wp-json\/wp\/v2\/types\/post"}],"author":[{"embeddable":true,"href":"https:\/\/www.europesays.com\/fr\/wp-json\/wp\/v2\/users\/2"}],"replies":[{"embeddable":true,"href":"https:\/\/www.europesays.com\/fr\/wp-json\/wp\/v2\/comments?post=568294"}],"version-history":[{"count":0,"href":"https:\/\/www.europesays.com\/fr\/wp-json\/wp\/v2\/posts\/568294\/revisions"}],"wp:featuredmedia":[{"embeddable":true,"href":"https:\/\/www.europesays.com\/fr\/wp-json\/wp\/v2\/media\/568295"}],"wp:attachment":[{"href":"https:\/\/www.europesays.com\/fr\/wp-json\/wp\/v2\/media?parent=568294"}],"wp:term":[{"taxonomy":"category","embeddable":true,"href":"https:\/\/www.europesays.com\/fr\/wp-json\/wp\/v2\/categories?post=568294"},{"taxonomy":"post_tag","embeddable":true,"href":"https:\/\/www.europesays.com\/fr\/wp-json\/wp\/v2\/tags?post=568294"}],"curies":[{"name":"wp","href":"https:\/\/api.w.org\/{rel}","templated":true}]}}