{"id":568298,"date":"2025-11-30T06:59:12","date_gmt":"2025-11-30T06:59:12","guid":{"rendered":"https:\/\/www.europesays.com\/fr\/568298\/"},"modified":"2025-11-30T06:59:12","modified_gmt":"2025-11-30T06:59:12","slug":"californie-au-moins-quatre-morts-lors-dune-fete-familiale-a-stockton-actualites","status":"publish","type":"post","link":"https:\/\/www.europesays.com\/fr\/568298\/","title":{"rendered":"Californie : au moins quatre morts lors d\u2019une f\u00eate familiale \u00e0 Stockton : Actualit\u00e9s"},"content":{"rendered":"<p class=\"lead \"><strong>Un banquet priv\u00e9 \u00e0 Stockton a vir\u00e9 au drame samedi soir. Au moins quatre personnes ont \u00e9t\u00e9 tu\u00e9es et dix autres hospitalis\u00e9es. Parmi les victimes, des enfants.<\/strong><\/p>\n<p class=\"lead \">Funeste anniversaire. Dans la lumi\u00e8re froide des gyrophares, la salle du 1900 Lucile Avenue, \u00e0 Stockton, ressemble \u00e0 une sc\u00e8ne abandonn\u00e9e : peu avant 18 heures samedi soir, une f\u00eate familiale \u2014 un anniversaire d\u2019enfant, selon le maire adjoint Jason Lee \u2014 s\u2019est transform\u00e9e en chaos. Heather Brent, porte-parole du sh\u00e9rif du comt\u00e9 de San Joaquin, confirme : quatre morts, dix bless\u00e9s. Les victimes vont \u00ab\u00a0des enfants aux adultes\u00a0\u00bb, confie-t-elle, la voix comme retenue, aupr\u00e8s de <a href=\"https:\/\/www.nbcnews.com\/news\/us-news\/killed-hurt-shooting-family-celebration-california-banquet-hall-rcna246510\" target=\"_blank\" rel=\"noopener\">ABC<\/a>. \u00ab\u00a0C\u2019est inconcevable que de jeunes enfants aient \u00e9t\u00e9 touch\u00e9s.\u00a0\u00bb<\/p>\n<p class=\"lead \">Les enqu\u00eateurs cherchent \u00e0 comprendre dans quel sens les balles ont travers\u00e9 la salle : tirs venus de l\u2019int\u00e9rieur ou de l\u2019ext\u00e9rieur ? Pour l\u2019instant, aucun suspect clairement identifi\u00e9. Brent avance une piste, prudente : \u00ab\u00a0Il pourrait s\u2019agir d\u2019un incident cibl\u00e9.\u00a0\u00bb Le FBI, la police de Stockton et d\u2019autres agences se relaient dans le p\u00e9rim\u00e8tre, tentant de reconstituer les minutes pr\u00e9c\u00e9dant la fusillade.<\/p>\n<p>                                                                                                La Californie sous le choc<\/p>\n<p class=\"lead \">Le gouverneur Gavin Newsom a \u00e9t\u00e9 inform\u00e9 dans la soir\u00e9e. Son cabinet \u00e9voque sur X \u00ab\u00a0une fusillade horrifique\u00a0\u00bb et affirme que les services d\u2019urgence de l\u2019\u00c9tat collaborent avec les autorit\u00e9s locales. \u2028Dans la salle encore d\u00e9cor\u00e9e pour une f\u00eate d\u2019enfant, les techniciens alignent les marqueurs jaunes, rel\u00e8vent les douilles, photographient les tables renvers\u00e9es. Stockton, ville famili\u00e8re des violences, se retrouve une nouvelle fois au c\u0153ur d\u2019un drame : un moment de joie interrompu, et des familles d\u00e9sormais suspendues \u00e0 l\u2019attente \u2014 celle des noms, des raisons, et d\u2019un d\u00e9but d\u2019explication.<\/p>\n<p class=\"small font-weight-bold text-gray3 \"> publi\u00e9 le 30 novembre \u00e0 07h00, Nathan Hallegot, 6Medias<\/p>\n<p>                             Partager<\/p>\n","protected":false},"excerpt":{"rendered":"Un banquet priv\u00e9 \u00e0 Stockton a vir\u00e9 au drame samedi soir. Au moins quatre personnes ont \u00e9t\u00e9 tu\u00e9es&hellip;\n","protected":false},"author":2,"featured_media":568299,"comment_status":"","ping_status":"","sticky":false,"template":"","format":"standard","meta":{"footnotes":""},"categories":[5],"tags":[11,1011,27,14,12,28],"class_list":{"0":"post-568298","1":"post","2":"type-post","3":"status-publish","4":"format-standard","5":"has-post-thumbnail","7":"category-international","8":"tag-actualites","9":"tag-fr","10":"tag-france","11":"tag-international","12":"tag-news","13":"tag-world"},"share_on_mastodon":{"url":"https:\/\/pubeurope.com\/@fr\/115637358693775368","error":""},"_links":{"self":[{"href":"https:\/\/www.europesays.com\/fr\/wp-json\/wp\/v2\/posts\/568298","targetHints":{"allow":["GET"]}}],"collection":[{"href":"https:\/\/www.europesays.com\/fr\/wp-json\/wp\/v2\/posts"}],"about":[{"href":"https:\/\/www.europesays.com\/fr\/wp-json\/wp\/v2\/types\/post"}],"author":[{"embeddable":true,"href":"https:\/\/www.europesays.com\/fr\/wp-json\/wp\/v2\/users\/2"}],"replies":[{"embeddable":true,"href":"https:\/\/www.europesays.com\/fr\/wp-json\/wp\/v2\/comments?post=568298"}],"version-history":[{"count":0,"href":"https:\/\/www.europesays.com\/fr\/wp-json\/wp\/v2\/posts\/568298\/revisions"}],"wp:featuredmedia":[{"embeddable":true,"href":"https:\/\/www.europesays.com\/fr\/wp-json\/wp\/v2\/media\/568299"}],"wp:attachment":[{"href":"https:\/\/www.europesays.com\/fr\/wp-json\/wp\/v2\/media?parent=568298"}],"wp:term":[{"taxonomy":"category","embeddable":true,"href":"https:\/\/www.europesays.com\/fr\/wp-json\/wp\/v2\/categories?post=568298"},{"taxonomy":"post_tag","embeddable":true,"href":"https:\/\/www.europesays.com\/fr\/wp-json\/wp\/v2\/tags?post=568298"}],"curies":[{"name":"wp","href":"https:\/\/api.w.org\/{rel}","templated":true}]}}