{"id":56830,"date":"2025-04-27T12:43:10","date_gmt":"2025-04-27T12:43:10","guid":{"rendered":"https:\/\/www.europesays.com\/fr\/56830\/"},"modified":"2025-04-27T12:43:10","modified_gmt":"2025-04-27T12:43:10","slug":"la-russie-lance-pres-de-150-drones-contre-lukraine-faisant-au-moins-un-mort","status":"publish","type":"post","link":"https:\/\/www.europesays.com\/fr\/56830\/","title":{"rendered":"La Russie lance pr\u00e8s de 150 drones contre l&rsquo;Ukraine, faisant au moins un mort"},"content":{"rendered":"<p>La Russie a lanc\u00e9 une vaste attaque de drones en Ukraine dans la nuit de samedi \u00e0 dimanche, ciblant plusieurs r\u00e9gions, ont indiqu\u00e9 des responsables, apr\u00e8s que le pr\u00e9sident am\u00e9ricain Donald Trump a fait part de doutes sur la volont\u00e9 du pr\u00e9sident russe Vladimir Poutine de mettre fin \u00e0 la guerre.<\/p>\n<p>Une personne a \u00e9t\u00e9 tu\u00e9e et une adolescente de 14\u00a0ans a \u00e9t\u00e9 bless\u00e9e dans la ville de Pavlohrad, dans la r\u00e9gion de Dnipro, touch\u00e9e pour la troisi\u00e8me nuit cons\u00e9cutive, a d\u00e9clar\u00e9 le gouverneur r\u00e9gional Serhii Lysak.<\/p>\n<p>Ces attaques sont survenues quelques heures apr\u00e8s que la Russie a affirm\u00e9 avoir repris le contr\u00f4le des zones restantes de la r\u00e9gion de Koursk, dont les forces ukrainiennes s\u2019\u00e9taient empar\u00e9es lors d\u2019une incursion surprise en ao\u00fbt dernier. Des responsables ukrainiens ont indiqu\u00e9 que les combats \u00e0 Koursk se poursuivaient.<\/p>\n<p>Donald Trump a admis samedi qu\u2019il doutait de la volont\u00e9 de Vladimir Poutine de mettre fin \u00e0 plus de trois ans de guerre en Ukraine, exprimant un nouveau scepticisme quant \u00e0 la possibilit\u00e9 d\u2019un accord de paix rapide. La veille seulement, Donald Trump avait d\u00e9clar\u00e9 que l\u2019Ukraine et la Russie \u00e9taient \u00abtr\u00e8s proches d\u2019un accord\u00bb.<\/p>\n<p>\u00abIl n\u2019y avait aucune raison pour que M.\u00a0Poutine tire des missiles sur des zones civiles, des villes et des villages, ces derniers jours\u00bb, a \u00e9crit M.\u00a0Trump sur les r\u00e9seaux sociaux, alors qu\u2019il rentrait aux \u00c9tats-Unis apr\u00e8s avoir assist\u00e9 aux fun\u00e9railles du pape Fran\u00e7ois au Vatican, o\u00f9 il a bri\u00e8vement rencontr\u00e9 le pr\u00e9sident ukrainien Volodymyr Zelensky. Le pr\u00e9sident am\u00e9ricain a \u00e9galement \u00e9voqu\u00e9 de nouvelles sanctions contre la Russie.<\/p>\n<p>L\u2019entretien entre MM.\u00a0Trump et Zelensky en marge des fun\u00e9railles du pape \u00e9tait le premier face-\u00e0-face entre les deux dirigeants depuis leur vive altercation lors d\u2019une r\u00e9union houleuse dans le bureau Ovale \u00e0 la Maison-Blanche fin f\u00e9vrier.<\/p>\n<p>La Russie a tir\u00e9 149\u00a0drones explosifs et leurres lors de la derni\u00e8re vague d\u2019attaques, a d\u00e9clar\u00e9 l\u2019arm\u00e9e de l\u2019air ukrainienne, ajoutant que 57\u00a0ont \u00e9t\u00e9 intercept\u00e9s et 67\u00a0autres bloqu\u00e9s.<\/p>\n<p>Une personne a \u00e9galement \u00e9t\u00e9 bless\u00e9e lors d\u2019attaques de drones dans la r\u00e9gion d\u2019Odessa et une autre dans la ville de Jytomyr, selon les autorit\u00e9s locales.<\/p>\n<p>Le minist\u00e8re russe de la D\u00e9fense a annonc\u00e9 dimanche que ses d\u00e9fenses a\u00e9riennes avaient abattu cinq drones ukrainiens dans la r\u00e9gion frontali\u00e8re de Briansk, ainsi que trois autres au-dessus de la p\u00e9ninsule de Crim\u00e9e, annex\u00e9e ill\u00e9galement par la Russie en 2014.<\/p>\n<p>Cinq personnes ont \u00e9t\u00e9 bless\u00e9es lorsque les forces ukrainiennes ont bombard\u00e9 la ville de Horlivka, dans la r\u00e9gion partiellement occup\u00e9e de Donetsk, a d\u00e9clar\u00e9 le maire de la ville, Ivan Prikhodko, install\u00e9 par la Russie.<\/p>\n","protected":false},"excerpt":{"rendered":"La Russie a lanc\u00e9 une vaste attaque de drones en Ukraine dans la nuit de samedi \u00e0 dimanche,&hellip;\n","protected":false},"author":2,"featured_media":56831,"comment_status":"","ping_status":"","sticky":false,"template":"","format":"standard","meta":{"footnotes":""},"categories":[1591],"tags":[11,1887,1854,15225,12,1885,1886,132],"class_list":{"0":"post-56830","1":"post","2":"type-post","3":"status-publish","4":"format-standard","5":"has-post-thumbnail","7":"category-russie","8":"tag-actualites","9":"tag-federation-de-russie","10":"tag-https-lactualite-com-sujet-international","11":"tag-https-lactualite-com-sujet-social","12":"tag-news","13":"tag-russia","14":"tag-russian-federation","15":"tag-russie"},"share_on_mastodon":{"url":"https:\/\/pubeurope.com\/@fr\/114409989939173229","error":""},"_links":{"self":[{"href":"https:\/\/www.europesays.com\/fr\/wp-json\/wp\/v2\/posts\/56830","targetHints":{"allow":["GET"]}}],"collection":[{"href":"https:\/\/www.europesays.com\/fr\/wp-json\/wp\/v2\/posts"}],"about":[{"href":"https:\/\/www.europesays.com\/fr\/wp-json\/wp\/v2\/types\/post"}],"author":[{"embeddable":true,"href":"https:\/\/www.europesays.com\/fr\/wp-json\/wp\/v2\/users\/2"}],"replies":[{"embeddable":true,"href":"https:\/\/www.europesays.com\/fr\/wp-json\/wp\/v2\/comments?post=56830"}],"version-history":[{"count":0,"href":"https:\/\/www.europesays.com\/fr\/wp-json\/wp\/v2\/posts\/56830\/revisions"}],"wp:featuredmedia":[{"embeddable":true,"href":"https:\/\/www.europesays.com\/fr\/wp-json\/wp\/v2\/media\/56831"}],"wp:attachment":[{"href":"https:\/\/www.europesays.com\/fr\/wp-json\/wp\/v2\/media?parent=56830"}],"wp:term":[{"taxonomy":"category","embeddable":true,"href":"https:\/\/www.europesays.com\/fr\/wp-json\/wp\/v2\/categories?post=56830"},{"taxonomy":"post_tag","embeddable":true,"href":"https:\/\/www.europesays.com\/fr\/wp-json\/wp\/v2\/tags?post=56830"}],"curies":[{"name":"wp","href":"https:\/\/api.w.org\/{rel}","templated":true}]}}