{"id":568302,"date":"2025-11-30T07:01:29","date_gmt":"2025-11-30T07:01:29","guid":{"rendered":"https:\/\/www.europesays.com\/fr\/568302\/"},"modified":"2025-11-30T07:01:29","modified_gmt":"2025-11-30T07:01:29","slug":"apres-la-farine-jordan-bardella-recoit-un-oeuf-sur-la-tete-dans-le-tarn-et-garonne-liberation","status":"publish","type":"post","link":"https:\/\/www.europesays.com\/fr\/568302\/","title":{"rendered":"Apr\u00e8s la farine, Jordan Bardella re\u00e7oit un \u0153uf sur la t\u00eate dans le Tarn-et-Garonne \u2013 Lib\u00e9ration"},"content":{"rendered":"<p class=\"sc-cPiKLX AiZTS text-element\">Dans un d\u00e9partement <a href=\"https:\/\/www.liberation.fr\/politique\/legislatives-partielles-un-candidat-dextreme-droite-gagne-dans-le-tarn-et-garonne-la-candidate-renaissance-lemporte-dans-la-5e-des-francais-de-letranger-20251013_J7DOVRJXVBFWZGEYOL5B5ZJ7HQ\/\" target=\"_blank\" rel=\"noreferrer noopener\" title=\"https:\/\/www.liberation.fr\/politique\/legislatives-partielles-un-candidat-dextreme-droite-gagne-dans-le-tarn-et-garonne-la-candidate-renaissance-lemporte-dans-la-5e-des-francais-de-letranger-20251013_J7DOVRJXVBFWZGEYOL5B5ZJ7HQ\/\">qui vient pourtant d\u2019\u00e9lire un d\u00e9put\u00e9 d\u2019extr\u00eame droite<\/a>, Jordan Bardella a \u00e9t\u00e9 pris pour cible ce samedi 29 novembre apr\u00e8s-midi par un homme qui lui a \u00e9cras\u00e9 un \u0153uf sur la t\u00eate, selon le Figaro. Les faits ont eu lieu dans la ville de Moissac, alors que le pr\u00e9sident du Rassemblement national se trouvait en s\u00e9ance de d\u00e9dicaces de son nouveau livre Ce que veulent les Fran\u00e7ais.<\/p>\n<p class=\"sc-cPiKLX AiZTS text-element\">Exfiltr\u00e9 \u00abquelques minutes\u00bb selon le quotidien de droite, Jordan Bardella, indemne apr\u00e8s avoir retir\u00e9 les morceaux de coquille, a repris ses signatures.<\/p>\n<p class=\"sc-cPiKLX AiZTS text-element\">Le suspect, un homme \u00e2g\u00e9 d\u2019environ 70 ans, a arr\u00eat\u00e9 par les gendarmes pr\u00e9sents sur place. Il a \u00e9t\u00e9 plac\u00e9 en garde \u00e0 vue pour \u00abviolence sur personne d\u00e9positaire de l\u2019autorit\u00e9 publique sans incapacit\u00e9\u00bb, a fait savoir le parquet.<\/p>\n<p class=\"sc-cPiKLX AiZTS text-element\">Avant de s\u2019en prendre \u00e0 Jordan Bardella, le sexag\u00e9naire se trouvait dans la ligne d\u2019attente pour les signatures. A ce stade ni les gendarmes, ni le parquet n\u2019ont \u00e9t\u00e9 en mesure de pr\u00e9ciser si le gard\u00e9 \u00e0 vue a \u00e9t\u00e9 aper\u00e7u parmi un groupe de manifestants anti-RN, comme l\u2019a affirm\u00e9 le Rassemblement national.<\/p>\n<p class=\"sc-cPiKLX AiZTS text-element\">Une plainte a \u00e9t\u00e9 d\u00e9pos\u00e9e au nom de Jordan Bardella et du Rassemblement national, a ajout\u00e9 le parti.<\/p>\n<p class=\"sc-cPiKLX AiZTS text-element\">Mardi, le leader du RN avait \u00e9t\u00e9 enfarin\u00e9 lors de la visite d\u2019une foire agricole \u00e0 Vesoul et un lyc\u00e9en de 17 ans avait \u00e9t\u00e9 plac\u00e9 en garde \u00e0 vue avant d\u2019\u00eatre lib\u00e9r\u00e9 mercredi. Le mineur devra suivre un stage de citoyennet\u00e9.<\/p>\n","protected":false},"excerpt":{"rendered":"Dans un d\u00e9partement qui vient pourtant d\u2019\u00e9lire un d\u00e9put\u00e9 d\u2019extr\u00eame droite, Jordan Bardella a \u00e9t\u00e9 pris pour cible&hellip;\n","protected":false},"author":2,"featured_media":568303,"comment_status":"","ping_status":"","sticky":false,"template":"","format":"standard","meta":{"footnotes":""},"categories":[2],"tags":[11,1011,27,1077,12,2848],"class_list":{"0":"post-568302","1":"post","2":"type-post","3":"status-publish","4":"format-standard","5":"has-post-thumbnail","7":"category-actualites","8":"tag-actualites","9":"tag-fr","10":"tag-france","11":"tag-jordan-bardella","12":"tag-news","13":"tag-rn"},"share_on_mastodon":{"url":"https:\/\/pubeurope.com\/@fr\/115637366502011765","error":""},"_links":{"self":[{"href":"https:\/\/www.europesays.com\/fr\/wp-json\/wp\/v2\/posts\/568302","targetHints":{"allow":["GET"]}}],"collection":[{"href":"https:\/\/www.europesays.com\/fr\/wp-json\/wp\/v2\/posts"}],"about":[{"href":"https:\/\/www.europesays.com\/fr\/wp-json\/wp\/v2\/types\/post"}],"author":[{"embeddable":true,"href":"https:\/\/www.europesays.com\/fr\/wp-json\/wp\/v2\/users\/2"}],"replies":[{"embeddable":true,"href":"https:\/\/www.europesays.com\/fr\/wp-json\/wp\/v2\/comments?post=568302"}],"version-history":[{"count":0,"href":"https:\/\/www.europesays.com\/fr\/wp-json\/wp\/v2\/posts\/568302\/revisions"}],"wp:featuredmedia":[{"embeddable":true,"href":"https:\/\/www.europesays.com\/fr\/wp-json\/wp\/v2\/media\/568303"}],"wp:attachment":[{"href":"https:\/\/www.europesays.com\/fr\/wp-json\/wp\/v2\/media?parent=568302"}],"wp:term":[{"taxonomy":"category","embeddable":true,"href":"https:\/\/www.europesays.com\/fr\/wp-json\/wp\/v2\/categories?post=568302"},{"taxonomy":"post_tag","embeddable":true,"href":"https:\/\/www.europesays.com\/fr\/wp-json\/wp\/v2\/tags?post=568302"}],"curies":[{"name":"wp","href":"https:\/\/api.w.org\/{rel}","templated":true}]}}