{"id":568304,"date":"2025-11-30T07:03:23","date_gmt":"2025-11-30T07:03:23","guid":{"rendered":"https:\/\/www.europesays.com\/fr\/568304\/"},"modified":"2025-11-30T07:03:23","modified_gmt":"2025-11-30T07:03:23","slug":"asse-un-club-allemand-passe-a-loffensive-pour-stassin","status":"publish","type":"post","link":"https:\/\/www.europesays.com\/fr\/568304\/","title":{"rendered":"ASSE : un club allemand passe \u00e0 l&rsquo;offensive pour Stassin"},"content":{"rendered":"<p><strong>Le VfB Stuttgart s\u2019est positionn\u00e9 sur Lucas Stassin pour le mercato d\u2019hiver. Saint-\u00c9tienne ne ferme pas la porte, mais r\u00e9clamerait un montant XXL qui pourrait rebattre les cartes.<\/strong><\/p>\n<p>\u00c0 un mois de l\u2019ouverture du march\u00e9, le dossier Lucas Stassin s\u2019emballe. L\u2019attaquant belge de l\u2019AS Saint-\u00c9tienne est courtis\u00e9 par Stuttgart, club de haut de tableau en Bundesliga. D\u2019apr\u00e8s Florian Plettenberg (Sky Sport), discussions auraient \u00e9t\u00e9 engag\u00e9es autour du joueur qui a f\u00eat\u00e9 ses 21 ans ce samedi. Les Verts, de leur c\u00f4t\u00e9, auraient fix\u00e9 un prix dissuasif : entre 35 et 40 M\u20ac. Un signal clair envoy\u00e9 au march\u00e9 : il faudra payer fort pour d\u00e9loger le buteur du Forez.<\/p>\n<p>Un prix quasi prohibitif<\/p>\n<p>L\u2019ASSE a d\u00e9j\u00e0 repouss\u00e9 des approches l\u2019\u00e9t\u00e9 dernier et ne compte pas brader son atout offensif, recrut\u00e9 10 M\u20ac \u00e0 Westerlo en ao\u00fbt 2024. Stassin a inscrit 4 buts (et plusieurs passes d\u00e9cisives) en 13 rencontres de Ligue 2, avant sa blessure. Dans ce contexte, <strong>l\u2019int\u00e9r\u00eat de Stuttgart tombe \u00e0 pic pour le joueur et son entourage, alors que son p\u00e8re, St\u00e9phane Stassin, ne cache pas sa pr\u00e9f\u00e9rence pour l\u2019Allemagne<\/strong> \u2013 un championnat \u00ab top pour les attaquants \u00bb selon lui.<\/p>\n<p>Sportivement, le profil colle \u00e0 ce que recherche Stuttgart : un neuf mobile, agressif dans la surface, capable de se projeter vite. <strong>Financi\u00e8rement, en revanche, l\u2019\u00e9quation se corse<\/strong>. Dans un march\u00e9 qui flambe, la fourchette 35-40 M\u20ac \u00e9voqu\u00e9e installe un rapport de force avantageux pour l\u2019ASSE, d\u00e9sormais soutenue par une base financi\u00e8re plus solide.<\/p>\n<p>Reste la question du timing. La blessure au mollet pousse \u00e0 la prudence\u2026 mais pas \u00e0 l\u2019immobilisme. <strong>Stuttgart doit anticiper une deuxi\u00e8me partie de saison dense et scrute des alternatives si le prix grimpe trop haut<\/strong>. C\u00f4t\u00e9 st\u00e9phanois, la ligne est claire : seulement une offre premium fera bouger les lignes. En somme, le jeu de poker commence \u00e0 peine \u2013 et l\u2019ASSE tient, pour une fois, les meilleures cartes.<\/p>\n","protected":false},"excerpt":{"rendered":"Le VfB Stuttgart s\u2019est positionn\u00e9 sur Lucas Stassin pour le mercato d\u2019hiver. Saint-\u00c9tienne ne ferme pas la porte,&hellip;\n","protected":false},"author":2,"featured_media":568305,"comment_status":"","ping_status":"","sticky":false,"template":"","format":"standard","meta":{"footnotes":""},"categories":[9653],"tags":[1111,11,444,2430,1777,674,63,1011,27,17063,1434,12,25,4001,12500],"class_list":{"0":"post-568304","1":"post","2":"type-post","3":"status-publish","4":"format-standard","5":"has-post-thumbnail","7":"category-saint-etienne","8":"tag-actu","9":"tag-actualites","10":"tag-as-saint-etienne","11":"tag-auvergne-rhone-alpes","12":"tag-eu","13":"tag-europe","14":"tag-football","15":"tag-fr","16":"tag-france","17":"tag-lucas-stassin","18":"tag-mercato","19":"tag-news","20":"tag-republique-francaise","21":"tag-saint-etienne","22":"tag-stuttgart"},"share_on_mastodon":{"url":"https:\/\/pubeurope.com\/@fr\/115637374437739775","error":""},"_links":{"self":[{"href":"https:\/\/www.europesays.com\/fr\/wp-json\/wp\/v2\/posts\/568304","targetHints":{"allow":["GET"]}}],"collection":[{"href":"https:\/\/www.europesays.com\/fr\/wp-json\/wp\/v2\/posts"}],"about":[{"href":"https:\/\/www.europesays.com\/fr\/wp-json\/wp\/v2\/types\/post"}],"author":[{"embeddable":true,"href":"https:\/\/www.europesays.com\/fr\/wp-json\/wp\/v2\/users\/2"}],"replies":[{"embeddable":true,"href":"https:\/\/www.europesays.com\/fr\/wp-json\/wp\/v2\/comments?post=568304"}],"version-history":[{"count":0,"href":"https:\/\/www.europesays.com\/fr\/wp-json\/wp\/v2\/posts\/568304\/revisions"}],"wp:featuredmedia":[{"embeddable":true,"href":"https:\/\/www.europesays.com\/fr\/wp-json\/wp\/v2\/media\/568305"}],"wp:attachment":[{"href":"https:\/\/www.europesays.com\/fr\/wp-json\/wp\/v2\/media?parent=568304"}],"wp:term":[{"taxonomy":"category","embeddable":true,"href":"https:\/\/www.europesays.com\/fr\/wp-json\/wp\/v2\/categories?post=568304"},{"taxonomy":"post_tag","embeddable":true,"href":"https:\/\/www.europesays.com\/fr\/wp-json\/wp\/v2\/tags?post=568304"}],"curies":[{"name":"wp","href":"https:\/\/api.w.org\/{rel}","templated":true}]}}