{"id":568319,"date":"2025-11-30T07:14:27","date_gmt":"2025-11-30T07:14:27","guid":{"rendered":"https:\/\/www.europesays.com\/fr\/568319\/"},"modified":"2025-11-30T07:14:27","modified_gmt":"2025-11-30T07:14:27","slug":"toutes-editions-po-tennis-un-nul-contre-grenoble-suffira-pour-rejoindre-la-pro-a-sport","status":"publish","type":"post","link":"https:\/\/www.europesays.com\/fr\/568319\/","title":{"rendered":"Toutes Editions PO &#8211; Tennis. Un nul contre Grenoble suffira pour rejoindre la Pro A . Sport"},"content":{"rendered":"<p>La troisi\u00e8me rencontre pour le Snuc dans cette Pro B s\u2019est sold\u00e9e par une troisi\u00e8me victoire. Les Snucistes ont une nouvelle fois \u00e9t\u00e9 intraitables hier en tenant leur rang de \u00a0favori sur le papier\u00a0, devant un \u00a0club plein\u00a0 et une belle ambiance, d\u2019apr\u00e8s le capitaine S\u00e9bastien Tesson (5-1).<\/p>\n<p>\u00ab\u00a0Les joueurs ont eu une tr\u00e8s bonne attitude\u00a0\u00bb, appr\u00e9cie S\u00e9bastien Tesson<\/p>\n<p>Les semaines se suivent et se ressemblent donc pour le Snuc. Les Nantais ont r\u00e9alis\u00e9 un d\u00e9part canon gr\u00e2ce \u00e0 des simples ma\u00eetris\u00e9s, o\u00f9 Tabur, \u00a0plus fort\u00a0 que son adversaire, Poullain et Sakharov ont remport\u00e9 facilement leurs matches. Sabas a d\u00fb, quant \u00e0 lui, batailler mais a finalement trouv\u00e9 les clefs pour se sortir d\u2019un match pi\u00e8ge et \u00a0tr\u00e8s physique\u00a0, commentait Tesson, afin de permettre au Snuc de mener 4-0.<\/p>\n<p>La victoire d\u00e9j\u00e0 assur\u00e9e, il \u00e9tait tout de m\u00eame \u00a0tr\u00e8s important d\u2019aller gagner les deux\u00a0doubles pour soigner le match average\u00a0\u00bb, expliquait Tesson. La paire Reco\/Sakharov a \u00e9t\u00e9 solide pour s\u2019imposer en deux sets, comme la semaine derni\u00e8re \u00e0 Biarritz. Le capitaine nantais salue le \u00a0tr\u00e8s bon match\u00a0 de Reco tandis que le double form\u00e9 par Tabur et Poullain s\u2019est inclin\u00e9 au terme d\u2019une grosse bataille face \u00e0 des \u00a0adversaires conqu\u00e9rants\u00a0. <br \/>\u00a0\u00a0Les joueurs ont eu une tr\u00e8s bonne attitude jusqu\u2019au bout\u00a0, glissait le technicien snuciste.<\/p>\n<p>Avec neuf\u00a0points, le Snuc s\u2019installe confortablement en premi\u00e8re place de sa poule en \u00e9tant plus que jamais proche de la mont\u00e9e en Pro A. Pour confirmer cela, \u00a0un nul suffirait\u00a0 contre Grenoble, ce mercredi 3\u00a0d\u00e9cembre.<\/p>\n<p>\u00a0<\/p>\n<p>SNUC-VILLEMOMBLE<\/p>\n<p>5-1<\/p>\n<p>Simples. Tabur (N\u00b027, Snuc) bat Guerch (N\u00b068)\u00a0: 6-1, 6-3, Poullain (N\u00b042, Snuc) bat Furness (T100)\u00a0: 6-1, 7-5, Sabas (N\u00b085, Snuc) bat Livet Novkirichka (-4\/6)\u00a0: 7-6, 6-7, 10-3, Sakharov (-4\/6, Snuc) bat Valsecchi (-2\/6)\u00a0: 6-2, 6-4.<\/p>\n<p>Doubles. Guerch\/Livet Novkirichka battent Tabur\/Poullain (Snuc)\u00a0: 7-5, 4-6, 10-6, Reco\/Sakharov (Snuc) battent Furness\/Valsecchi\u00a0: 6-2, 6-3.<\/p>\n<p>\u00a0<\/p>\n","protected":false},"excerpt":{"rendered":"La troisi\u00e8me rencontre pour le Snuc dans cette Pro B s\u2019est sold\u00e9e par une troisi\u00e8me victoire. Les Snucistes&hellip;\n","protected":false},"author":2,"featured_media":568320,"comment_status":"","ping_status":"","sticky":false,"template":"","format":"standard","meta":{"footnotes":""},"categories":[9566],"tags":[1111,11,2430,3809,1465,1777,674,63,1011,27,2731,1792,1922,766,12,25,479,517,1470],"class_list":{"0":"post-568319","1":"post","2":"type-post","3":"status-publish","4":"format-standard","5":"has-post-thumbnail","7":"category-grenoble","8":"tag-actu","9":"tag-actualites","10":"tag-auvergne-rhone-alpes","11":"tag-ball","12":"tag-basket","13":"tag-eu","14":"tag-europe","15":"tag-football","16":"tag-fr","17":"tag-france","18":"tag-grenoble","19":"tag-handball","20":"tag-info","21":"tag-nantes","22":"tag-news","23":"tag-republique-francaise","24":"tag-rugby","25":"tag-sport","26":"tag-volley"},"share_on_mastodon":{"url":"https:\/\/pubeurope.com\/@fr\/115637417795687747","error":""},"_links":{"self":[{"href":"https:\/\/www.europesays.com\/fr\/wp-json\/wp\/v2\/posts\/568319","targetHints":{"allow":["GET"]}}],"collection":[{"href":"https:\/\/www.europesays.com\/fr\/wp-json\/wp\/v2\/posts"}],"about":[{"href":"https:\/\/www.europesays.com\/fr\/wp-json\/wp\/v2\/types\/post"}],"author":[{"embeddable":true,"href":"https:\/\/www.europesays.com\/fr\/wp-json\/wp\/v2\/users\/2"}],"replies":[{"embeddable":true,"href":"https:\/\/www.europesays.com\/fr\/wp-json\/wp\/v2\/comments?post=568319"}],"version-history":[{"count":0,"href":"https:\/\/www.europesays.com\/fr\/wp-json\/wp\/v2\/posts\/568319\/revisions"}],"wp:featuredmedia":[{"embeddable":true,"href":"https:\/\/www.europesays.com\/fr\/wp-json\/wp\/v2\/media\/568320"}],"wp:attachment":[{"href":"https:\/\/www.europesays.com\/fr\/wp-json\/wp\/v2\/media?parent=568319"}],"wp:term":[{"taxonomy":"category","embeddable":true,"href":"https:\/\/www.europesays.com\/fr\/wp-json\/wp\/v2\/categories?post=568319"},{"taxonomy":"post_tag","embeddable":true,"href":"https:\/\/www.europesays.com\/fr\/wp-json\/wp\/v2\/tags?post=568319"}],"curies":[{"name":"wp","href":"https:\/\/api.w.org\/{rel}","templated":true}]}}