{"id":568325,"date":"2025-11-30T07:20:16","date_gmt":"2025-11-30T07:20:16","guid":{"rendered":"https:\/\/www.europesays.com\/fr\/568325\/"},"modified":"2025-11-30T07:20:16","modified_gmt":"2025-11-30T07:20:16","slug":"la-cloche-a-fromage-ouvre-un-restaurant-de-raclette-ephemere-pendant-le-marche-de-noel","status":"publish","type":"post","link":"https:\/\/www.europesays.com\/fr\/568325\/","title":{"rendered":"La Cloche \u00e0 Fromage ouvre un restaurant de raclette \u00e9ph\u00e9m\u00e8re pendant le march\u00e9 de No\u00ebl"},"content":{"rendered":"<p>                    Par<br \/>\n        <strong><br \/>\n            <a href=\"https:\/\/actu.fr\/auteur\/ivan-capecchi\" title=\"Consulter tous les articles de Ivan CAPECCHI\" target=\"_blank\" rel=\"noopener\">Ivan CAPECCHI<\/a><br \/>\n                    <\/strong><\/p>\n<p>        Publi\u00e9 le<\/p>\n<p>            30 nov. 2025 \u00e0 7h02        <\/p>\n<p>Jusqu\u2019au 28 d\u00e9cembre 2025, l\u2019<a href=\"https:\/\/actu.fr\/grand-est\/strasbourg_67482\/sofitel-strasbourg-fete-ses-60-ans-decouvrez-10-faits-surprenants-sur-cet-hotel-emblematique_60511307.html\" target=\"_blank\" rel=\"noopener\">h\u00f4tel Sofitel Strasbourg Grande-\u00cele<\/a> accueille en son sein un restaurant \u00e9ph\u00e9m\u00e8re tenu par <strong>La Cloche \u00e0 Fromage<\/strong>.\u00a0<\/p>\n<p>Un restaurant de raclette \u00e9ph\u00e9m\u00e8re \u00e0 Strasbourg<\/p>\n<p class=\" wall-content\">Celui-ci est d\u00e9di\u00e9 aux <strong>raclettes<\/strong>.<\/p>\n<p class=\" wall-content\">Comptez <strong>38 \u20ac par personne<\/strong> pour une<strong> raclette du Jura au lait cru<\/strong> et<strong> 41 \u20ac<\/strong> <strong>par personne<\/strong> pour une raclette au <strong>morbier<\/strong> ou \u00e0 <strong>l\u2019ail des ours<\/strong>.<\/p>\n<p class=\" wall-content\">Des desserts, comme un <strong>baba aux agrumes<\/strong>, une <strong>coupe de fruits de saison<\/strong> ou une <strong>mousse au chocolat \u00e0 partager<\/strong>, sont \u00e9galement propos\u00e9s.<\/p>\n<p>Ouvert du jeudi au lundi<\/p>\n<p class=\" wall-content\">Le restaurant est<strong> ouvert du jeudi au lundi<\/strong>, le soir uniquement, avec <strong>deux services propos\u00e9s (18h30 puis 21h)<\/strong>.<\/p>\n<p class=\" wall-content\">Cependant, il sera<strong> ferm\u00e9 les 24 et 25 d\u00e9cembre.<\/strong><\/p>\n<p>Votre r\u00e9gion, votre actu !<\/p>\n<p>Recevez chaque jour les infos qui comptent pour vous.<\/p>\n<p>\t<a href=\"https:\/\/actu.fr\/newsletter\" class=\"ac-btn ac-btn--corner ac-btn--medium ac-btn--blue800\" target=\"_blank\" rel=\"noopener\">S&rsquo;incrire<\/a><br \/>\nAussi une mini-patinoire au Sofitel<\/p>\n<p class=\" wall-content\">A noter que, durant la p\u00e9riode du <a href=\"https:\/\/actu.fr\/tag\/marche-de-noel-de-strasbourg\" target=\"_blank\" rel=\"noopener\">march\u00e9 de No\u00ebl de Strasbourg<\/a> toujours, l\u2019h\u00f4tel Sofitel accueille \u00e9galement une <a href=\"https:\/\/www.google.com\/search?q=patinoire+sofitel+actu+fr&amp;rlz=1C1GCEA_enFR1154FR1154&amp;oq=patin&amp;gs_lcrp=EgZjaHJvbWUqBggAECMYJzIGCAAQIxgnMgYIARBFGDkyBggCEEUYQDIICAMQRRgnGDsyEggEEC4YQxivARjHARiABBiKBTIGCAUQRRg9MgYIBhBFGDwyBggHEEUYPdIBCDExMzBqMGo5qAIGsAIB8QWQRBR6u8NCRQ&amp;sourceid=chrome&amp;ie=UTF-8\" target=\"_blank\" rel=\"noopener\">mini-patinoire<\/a>.<\/p>\n<p class=\" wall-content\">Comptez\u00a0<strong>6 \u20ac les 30 minutes<\/strong>. La location des patins est offerte.<\/p>\n<p class=\" wall-content\">Personnalisez votre actualit\u00e9 en ajoutant vos villes et m\u00e9dias en favori avec <a href=\"https:\/\/moncompte.actu.fr\" title=\"D\u00e9couvez Mon Actu\" rel=\"nofollow noopener\" data-trk=\"{&quot;cta&quot;:{&quot;action&quot;:&quot;https:\\\/\\\/moncompte.actu.fr&quot;,&quot;category&quot;:&quot;mon compte&quot;,&quot;from&quot;:&quot;article footer&quot;,&quot;name&quot;:&quot;Mon actu&quot;,&quot;type&quot;:&quot;cta&quot;}}\" target=\"_blank\">Mon Actu<\/a>.<\/p>\n","protected":false},"excerpt":{"rendered":"Par Ivan CAPECCHI Publi\u00e9 le 30 nov. 2025 \u00e0 7h02 Jusqu\u2019au 28 d\u00e9cembre 2025, l\u2019h\u00f4tel Sofitel Strasbourg Grande-\u00cele&hellip;\n","protected":false},"author":2,"featured_media":568326,"comment_status":"","ping_status":"","sticky":false,"template":"","format":"standard","meta":{"footnotes":""},"categories":[2820],"tags":[1111,11,1777,674,1011,27,775,1652,12,25,1340,640],"class_list":{"0":"post-568325","1":"post","2":"type-post","3":"status-publish","4":"format-standard","5":"has-post-thumbnail","7":"category-strasbourg","8":"tag-actu","9":"tag-actualites","10":"tag-eu","11":"tag-europe","12":"tag-fr","13":"tag-france","14":"tag-grand-est","15":"tag-loisirs-culture","16":"tag-news","17":"tag-republique-francaise","18":"tag-restaurant","19":"tag-strasbourg"},"share_on_mastodon":{"url":"https:\/\/pubeurope.com\/@fr\/115637441325103307","error":""},"_links":{"self":[{"href":"https:\/\/www.europesays.com\/fr\/wp-json\/wp\/v2\/posts\/568325","targetHints":{"allow":["GET"]}}],"collection":[{"href":"https:\/\/www.europesays.com\/fr\/wp-json\/wp\/v2\/posts"}],"about":[{"href":"https:\/\/www.europesays.com\/fr\/wp-json\/wp\/v2\/types\/post"}],"author":[{"embeddable":true,"href":"https:\/\/www.europesays.com\/fr\/wp-json\/wp\/v2\/users\/2"}],"replies":[{"embeddable":true,"href":"https:\/\/www.europesays.com\/fr\/wp-json\/wp\/v2\/comments?post=568325"}],"version-history":[{"count":0,"href":"https:\/\/www.europesays.com\/fr\/wp-json\/wp\/v2\/posts\/568325\/revisions"}],"wp:featuredmedia":[{"embeddable":true,"href":"https:\/\/www.europesays.com\/fr\/wp-json\/wp\/v2\/media\/568326"}],"wp:attachment":[{"href":"https:\/\/www.europesays.com\/fr\/wp-json\/wp\/v2\/media?parent=568325"}],"wp:term":[{"taxonomy":"category","embeddable":true,"href":"https:\/\/www.europesays.com\/fr\/wp-json\/wp\/v2\/categories?post=568325"},{"taxonomy":"post_tag","embeddable":true,"href":"https:\/\/www.europesays.com\/fr\/wp-json\/wp\/v2\/tags?post=568325"}],"curies":[{"name":"wp","href":"https:\/\/api.w.org\/{rel}","templated":true}]}}