{"id":568329,"date":"2025-11-30T07:22:11","date_gmt":"2025-11-30T07:22:11","guid":{"rendered":"https:\/\/www.europesays.com\/fr\/568329\/"},"modified":"2025-11-30T07:22:11","modified_gmt":"2025-11-30T07:22:11","slug":"pres-de-nice-une-famille-trempait-dans-un-business-louche-leur-train-de-vie-luxueux-les-trahit","status":"publish","type":"post","link":"https:\/\/www.europesays.com\/fr\/568329\/","title":{"rendered":"Pr\u00e8s de Nice. Une famille trempait dans un business louche, leur train de vie luxueux les trahit"},"content":{"rendered":"<p>                    Par<br \/>\n        <strong><br \/>\n            <a href=\"https:\/\/actu.fr\/auteur\/ugo-maillard\" title=\"Consulter tous les articles de Ugo Maillard\" target=\"_blank\" rel=\"noopener\">Ugo Maillard<\/a><br \/>\n                    <\/strong><\/p>\n<p>        Publi\u00e9 le<\/p>\n<p>            30 nov. 2025 \u00e0 7h12        <\/p>\n<p>Un trop gros d\u00e9calage qui a alert\u00e9 les forces de l\u2019ordre. Les gendarmes des<a href=\"https:\/\/actu.fr\/provence-alpes-cote-d-azur\/alpes-maritimes_06\" target=\"_blank\" rel=\"noopener\"> Alpes-Maritimes<\/a> ont \u00e9t\u00e9 d\u00e9ploy\u00e9s en nombre le mardi 18\u00a0novembre 2025, dans le cadre d\u2019une vaste op\u00e9ration. Pr\u00e8s de <strong>quarante militaires<\/strong> de la compagnie de Menton ont proc\u00e9d\u00e9 \u00e0 des interpellations et des perquisitions dans plusieurs domiciles situ\u00e9s sur la C\u00f4te d\u2019Azur. Leur cible\u2009? <strong>Une famille<\/strong> et leurs proches qui pr\u00e9sentaient un train de vie luxueux, ce qui contrastait avec leurs revenus d\u00e9clar\u00e9s. Au total, cinq personnes appartenant \u00e0 une m\u00eame famille \u00e9taient interpell\u00e9es. Voici ce que l\u2019on sait.<\/p>\n<p>Un train de vie tr\u00e8s louche<\/p>\n<p class=\" wall-content\">Les premiers soup\u00e7ons naissent \u00e0 la fin de l\u2019ann\u00e9e 2024. Les gendarmes prennent connaissance d\u2019\u00e9l\u00e9ments concernant des personnes domicili\u00e9es \u00e0 Beaulieu-sur-Mer. Ces derniers semblent disposer d\u2019un train de vie sans rapport avec leurs revenus officiels, indiquent les gendarmes \u00e0 la r\u00e9daction d\u2019<a href=\"https:\/\/actu.fr\/nice\/\" target=\"_blank\" rel=\"noopener\">actu Nice<\/a>.<\/p>\n<p>    <a href=\"https:\/\/www.google.com\/maps\/embed?pb=!1m18!1m12!1m3!1d13719.01865366693!2d7.325703964460337!3d43.70912754583752!2m3!1f0!2f0!3f0!3m2!1i1024!2i768!4f13.1!3m3!1m2!1s0x12cddb4ad7495ecb%3A0x40819a5fd979f40!2sBeaulieu-sur-Mer!5e0!3m2!1sfr!2sfr!4v1764234673623!5m2!1sfr!2sfr\" title=\"Ouvrie le lien\" target=\"_blank\" rel=\"noopener\">Cliquez ici pour visualiser le contenu<\/a><\/p>\n<p class=\" wall-content\">Une enqu\u00eate pr\u00e9liminaire est alors ouverte par le p\u00f4le sp\u00e9cialis\u00e9 du parquet de Nice et confi\u00e9e \u00e0 la brigade de recherches de la compagnie de gendarmerie de Menton du chef notamment de <strong>trafic de stup\u00e9fiants<\/strong>.<\/p>\n<p class=\" wall-content\">Les revenus d\u00e9clar\u00e9s par les membres de la famille provenaient en grande majorit\u00e9 des aides de la Caisse d\u2019Allocations familiales (CAF). La r\u00e9alit\u00e9 est tout autre.<\/p>\n<blockquote class=\"ac-article-quote wall-content\">\n<p>Outre de nombreux achats d\u2019objets de grande valeur et des d\u00e9penses dans des \u00e9tablissements de luxe, des d\u00e9penses importantes et des gains dans des casinos \u00e9taient mis en \u00e9vidence. La circulation habituelle dans des v\u00e9hicules de luxe \u00e9tait \u00e9galement identifi\u00e9e.<\/p>\n<p>    <strong>Parquet de Nice<\/strong>\n            <\/p><\/blockquote>\n<p>Des produits de luxe saisis<\/p>\n<p class=\" wall-content\">Hormis les perquisitions \u00e0 Beaulieu-sur-Mer, les gendarmes sont \u00e9galement intervenus \u00e0 Monaco, ce qui a permis de confirmer le \u00ab\u2009train de vie fastueux des mis en cause sans aucun lien avec les revenus officiels\u2009\u00bb.<\/p>\n<p>Votre r\u00e9gion, votre actu !<\/p>\n<p>Recevez chaque jour les infos qui comptent pour vous.<\/p>\n<p>\t<a href=\"https:\/\/actu.fr\/newsletter\" class=\"ac-btn ac-btn--corner ac-btn--medium ac-btn--blue800\" target=\"_blank\" rel=\"noopener\">S&rsquo;incrire<\/a><\/p>\n<p class=\" wall-content\">Les militaires ont saisi 76\u2009000\u00a0euros en liquide, plusieurs montres de luxe dont cinq de marque Rolex, de la maroquinerie de luxe en grande quantit\u00e9, notamment de marque Vuitton, ainsi que deux voitures et deux scooters \u00e9taient saisis. Au total, le butin est estim\u00e9 \u00e0 290\u2009000\u00a0euros.<\/p>\n<p>Deux placements en d\u00e9tention provisoire<\/p>\n<p class=\" wall-content\">Des sommes et des biens luxueux en inad\u00e9quation avec le montant d\u00e9clar\u00e9. C\u2019est pour cette raison qu\u2019\u00e0 l\u2019issue des gardes \u00e0 vue, trois personnes, deux hommes et une femme ont \u00e9t\u00e9 d\u00e9f\u00e9r\u00e9s dans le cadre de l\u2019ouverture d\u2019une \u00ab\u2009information judiciaire des chefs de blanchiment de fraude fiscale en bande organis\u00e9e, blanchiment pr\u00e9sum\u00e9, fraude fiscale, non-justification de ressources, escroqueries au pr\u00e9judice d\u2019un organisme social, organisation frauduleuse de l\u2019insolvabilit\u00e9 et non justification de ressources\u2009\u00bb, pr\u00e9cise le parquet.<\/p>\n<blockquote class=\"ac-article-quote wall-content\">\n<p>Les deux hommes, fr\u00e8res n\u00e9s en 1982 et 1983, ont d\u00e9j\u00e0 \u00e9t\u00e9 condamn\u00e9s notamment dans des m\u00eames affaires pour des faits d\u2019extorsions, violences aggrav\u00e9es, infractions \u00e0 la l\u00e9gislation sur les armes et infractions \u00e0 la l\u00e9gislation sur les stup\u00e9fiants. Ils ont d\u00e9j\u00e0 \u00e9t\u00e9 incarc\u00e9r\u00e9s. La troisi\u00e8me personne, s\u0153ur des deux premiers, n\u2019a jamais \u00e9t\u00e9 condamn\u00e9e.<\/p>\n<p>    <strong>Parquet de Nice<\/strong>\n            <\/p><\/blockquote>\n<p class=\" wall-content\">Ils seront jug\u00e9s dans les prochains mois.<\/p>\n<p class=\" wall-content\">Personnalisez votre actualit\u00e9 en ajoutant vos villes et m\u00e9dias en favori avec <a href=\"https:\/\/moncompte.actu.fr\" title=\"D\u00e9couvez Mon Actu\" rel=\"nofollow noopener\" data-trk=\"{&quot;cta&quot;:{&quot;action&quot;:&quot;https:\\\/\\\/moncompte.actu.fr&quot;,&quot;category&quot;:&quot;mon compte&quot;,&quot;from&quot;:&quot;article footer&quot;,&quot;name&quot;:&quot;Mon actu&quot;,&quot;type&quot;:&quot;cta&quot;}}\" target=\"_blank\">Mon Actu<\/a>.<\/p>\n","protected":false},"excerpt":{"rendered":"Par Ugo Maillard Publi\u00e9 le 30 nov. 2025 \u00e0 7h12 Un trop gros d\u00e9calage qui a alert\u00e9 les&hellip;\n","protected":false},"author":2,"featured_media":568330,"comment_status":"","ping_status":"","sticky":false,"template":"","format":"standard","meta":{"footnotes":""},"categories":[2819],"tags":[1111,11,1052,1777,674,118,1011,27,3381,813,12,2401,882,25],"class_list":{"0":"post-568329","1":"post","2":"type-post","3":"status-publish","4":"format-standard","5":"has-post-thumbnail","7":"category-nice","8":"tag-actu","9":"tag-actualites","10":"tag-drogue","11":"tag-eu","12":"tag-europe","13":"tag-faits-divers","14":"tag-fr","15":"tag-france","16":"tag-gendarmerie","17":"tag-narcotrafiquants","18":"tag-news","19":"tag-nice","20":"tag-provence-alpes-cote-dazur","21":"tag-republique-francaise"},"share_on_mastodon":{"url":"https:\/\/pubeurope.com\/@fr\/115637449204255691","error":""},"_links":{"self":[{"href":"https:\/\/www.europesays.com\/fr\/wp-json\/wp\/v2\/posts\/568329","targetHints":{"allow":["GET"]}}],"collection":[{"href":"https:\/\/www.europesays.com\/fr\/wp-json\/wp\/v2\/posts"}],"about":[{"href":"https:\/\/www.europesays.com\/fr\/wp-json\/wp\/v2\/types\/post"}],"author":[{"embeddable":true,"href":"https:\/\/www.europesays.com\/fr\/wp-json\/wp\/v2\/users\/2"}],"replies":[{"embeddable":true,"href":"https:\/\/www.europesays.com\/fr\/wp-json\/wp\/v2\/comments?post=568329"}],"version-history":[{"count":0,"href":"https:\/\/www.europesays.com\/fr\/wp-json\/wp\/v2\/posts\/568329\/revisions"}],"wp:featuredmedia":[{"embeddable":true,"href":"https:\/\/www.europesays.com\/fr\/wp-json\/wp\/v2\/media\/568330"}],"wp:attachment":[{"href":"https:\/\/www.europesays.com\/fr\/wp-json\/wp\/v2\/media?parent=568329"}],"wp:term":[{"taxonomy":"category","embeddable":true,"href":"https:\/\/www.europesays.com\/fr\/wp-json\/wp\/v2\/categories?post=568329"},{"taxonomy":"post_tag","embeddable":true,"href":"https:\/\/www.europesays.com\/fr\/wp-json\/wp\/v2\/tags?post=568329"}],"curies":[{"name":"wp","href":"https:\/\/api.w.org\/{rel}","templated":true}]}}