{"id":568333,"date":"2025-11-30T07:24:18","date_gmt":"2025-11-30T07:24:18","guid":{"rendered":"https:\/\/www.europesays.com\/fr\/568333\/"},"modified":"2025-11-30T07:24:18","modified_gmt":"2025-11-30T07:24:18","slug":"des-jouets-collectes-pour-les-restos-du-coeur-et-la-croix-rouge","status":"publish","type":"post","link":"https:\/\/www.europesays.com\/fr\/568333\/","title":{"rendered":"des jouets collect\u00e9s pour les Restos du C\u0153ur et la Croix Rouge"},"content":{"rendered":"<p>                    Par<br \/>\n        <strong><br \/>\n            <a href=\"https:\/\/actu.fr\/auteur\/laure-gentil\" title=\"Consulter tous les articles de Laure Gentil\" target=\"_blank\" rel=\"noopener\">Laure Gentil<\/a><br \/>\n                    <\/strong><\/p>\n<p>        Publi\u00e9 le<\/p>\n<p>            30 nov. 2025 \u00e0 7h46        <\/p>\n<p>Le D\u00e9partement invite les habitantes et les habitants de Loire-Atlantique \u00ab\u2009\u00e0 faire un geste solidaire \u00e0 l\u2019occasion de No\u00ebl\u2009\u00bb. Du <b>lundi\u00a01er au vendredi 19\u00a0d\u00e9cembre<\/b>, ils pourront d\u00e9poser des jouets neufs \u00e0 sur 7 diff\u00e9rents sites. \u00c0 <b>Nantes<\/b>, il suffira d\u2019aller \u00e0<b> l\u2019H\u00f4tel du D\u00e9partement<\/b>, quai Ceineray et \u00e0 <b>D\u00e9l\u00e9gation Nantes,<\/b> au 26 boulevard Victor Hugo. Les jouets seront \u00ab\u2009ensuite redistribu\u00e9s par le Secours populaire, les <b>Restos du c\u0153ur et<\/b> <b>la Croix Rouge<\/b> \u00e0 des familles en difficult\u00e9\u2009\u00bb, indique le D\u00e9partement.<\/p>\n<p>Comment \u00e7a marche\u2009?<\/p>\n<p class=\" wall-content\">Il faut apporter un jouet neuf et sans emballage cadeau pour des enfants de 0 \u00e0 10\u00a0ans. La collecte se d\u00e9roule <b>du lundi\u00a01er au vendredi 19\u00a0d\u00e9cembre<\/b> (sauf le week-end), <b>de 10h \u00e0 17h<\/b>. Les d\u00e9l\u00e9gations sont ferm\u00e9es de 12\u2009h\u200930 \u00e0 13\u2009h\u200945.<\/p>\n<p class=\" wall-content\">Pourquoi un jouet neuf\u2009? \u00ab\u2009Les enfants des familles suivies re\u00e7oivent la plupart du temps des objets de seconde main (v\u00eatements, jouets), explique le D\u00e9partement, \u00ab\u2009Se voir offrir un jouet neuf, n\u2019ayant appartenu \u00e0 personne d\u2019autre, une fois dans l\u2019ann\u00e9e \u00e0 l\u2019occasion de No\u00ebl, est aussi symbolique\u2009!\u2009\u00bb<\/p>\n<p class=\" wall-content\">Les <b>jouets d\u2019occasion en parfait \u00e9tat <\/b>peuvent tout de m\u00eame \u00eatre donn\u00e9s au\u00a0Secours populaire, aux Restos du c\u0153ur et \u00e0 la Croix rouge \u00ab\u2009uniquement dans leurs locaux\u2009\u00bb.<\/p>\n<p class=\" wall-content\">Personnalisez votre actualit\u00e9 en ajoutant vos villes et m\u00e9dias en favori avec <a href=\"https:\/\/moncompte.actu.fr\" title=\"D\u00e9couvez Mon Actu\" rel=\"nofollow noopener\" data-trk=\"{&quot;cta&quot;:{&quot;action&quot;:&quot;https:\\\/\\\/moncompte.actu.fr&quot;,&quot;category&quot;:&quot;mon compte&quot;,&quot;from&quot;:&quot;article footer&quot;,&quot;name&quot;:&quot;Mon actu&quot;,&quot;type&quot;:&quot;cta&quot;}}\" target=\"_blank\">Mon Actu<\/a>.<\/p>\n","protected":false},"excerpt":{"rendered":"Par Laure Gentil Publi\u00e9 le 30 nov. 2025 \u00e0 7h46 Le D\u00e9partement invite les habitantes et les habitants&hellip;\n","protected":false},"author":2,"featured_media":568334,"comment_status":"","ping_status":"","sticky":false,"template":"","format":"standard","meta":{"footnotes":""},"categories":[2818],"tags":[1111,11,1719,1777,674,1011,27,766,12,15830,2636,25,104,3400],"class_list":{"0":"post-568333","1":"post","2":"type-post","3":"status-publish","4":"format-standard","5":"has-post-thumbnail","7":"category-nantes","8":"tag-actu","9":"tag-actualites","10":"tag-enfants","11":"tag-eu","12":"tag-europe","13":"tag-fr","14":"tag-france","15":"tag-nantes","16":"tag-news","17":"tag-noel","18":"tag-pays-de-la-loire","19":"tag-republique-francaise","20":"tag-societe","21":"tag-solidarite"},"share_on_mastodon":{"url":"https:\/\/pubeurope.com\/@fr\/115637457006147370","error":""},"_links":{"self":[{"href":"https:\/\/www.europesays.com\/fr\/wp-json\/wp\/v2\/posts\/568333","targetHints":{"allow":["GET"]}}],"collection":[{"href":"https:\/\/www.europesays.com\/fr\/wp-json\/wp\/v2\/posts"}],"about":[{"href":"https:\/\/www.europesays.com\/fr\/wp-json\/wp\/v2\/types\/post"}],"author":[{"embeddable":true,"href":"https:\/\/www.europesays.com\/fr\/wp-json\/wp\/v2\/users\/2"}],"replies":[{"embeddable":true,"href":"https:\/\/www.europesays.com\/fr\/wp-json\/wp\/v2\/comments?post=568333"}],"version-history":[{"count":0,"href":"https:\/\/www.europesays.com\/fr\/wp-json\/wp\/v2\/posts\/568333\/revisions"}],"wp:featuredmedia":[{"embeddable":true,"href":"https:\/\/www.europesays.com\/fr\/wp-json\/wp\/v2\/media\/568334"}],"wp:attachment":[{"href":"https:\/\/www.europesays.com\/fr\/wp-json\/wp\/v2\/media?parent=568333"}],"wp:term":[{"taxonomy":"category","embeddable":true,"href":"https:\/\/www.europesays.com\/fr\/wp-json\/wp\/v2\/categories?post=568333"},{"taxonomy":"post_tag","embeddable":true,"href":"https:\/\/www.europesays.com\/fr\/wp-json\/wp\/v2\/tags?post=568333"}],"curies":[{"name":"wp","href":"https:\/\/api.w.org\/{rel}","templated":true}]}}