{"id":568335,"date":"2025-11-30T07:25:27","date_gmt":"2025-11-30T07:25:27","guid":{"rendered":"https:\/\/www.europesays.com\/fr\/568335\/"},"modified":"2025-11-30T07:25:27","modified_gmt":"2025-11-30T07:25:27","slug":"nantes-avant-match-horaire-diffusion-tv","status":"publish","type":"post","link":"https:\/\/www.europesays.com\/fr\/568335\/","title":{"rendered":"Nantes : avant-match, horaire, diffusion TV"},"content":{"rendered":"<p>                            <img width=\"770\" height=\"433\" src=\"https:\/\/www.europesays.com\/fr\/wp-content\/uploads\/2025\/09\/TolissoOL-770x433.jpg\" class=\"attachment-article size-article wp-post-image\" alt=\"Corentin Tolisso lors d'OL - Nantes\" decoding=\"async\" fetchpriority=\"high\"  \/><\/p>\n<p>Corentin Tolisso lors d\u2019OL \u2013 Nantes \/ \u00a9loffprod<\/p>\n<p>Avant-match, horaire et diffusion TV, retrouvez les informations pratiques avant l&rsquo;affiche de la quatorzi\u00e8me journ\u00e9e entre l&rsquo;OL et le FC Nantes.<\/p>\n<p>Avant-match<\/p>\n<p>Trois semaines apr\u00e8s le final frustrant contre le PSG, l\u2019OL retrouve son stade ce dimanche soir. Apr\u00e8s un choc lors de la 12e journ\u00e9e, c\u2019est cette fois-ci une soir\u00e9e anniversaire qui attend les co\u00e9quipiers de Corentin Tolisso. En effet, la venue du FC Nantes, club historique du football fran\u00e7ais, intervient pour le dernier tour des festivit\u00e9s des 75 ans de l\u2019OL. Une journ\u00e9e plac\u00e9e sous le signe de la f\u00eate donc avec le lever de rideau de l\u2019OL L\u00e9gendes durant l\u2019apr\u00e8s-midi. Si la nostalgie prendra s\u00fbrement possession des supporters, mais il y a une actualit\u00e9 que personne ne peut oublier. Les Lyonnais n\u2019ont plus gagn\u00e9 en Ligue 1 depuis un mois et il y a urgence. Samedi, Monaco a gagn\u00e9 contre le PSG et donc fait un gros coup.<\/p>\n<p>Contre Nantes, seule la victoire sera belle pour f\u00eater dignement le 75e anniversaire du club et ainsi garder le contact avec le haut du classement. Pour ce rendez-vous de la 14e journ\u00e9e, Paulo Fonseca peut se satisfaire de voir son groupe un peu plus \u00e9toff\u00e9 qu\u2019il y a une semaine \u00e0 Auxerre. Nicolas Tagliafico, Tyler Morton et Hans Hateboer sont de retour de suspension tandis qu\u2019Orel Mangala signe une premi\u00e8re apparition dans le groupe lyonnais. Seul point noir pour le retour d\u2019Anthony Lopes \u00e0 D\u00e9cines, l\u2019absence de Clinton Mata, toujours pas remis apr\u00e8s sa sortie en Bourgogne il y a une semaine.<\/p>\n<p>\u00c0 quelle heure se joue OL &#8211; Nantes ?<\/p>\n<p>Si le d\u00e9but des festivit\u00e9s commencera \u00e0 16h avec le lever de rideau de l\u2019OL L\u00e9gendes au GOLTC, c\u2019est bien pour le match du prime time du dimanche soir que l\u2019OL a l\u2019honneur d\u2019\u00eatre diffus\u00e9. \u00c0 20h45, Abdelatif Kherradji donnera le coup d\u2019envoi, pour sa premi\u00e8re \u00e0 D\u00e9cines.<\/p>\n<p>Sur quelle cha\u00eene voir OL &#8211; Nantes ?<\/p>\n<p>Comme chaque dimanche soir, Ligue 1+ diffusera le dernier match du week-end. Xavier Domergue et Beno\u00eet Cheyrou assureront les commentaires. Marina Lorenzo et Guillaume Hoarau seront eux en bord de terrain et sur le plateau d\u2019avant-match au Parc OL.<\/p>\n","protected":false},"excerpt":{"rendered":"Corentin Tolisso lors d\u2019OL \u2013 Nantes \/ \u00a9loffprod Avant-match, horaire et diffusion TV, retrouvez les informations pratiques avant&hellip;\n","protected":false},"author":2,"featured_media":418566,"comment_status":"","ping_status":"","sticky":false,"template":"","format":"standard","meta":{"footnotes":""},"categories":[2818],"tags":[1111,11,1777,674,1011,27,66,766,12,241,978,2636,25],"class_list":{"0":"post-568335","1":"post","2":"type-post","3":"status-publish","4":"format-standard","5":"has-post-thumbnail","7":"category-nantes","8":"tag-actu","9":"tag-actualites","10":"tag-eu","11":"tag-europe","12":"tag-fr","13":"tag-france","14":"tag-ligue-1","15":"tag-nantes","16":"tag-news","17":"tag-ol","18":"tag-olympique-lyonnais","19":"tag-pays-de-la-loire","20":"tag-republique-francaise"},"share_on_mastodon":{"url":"https:\/\/pubeurope.com\/@fr\/115637461445879803","error":""},"_links":{"self":[{"href":"https:\/\/www.europesays.com\/fr\/wp-json\/wp\/v2\/posts\/568335","targetHints":{"allow":["GET"]}}],"collection":[{"href":"https:\/\/www.europesays.com\/fr\/wp-json\/wp\/v2\/posts"}],"about":[{"href":"https:\/\/www.europesays.com\/fr\/wp-json\/wp\/v2\/types\/post"}],"author":[{"embeddable":true,"href":"https:\/\/www.europesays.com\/fr\/wp-json\/wp\/v2\/users\/2"}],"replies":[{"embeddable":true,"href":"https:\/\/www.europesays.com\/fr\/wp-json\/wp\/v2\/comments?post=568335"}],"version-history":[{"count":0,"href":"https:\/\/www.europesays.com\/fr\/wp-json\/wp\/v2\/posts\/568335\/revisions"}],"wp:featuredmedia":[{"embeddable":true,"href":"https:\/\/www.europesays.com\/fr\/wp-json\/wp\/v2\/media\/418566"}],"wp:attachment":[{"href":"https:\/\/www.europesays.com\/fr\/wp-json\/wp\/v2\/media?parent=568335"}],"wp:term":[{"taxonomy":"category","embeddable":true,"href":"https:\/\/www.europesays.com\/fr\/wp-json\/wp\/v2\/categories?post=568335"},{"taxonomy":"post_tag","embeddable":true,"href":"https:\/\/www.europesays.com\/fr\/wp-json\/wp\/v2\/tags?post=568335"}],"curies":[{"name":"wp","href":"https:\/\/api.w.org\/{rel}","templated":true}]}}