{"id":568340,"date":"2025-11-30T07:28:12","date_gmt":"2025-11-30T07:28:12","guid":{"rendered":"https:\/\/www.europesays.com\/fr\/568340\/"},"modified":"2025-11-30T07:28:12","modified_gmt":"2025-11-30T07:28:12","slug":"fanfares-parades-avec-ses-75-chalets-ce-marche-de-noel-tres-attendu-est-de-retour-pres-de-toulouse","status":"publish","type":"post","link":"https:\/\/www.europesays.com\/fr\/568340\/","title":{"rendered":"Fanfares, parades\u2026 Avec ses 75 chalets, ce March\u00e9 de No\u00ebl tr\u00e8s attendu est de retour, pr\u00e8s de Toulouse"},"content":{"rendered":"<p>                    Par<br \/>\n        <strong><br \/>\n            <a href=\"https:\/\/actu.fr\/auteur\/gabriel-kenedi\" title=\"Consulter tous les articles de Gabriel Kenedi\" target=\"_blank\" rel=\"noopener\">Gabriel Kenedi<\/a><br \/>\n                    <\/strong><\/p>\n<p>        Publi\u00e9 le<\/p>\n<p>            30 nov. 2025 \u00e0 8h02        <\/p>\n<p>C\u2019est l\u2019un des march\u00e9s les plus pris\u00e9s de<a href=\"https:\/\/actu.fr\/toulouse\/\" target=\"_blank\" rel=\"noopener\"> l\u2019agglom\u00e9ration de <strong>Toulouse<\/strong><\/a><strong>\u00a0<\/strong>! Du mercredi 3 d\u00e9cembre au dimanche 7 d\u00e9cembre 2025, le tr\u00e8s populaire<strong> March\u00e9 de No\u00ebl de Blagnac<\/strong> va s\u2019installer au parc des Ramiers. Et voici le programme !\u00a0<\/p>\n<p>5 jours de c\u00e9l\u00e9brations\u00a0<\/p>\n<p class=\" wall-content\">Dans un parc des Ramiers relook\u00e9 pour l\u2019occasion, <strong>75 chalets<\/strong> vont accueillir les visiteurs dans une <strong>ambiance f\u00e9\u00e9rique<\/strong>. Au programme ? Vin<strong> chaud, aligot-saucisse et gaufres de Li\u00e8ge\u2026<\/strong> de nombreuses sp\u00e9cialit\u00e9s r\u00e9confortantes vous attendront !<\/p>\n<p class=\" wall-content\">Et si cherchez un cadeau \u00e0 offrir, vous pourrez fl\u00e2ner dans les all\u00e9es du march\u00e9 de No\u00ebl pour d\u00e9couvrir des bijoux, des v\u00eatements, des accessoires ou<strong> objets d\u2019art et d\u00e9coration<\/strong> des artisans-cr\u00e9ateurs.<\/p>\n<p>Fanfares, d\u00e9ambulations, animations\u00a0<\/p>\n<p class=\" wall-content\">Mais s\u2019il est aussi reconnu, c\u2019est que <strong>le march\u00e9 de No\u00ebl<\/strong> propose de nombreuses animations ! Durant toute la semaine du march\u00e9 de No\u00ebl, la ville s\u2019animera au rythme des fanfares, <strong>d\u00e9ambulations f\u00e9eriques<\/strong> et rencontres avec le P\u00e8re No\u00ebl.\u00a0<\/p>\n<p>Vid\u00e9os : en ce moment sur Actu<\/p>\n<p class=\" wall-content\">D\u00e8s le mercredi, la<strong> Locomotive de No\u00ebl<\/strong> (Collectif Loco Live) lancera les festivit\u00e9s (fanfare et d\u00e9ambulations de 15h 15h45 et de 18h15 \u00e0 19h). Des balades \u00e0 dos d\u2019\u00e2ne seront aussi au programme pour le plus grand bonheur des enfants, et plusieurs spectacles seront programm\u00e9s durant l\u2019apr\u00e8s-midi.\u00a0<\/p>\n<p class=\" wall-content\">Jeudi mettra \u00e0 l\u2019honneur la fanfare <strong>La Belle \u00c9toile<\/strong>, les vitrines des commer\u00e7ants ou encore un moment musical \u00e0 l\u2019\u00e9glise. Le vendredi se poursuivra entre humour musical avec <strong>Les lutins cr\u00e9tins<\/strong>, parades lumineuses du cirque Peps et du Conte du H\u00e9risson, ainsi qu\u2019un studio photo prolong\u00e9.<\/p>\n<p>Votre r\u00e9gion, votre actu !<\/p>\n<p>Recevez chaque jour les infos qui comptent pour vous.<\/p>\n<p>\t<a href=\"https:\/\/actu.fr\/newsletter\" class=\"ac-btn ac-btn--corner ac-btn--medium ac-btn--blue800\" target=\"_blank\" rel=\"noopener\">S&rsquo;incrire<\/a><br \/>\nSculpture sur glace, spectacle magique et parades\u00a0<\/p>\n<p class=\" wall-content\">Le samedi,<strong> journ\u00e9e la plus riche<\/strong>, offrira concerts, chorales, sculpture sur glace, nombreuses d\u00e9ambulations du renne de No\u00ebl, balades \u00e0 dos d\u2019\u00e2ne et un <strong>spectacle magique<\/strong> avant les grandes<strong> parades nocturnes<\/strong>.<\/p>\n<p class=\" wall-content\">Enfin, le dimanche r\u00e9unira ensembles vocaux, chorales, spectacles familiaux, renne d\u00e9ambulant, fanfare des Fanfarfadets, Gospel et parades enchant\u00e9es, toujours accompagn\u00e9 de la pr\u00e9sence du P\u00e8re No\u00ebl et du studio photo pour immortaliser ces instants.\u00a0<\/p>\n<p class=\" wall-content\">Voil\u00e0 qui promet !\u00a0<\/p>\n<p><strong>Infos pratiques :<\/strong><br \/>March\u00e9 de No\u00ebl de Blagnac<br \/>\nDu mercredi 3 au dimanche 7 d\u00e9cembre 2025<br \/>\nEntr\u00e9e libre<br \/>\nProgramme d\u00e9taill\u00e9 <a href=\"https:\/\/www.mairie-blagnac.fr\/actualites\/actualite\/marche-de-noel-2025-au-parc-des-ramiers-animations-chalets-et-illuminations\" target=\"_blank\" rel=\"noopener\">sur le site de la mairie de Blagnac.\u00a0<\/a><\/p>\n<p class=\" wall-content\">Personnalisez votre actualit\u00e9 en ajoutant vos villes et m\u00e9dias en favori avec <a href=\"https:\/\/moncompte.actu.fr\" title=\"D\u00e9couvez Mon Actu\" rel=\"nofollow noopener\" data-trk=\"{&quot;cta&quot;:{&quot;action&quot;:&quot;https:\\\/\\\/moncompte.actu.fr&quot;,&quot;category&quot;:&quot;mon compte&quot;,&quot;from&quot;:&quot;article footer&quot;,&quot;name&quot;:&quot;Mon actu&quot;,&quot;type&quot;:&quot;cta&quot;}}\" target=\"_blank\">Mon Actu<\/a>.<\/p>\n","protected":false},"excerpt":{"rendered":"Par Gabriel Kenedi Publi\u00e9 le 30 nov. 2025 \u00e0 8h02 C\u2019est l\u2019un des march\u00e9s les plus pris\u00e9s de&hellip;\n","protected":false},"author":2,"featured_media":568341,"comment_status":"","ping_status":"","sticky":false,"template":"","format":"standard","meta":{"footnotes":""},"categories":[2816],"tags":[1111,11,1777,674,1011,27,1652,12,15830,2680,25,1341,2312],"class_list":{"0":"post-568340","1":"post","2":"type-post","3":"status-publish","4":"format-standard","5":"has-post-thumbnail","7":"category-toulouse","8":"tag-actu","9":"tag-actualites","10":"tag-eu","11":"tag-europe","12":"tag-fr","13":"tag-france","14":"tag-loisirs-culture","15":"tag-news","16":"tag-noel","17":"tag-occitanie","18":"tag-republique-francaise","19":"tag-sortir-a-toulouse","20":"tag-toulouse"},"share_on_mastodon":{"url":"https:\/\/pubeurope.com\/@fr\/115637472862053748","error":""},"_links":{"self":[{"href":"https:\/\/www.europesays.com\/fr\/wp-json\/wp\/v2\/posts\/568340","targetHints":{"allow":["GET"]}}],"collection":[{"href":"https:\/\/www.europesays.com\/fr\/wp-json\/wp\/v2\/posts"}],"about":[{"href":"https:\/\/www.europesays.com\/fr\/wp-json\/wp\/v2\/types\/post"}],"author":[{"embeddable":true,"href":"https:\/\/www.europesays.com\/fr\/wp-json\/wp\/v2\/users\/2"}],"replies":[{"embeddable":true,"href":"https:\/\/www.europesays.com\/fr\/wp-json\/wp\/v2\/comments?post=568340"}],"version-history":[{"count":0,"href":"https:\/\/www.europesays.com\/fr\/wp-json\/wp\/v2\/posts\/568340\/revisions"}],"wp:featuredmedia":[{"embeddable":true,"href":"https:\/\/www.europesays.com\/fr\/wp-json\/wp\/v2\/media\/568341"}],"wp:attachment":[{"href":"https:\/\/www.europesays.com\/fr\/wp-json\/wp\/v2\/media?parent=568340"}],"wp:term":[{"taxonomy":"category","embeddable":true,"href":"https:\/\/www.europesays.com\/fr\/wp-json\/wp\/v2\/categories?post=568340"},{"taxonomy":"post_tag","embeddable":true,"href":"https:\/\/www.europesays.com\/fr\/wp-json\/wp\/v2\/tags?post=568340"}],"curies":[{"name":"wp","href":"https:\/\/api.w.org\/{rel}","templated":true}]}}